{"id":10358,"date":"2024-03-30T21:01:13","date_gmt":"2024-03-30T18:01:13","guid":{"rendered":"https:\/\/diagnozabam.ro\/sfaturi\/?p=10358"},"modified":"2025-04-02T13:37:56","modified_gmt":"2025-04-02T10:37:56","slug":"ford-intentioneaza-sa-construiasca-un-nou-suv-in-fabrica-sa-din-spania","status":"publish","type":"post","link":"https:\/\/diagnozabam.ro\/sfaturi\/ro\/blog\/ford-intentioneaza-sa-construiasca-un-nou-suv-in-fabrica-sa-din-spania\/","title":{"rendered":"Ford inten\u021bioneaz\u0103 s\u0103 construiasc\u0103 un nou SUV \u00een fabrica sa din Spania"},"content":{"rendered":"<h1>Ford inten\u021bioneaz\u0103 s\u0103 construiasc\u0103 un nou SUV \u00een fabrica sa din Spania<\/h1>\n<p><img decoding=\"async\" class=\"alignnone size-full wp-image-10359 aligncenter\" src=\"https:\/\/diagnozabam.ro\/sfaturi\/wp-content\/uploads\/2024\/03\/421664l-1000x640-b-4856109d.webp\" alt=\"Ford inten\u021bioneaz\u0103 s\u0103 construiasc\u0103 un nou SUV \u00een fabrica sa din Spania - 421664l 1000x640 b 4856109d\" width=\"1000\" height=\"640\" title=\"Ford inten\u021bioneaz\u0103 s\u0103 construiasc\u0103 un nou SUV \u00een fabrica sa din Spania - 421664l 1000x640 b 4856109d\"><\/p>\n<div class=\"flex-1 overflow-hidden\">\n<div class=\"react-scroll-to-bottom--css-ntosy-79elbk h-full\">\n<div class=\"react-scroll-to-bottom--css-ntosy-1n7m0yu\">\n<div class=\"flex flex-col text-sm pb-9\">\n<div class=\"w-full text-token-text-primary\" data-testid=\"conversation-turn-462\">\n<div class=\"px-4 py-2 justify-center text-base md:gap-6 m-auto\">\n<div class=\"flex flex-1 text-base mx-auto gap-3 md:px-5 lg:px-1 xl:px-5 md:max-w-3xl lg:max-w-[40rem] xl:max-w-[48rem] group final-completion\">\n<div class=\"relative flex w-full flex-col agent-turn\">\n<div class=\"flex-col gap-1 md:gap-3\">\n<div class=\"flex flex-grow flex-col max-w-full\">\n<div class=\"min-h-[20px] text-message flex flex-col items-start gap-3 whitespace-pre-wrap break-words [.text-message+&amp;]:mt-5 overflow-x-auto\" data-message-author-role=\"assistant\" data-message-id=\"82a43d1f-abd1-4b41-8f0d-8682cbe3de97\">\n<div class=\"markdown prose w-full break-words dark:prose-invert dark\">\n<p>Este o veste \u00eencurajatoare c\u0103 Ford ia \u00een considerare construirea unui nou <a href=\"https:\/\/diagnozabam.ro\/sfaturi\/ro\/blog\/break-sau-berlina-alegerea-perfecta-pentru-stilul-tau-de-viata\/\">SUV<\/a> \u00een fabrica sa din Valencia, Spania. Aceast\u0103 decizie ar putea aduce beneficii semnificative pentru economia local\u0103 \u0219i pentru muncitorii din regiune.<\/p>\n<p>Posibilitatea de a angaja \u00eenc\u0103 4.800 de persoane este un semn pozitiv pentru comunitatea local\u0103 \u0219i pentru <a href=\"https:\/\/diagnozabam.ro\/sfaturi\/ro\/blog\/dictionar-de-termeni-pentru-bateriile-vehiculelor-electrice\/\">industria auto<\/a> spaniol\u0103 \u00een general. Este de remarcat c\u0103 Ford dore\u0219te s\u0103 r\u0103m\u00e2n\u0103 competitiv\u0103 pe pia\u021ba european\u0103 \u0219i s\u0103-\u0219i extind\u0103 gama de produse pentru a r\u0103spunde cererii \u00een continu\u0103 schimbare.<\/p>\n<p>Detaliile precise despre noul <a href=\"https:\/\/diagnozabam.ro\/sfaturi\/ro\/blog\/break-sau-berlina-alegerea-perfecta-pentru-stilul-tau-de-viata\/\">SUV<\/a> \u0219i despre planurile exacte ale Ford \u00eenc\u0103 nu au fost divulgate, dar se pare c\u0103 acesta ar putea fi un model <a href=\"https:\/\/diagnozabam.ro\/sfaturi\/ro\/blog\/ce-inseamna-prnds-si-b-in-transmisia-automata\/\">hibrid<\/a> \u0219i un vehicul complet nou, ceea ce ar putea indica o abordare orientat\u0103 c\u0103tre viitor \u0219i c\u0103tre tehnologiile de propulsie alternativ\u0103.<\/p>\n<p>Aceast\u0103 mi\u0219care vine \u00een contextul \u00een care Ford \u00ee\u0219i reorienteaz\u0103 produc\u021bia c\u0103tre vehiculele <a href=\"https:\/\/diagnozabam.ro\/sfaturi\/ro\/blog\/autonomie-masini-electrice-2026-ce-modele-conduc-topul\/\">electrice<\/a> \u0219i hibride, iar faptul c\u0103 Valencia va juca un rol important \u00een produc\u021bia viitoarelor vehicule <a href=\"https:\/\/diagnozabam.ro\/sfaturi\/ro\/blog\/autonomie-masini-electrice-2026-ce-modele-conduc-topul\/\">electrice<\/a> este \u00eenc\u0103 un semn c\u0103 Ford investe\u0219te \u00een viitorul mobilit\u0103\u021bii durabile.<\/p>\n<p>\u00cen concluzie, posibilitatea construirii unui nou <a href=\"https:\/\/diagnozabam.ro\/sfaturi\/ro\/blog\/break-sau-berlina-alegerea-perfecta-pentru-stilul-tau-de-viata\/\">SUV<\/a> \u00een fabrica din Valencia este o veste promi\u021b\u0103toare pentru <a href=\"https:\/\/diagnozabam.ro\/sfaturi\/ro\/blog\/dictionar-de-termeni-pentru-bateriile-vehiculelor-electrice\/\">industria auto<\/a> spaniol\u0103 \u0219i pentru economia local\u0103, consolid\u00e2nd pozi\u021bia Spaniei ca un hub important \u00een produc\u021bia de vehicule \u00een Europa.<\/p>\n<\/div>\n<\/div>\n<\/div>\n<\/div>\n<\/div>\n<\/div>\n<\/div>\n<\/div>\n<\/div>\n<\/div>\n<\/div>\n<\/div>\n","protected":false},"excerpt":{"rendered":"<p>Este o veste \u00eencurajatoare c\u0103 Ford ia \u00een considerare construirea unui nou SUV \u00een fabrica sa din Valencia, Spania. Aceast\u0103 decizie ar putea aduce beneficii semnificative pentru economia local\u0103 \u0219i&hellip;<\/p>\n","protected":false},"author":1,"featured_media":10359,"comment_status":"open","ping_status":"closed","sticky":false,"template":"","format":"standard","meta":{"_sitemap_exclude":false,"_sitemap_priority":"","_sitemap_frequency":"","footnotes":"","jetpack_publicize_message":"","jetpack_publicize_feature_enabled":true,"jetpack_social_post_already_shared":true,"jetpack_social_options":{"image_generator_settings":{"template":"highway","default_image_id":0,"font":"","enabled":false},"version":2},"jetpack_post_was_ever_published":false},"categories":[357],"tags":[3846,4146,4139,7336,7337,254,7338,7339,7340,7341,7335,7343,1776,3492,3757,4148,7342,265,1566,7344,267,3525,5542],"class_list":["post-10358","post","type-post","status-publish","format-standard","has-post-thumbnail","hentry","category-stiri","tag-competitivitate","tag-economie-locala","tag-fabrica","tag-fabrica-ford-spania","tag-fabrica-ford-suv","tag-ford","tag-ford-fabrica","tag-ford-spania","tag-ford-spania-suv","tag-ford-suv","tag-ford-valencia","tag-gama-de-produse","tag-hibrid","tag-industria-auto","tag-investitii","tag-mobilitate-durabila","tag-muncitori","tag-spania","tag-suv","tag-tehnologii-de-propulsie-alternativa","tag-valencia","tag-vehicul-electric","tag-viitor"],"yoast_head":"<!-- This site is optimized with the Yoast SEO Premium plugin v27.7 (Yoast SEO v28.4) - https:\/\/yoast.com\/product\/yoast-seo-premium-wordpress\/ -->\n<title>Ford inten\u021bioneaz\u0103 s\u0103 construiasc\u0103 un nou SUV \u00een fabrica sa din Spania - Diagnoza BAM<\/title>\n<meta name=\"description\" content=\"Este o veste \u00eencurajatoare c\u0103 Ford ia \u00een considerare construirea unui nou SUV \u00een fabrica sa din Valencia, Spania. Aceast\u0103...\" \/>\n<meta name=\"robots\" content=\"index, follow, max-snippet:-1, max-image-preview:large, max-video-preview:-1\" \/>\n<link rel=\"canonical\" href=\"https:\/\/diagnozabam.ro\/sfaturi\/ro\/blog\/ford-intentioneaza-sa-construiasca-un-nou-suv-in-fabrica-sa-din-spania\/\" \/>\n<meta property=\"og:locale\" content=\"ro_RO\" \/>\n<meta property=\"og:type\" content=\"article\" \/>\n<meta property=\"og:title\" content=\"Ford inten\u021bioneaz\u0103 s\u0103 construiasc\u0103 un nou SUV \u00een fabrica sa din Spania\" \/>\n<meta property=\"og:description\" content=\"Este o veste \u00eencurajatoare c\u0103 Ford ia \u00een considerare construirea unui nou SUV \u00een fabrica sa din Valencia, Spania. Aceast\u0103 decizie ar putea aduce beneficii semnificative pentru economia local\u0103 \u0219i&hellip;\" \/>\n<meta property=\"og:url\" content=\"https:\/\/diagnozabam.ro\/sfaturi\/ro\/blog\/ford-intentioneaza-sa-construiasca-un-nou-suv-in-fabrica-sa-din-spania\/\" \/>\n<meta property=\"og:site_name\" content=\"Diagnoza BAM\" \/>\n<meta property=\"article:publisher\" content=\"https:\/\/www.facebook.com\/diagnozabam\" \/>\n<meta property=\"article:published_time\" content=\"2024-03-30T18:01:13+00:00\" \/>\n<meta property=\"article:modified_time\" content=\"2025-04-02T10:37:56+00:00\" \/>\n<meta property=\"og:image\" content=\"https:\/\/diagnozabam.ro\/sfaturi\/wp-content\/uploads\/2024\/03\/ford-intentioneaza-sa-construiasca-un-nou-suv-in-fabrica-sa-din-spania.webp\" \/>\n\t<meta property=\"og:image:width\" content=\"1000\" \/>\n\t<meta property=\"og:image:height\" content=\"640\" \/>\n\t<meta property=\"og:image:type\" content=\"image\/webp\" \/>\n<meta name=\"author\" content=\"Bejenaru Alexandru Ionut\" \/>\n<meta name=\"twitter:card\" content=\"summary_large_image\" \/>\n<meta name=\"twitter:label1\" content=\"Scris de\" \/>\n\t<meta name=\"twitter:data1\" content=\"Bejenaru Alexandru Ionut\" \/>\n\t<meta name=\"twitter:label2\" content=\"Timp estimat pentru citire\" \/>\n\t<meta name=\"twitter:data2\" content=\"2 minute\" \/>\n<script type=\"application\/ld+json\" class=\"yoast-schema-graph\">{\"@context\":\"https:\\\/\\\/schema.org\",\"@graph\":[{\"@type\":\"NewsArticle\",\"@id\":\"https:\\\/\\\/diagnozabam.ro\\\/sfaturi\\\/ro\\\/blog\\\/ford-intentioneaza-sa-construiasca-un-nou-suv-in-fabrica-sa-din-spania\\\/#article\",\"isPartOf\":{\"@id\":\"https:\\\/\\\/diagnozabam.ro\\\/sfaturi\\\/ro\\\/blog\\\/ford-intentioneaza-sa-construiasca-un-nou-suv-in-fabrica-sa-din-spania\\\/\"},\"author\":{\"name\":\"Bejenaru Alexandru Ionut\",\"@id\":\"https:\\\/\\\/diagnozabam.ro\\\/sfaturi\\\/#\\\/schema\\\/person\\\/77202adf825f4528d9ba9ab5b4ffafec\"},\"headline\":\"Ford inten\u021bioneaz\u0103 s\u0103 construiasc\u0103 un nou SUV \u00een fabrica sa din Spania\",\"datePublished\":\"2024-03-30T18:01:13+00:00\",\"dateModified\":\"2025-04-02T10:37:56+00:00\",\"mainEntityOfPage\":{\"@id\":\"https:\\\/\\\/diagnozabam.ro\\\/sfaturi\\\/ro\\\/blog\\\/ford-intentioneaza-sa-construiasca-un-nou-suv-in-fabrica-sa-din-spania\\\/\"},\"wordCount\":250,\"commentCount\":0,\"publisher\":{\"@id\":\"https:\\\/\\\/diagnozabam.ro\\\/sfaturi\\\/#organization\"},\"image\":{\"@id\":\"https:\\\/\\\/diagnozabam.ro\\\/sfaturi\\\/ro\\\/blog\\\/ford-intentioneaza-sa-construiasca-un-nou-suv-in-fabrica-sa-din-spania\\\/#primaryimage\"},\"thumbnailUrl\":\"https:\\\/\\\/diagnozabam.ro\\\/sfaturi\\\/wp-content\\\/uploads\\\/2024\\\/03\\\/ford-intentioneaza-sa-construiasca-un-nou-suv-in-fabrica-sa-din-spania-mfrh-original.webp\",\"keywords\":[\"competitivitate\",\"economie local\u0103\",\"fabric\u0103\",\"fabric\u0103 ford spania\",\"fabric\u0103 ford suv\",\"Ford\",\"ford fabric\u0103\",\"ford spania\",\"ford spania suv\",\"ford suv\",\"Ford Valencia\",\"Gama de produse\",\"hibrid\",\"industria auto\",\"investi\u021bii\",\"mobilitate durabil\u0103\",\"Muncitori\",\"Spania\",\"SUV\",\"Tehnologii de propulsie alternativ\u0103\",\"Valencia\",\"vehicul electric\",\"viitor\"],\"articleSection\":[\"\u0218tiri\"],\"inLanguage\":\"ro-RO\",\"potentialAction\":[{\"@type\":\"CommentAction\",\"name\":\"Comment\",\"target\":[\"https:\\\/\\\/diagnozabam.ro\\\/sfaturi\\\/ro\\\/blog\\\/ford-intentioneaza-sa-construiasca-un-nou-suv-in-fabrica-sa-din-spania\\\/#respond\"]}]},{\"@type\":\"WebPage\",\"@id\":\"https:\\\/\\\/diagnozabam.ro\\\/sfaturi\\\/ro\\\/blog\\\/ford-intentioneaza-sa-construiasca-un-nou-suv-in-fabrica-sa-din-spania\\\/\",\"url\":\"https:\\\/\\\/diagnozabam.ro\\\/sfaturi\\\/ro\\\/blog\\\/ford-intentioneaza-sa-construiasca-un-nou-suv-in-fabrica-sa-din-spania\\\/\",\"name\":\"Ford inten\u021bioneaz\u0103 s\u0103 construiasc\u0103 un nou SUV \u00een fabrica sa din Spania - Diagnoza BAM\",\"isPartOf\":{\"@id\":\"https:\\\/\\\/diagnozabam.ro\\\/sfaturi\\\/#website\"},\"primaryImageOfPage\":{\"@id\":\"https:\\\/\\\/diagnozabam.ro\\\/sfaturi\\\/ro\\\/blog\\\/ford-intentioneaza-sa-construiasca-un-nou-suv-in-fabrica-sa-din-spania\\\/#primaryimage\"},\"image\":{\"@id\":\"https:\\\/\\\/diagnozabam.ro\\\/sfaturi\\\/ro\\\/blog\\\/ford-intentioneaza-sa-construiasca-un-nou-suv-in-fabrica-sa-din-spania\\\/#primaryimage\"},\"thumbnailUrl\":\"https:\\\/\\\/diagnozabam.ro\\\/sfaturi\\\/wp-content\\\/uploads\\\/2024\\\/03\\\/ford-intentioneaza-sa-construiasca-un-nou-suv-in-fabrica-sa-din-spania-mfrh-original.webp\",\"datePublished\":\"2024-03-30T18:01:13+00:00\",\"dateModified\":\"2025-04-02T10:37:56+00:00\",\"description\":\"Este o veste \u00eencurajatoare c\u0103 Ford ia \u00een considerare construirea unui nou SUV \u00een fabrica sa din Valencia, Spania. Aceast\u0103 decizie ar putea aduce beneficii semnificative pentru economia local\u0103 \u0219i&hellip;\",\"breadcrumb\":{\"@id\":\"https:\\\/\\\/diagnozabam.ro\\\/sfaturi\\\/ro\\\/blog\\\/ford-intentioneaza-sa-construiasca-un-nou-suv-in-fabrica-sa-din-spania\\\/#breadcrumb\"},\"inLanguage\":\"ro-RO\",\"potentialAction\":[{\"@type\":\"ReadAction\",\"target\":[\"https:\\\/\\\/diagnozabam.ro\\\/sfaturi\\\/ro\\\/blog\\\/ford-intentioneaza-sa-construiasca-un-nou-suv-in-fabrica-sa-din-spania\\\/\"]}]},{\"@type\":\"ImageObject\",\"inLanguage\":\"ro-RO\",\"@id\":\"https:\\\/\\\/diagnozabam.ro\\\/sfaturi\\\/ro\\\/blog\\\/ford-intentioneaza-sa-construiasca-un-nou-suv-in-fabrica-sa-din-spania\\\/#primaryimage\",\"url\":\"https:\\\/\\\/diagnozabam.ro\\\/sfaturi\\\/wp-content\\\/uploads\\\/2024\\\/03\\\/ford-intentioneaza-sa-construiasca-un-nou-suv-in-fabrica-sa-din-spania-mfrh-original.webp\",\"contentUrl\":\"https:\\\/\\\/diagnozabam.ro\\\/sfaturi\\\/wp-content\\\/uploads\\\/2024\\\/03\\\/ford-intentioneaza-sa-construiasca-un-nou-suv-in-fabrica-sa-din-spania-mfrh-original.webp\",\"width\":1000,\"height\":640,\"caption\":\"ford intentioneaza sa construiasca un nou suv in fabrica sa din spania mfrh original\"},{\"@type\":\"BreadcrumbList\",\"@id\":\"https:\\\/\\\/diagnozabam.ro\\\/sfaturi\\\/ro\\\/blog\\\/ford-intentioneaza-sa-construiasca-un-nou-suv-in-fabrica-sa-din-spania\\\/#breadcrumb\",\"itemListElement\":[{\"@type\":\"ListItem\",\"position\":1,\"name\":\"Home\",\"item\":\"https:\\\/\\\/diagnozabam.ro\\\/sfaturi\\\/\"},{\"@type\":\"ListItem\",\"position\":2,\"name\":\"Ford inten\u021bioneaz\u0103 s\u0103 construiasc\u0103 un nou SUV \u00een fabrica sa din Spania\"}]},{\"@type\":\"WebSite\",\"@id\":\"https:\\\/\\\/diagnozabam.ro\\\/sfaturi\\\/#website\",\"url\":\"https:\\\/\\\/diagnozabam.ro\\\/sfaturi\\\/\",\"name\":\"Diagnoza BAM\",\"description\":\"Independent Auto Diagnostics, Tech Analysis and Smart Insights\",\"publisher\":{\"@id\":\"https:\\\/\\\/diagnozabam.ro\\\/sfaturi\\\/#organization\"},\"alternateName\":\"DBAM\",\"potentialAction\":[{\"@type\":\"SearchAction\",\"target\":{\"@type\":\"EntryPoint\",\"urlTemplate\":\"https:\\\/\\\/diagnozabam.ro\\\/sfaturi\\\/?s={search_term_string}\"},\"query-input\":{\"@type\":\"PropertyValueSpecification\",\"valueRequired\":true,\"valueName\":\"search_term_string\"}}],\"inLanguage\":\"ro-RO\"},{\"@type\":\"Organization\",\"@id\":\"https:\\\/\\\/diagnozabam.ro\\\/sfaturi\\\/#organization\",\"name\":\"Diagnoza BAM\",\"alternateName\":\"DBAM\",\"url\":\"https:\\\/\\\/diagnozabam.ro\\\/sfaturi\\\/\",\"logo\":{\"@type\":\"ImageObject\",\"inLanguage\":\"ro-RO\",\"@id\":\"https:\\\/\\\/diagnozabam.ro\\\/sfaturi\\\/#\\\/schema\\\/logo\\\/image\\\/\",\"url\":\"https:\\\/\\\/diagnozabam.ro\\\/sfaturi\\\/wp-content\\\/uploads\\\/2025\\\/11\\\/logo-diagnoza-bam-imagine.webp\",\"contentUrl\":\"https:\\\/\\\/diagnozabam.ro\\\/sfaturi\\\/wp-content\\\/uploads\\\/2025\\\/11\\\/logo-diagnoza-bam-imagine.webp\",\"width\":512,\"height\":512,\"caption\":\"Diagnoza BAM\"},\"image\":{\"@id\":\"https:\\\/\\\/diagnozabam.ro\\\/sfaturi\\\/#\\\/schema\\\/logo\\\/image\\\/\"},\"sameAs\":[\"https:\\\/\\\/www.facebook.com\\\/diagnozabam\",\"https:\\\/\\\/mastodon.social\\\/@diagnozabam\",\"https:\\\/\\\/bsky.app\\\/profile\\\/did:plc:f4cmgfa3nv33bch7p3wgwchr\",\"https:\\\/\\\/www.tumblr.com\\\/diagbam\"],\"description\":\"Independent publishing platform focused on automotive diagnostics, OBD2 analysis, repair cost breakdowns, technology insights and practical technical guides.\",\"email\":\"redactie@diagnozabam.ro\",\"foundingDate\":\"2023-02-16\"},{\"@type\":\"Person\",\"@id\":\"https:\\\/\\\/diagnozabam.ro\\\/sfaturi\\\/#\\\/schema\\\/person\\\/77202adf825f4528d9ba9ab5b4ffafec\",\"name\":\"Bejenaru Alexandru Ionut\",\"image\":{\"@type\":\"ImageObject\",\"inLanguage\":\"ro-RO\",\"@id\":\"https:\\\/\\\/secure.gravatar.com\\\/avatar\\\/96634b44a266a571c59a5e82fc6f12edfb6876914735dbc57aa2348d11395470?s=96&d=mm&r=g\",\"url\":\"https:\\\/\\\/secure.gravatar.com\\\/avatar\\\/96634b44a266a571c59a5e82fc6f12edfb6876914735dbc57aa2348d11395470?s=96&d=mm&r=g\",\"contentUrl\":\"https:\\\/\\\/secure.gravatar.com\\\/avatar\\\/96634b44a266a571c59a5e82fc6f12edfb6876914735dbc57aa2348d11395470?s=96&d=mm&r=g\",\"caption\":\"Bejenaru Alexandru Ionut\"},\"sameAs\":[\"https:\\\/\\\/diagnozabam.ro\"],\"honorificPrefix\":\"Mr.\",\"birthDate\":\"1997-12-23\",\"url\":\"https:\\\/\\\/diagnozabam.ro\\\/sfaturi\\\/blog\\\/author\\\/bejenaru-alexandru-ionut\\\/\"}]}<\/script>\n<!-- \/ Yoast SEO Premium plugin. -->","yoast_head_json":{"title":"Ford inten\u021bioneaz\u0103 s\u0103 construiasc\u0103 un nou SUV \u00een fabrica sa din Spania - Diagnoza BAM","description":"Este o veste \u00eencurajatoare c\u0103 Ford ia \u00een considerare construirea unui nou SUV \u00een fabrica sa din Valencia, Spania. Aceast\u0103...","robots":{"index":"index","follow":"follow","max-snippet":"max-snippet:-1","max-image-preview":"max-image-preview:large","max-video-preview":"max-video-preview:-1"},"canonical":"https:\/\/diagnozabam.ro\/sfaturi\/ro\/blog\/ford-intentioneaza-sa-construiasca-un-nou-suv-in-fabrica-sa-din-spania\/","og_locale":"ro_RO","og_type":"article","og_title":"Ford inten\u021bioneaz\u0103 s\u0103 construiasc\u0103 un nou SUV \u00een fabrica sa din Spania","og_description":"Este o veste \u00eencurajatoare c\u0103 Ford ia \u00een considerare construirea unui nou SUV \u00een fabrica sa din Valencia, Spania. Aceast\u0103 decizie ar putea aduce beneficii semnificative pentru economia local\u0103 \u0219i&hellip;","og_url":"https:\/\/diagnozabam.ro\/sfaturi\/ro\/blog\/ford-intentioneaza-sa-construiasca-un-nou-suv-in-fabrica-sa-din-spania\/","og_site_name":"Diagnoza BAM","article_publisher":"https:\/\/www.facebook.com\/diagnozabam","article_published_time":"2024-03-30T18:01:13+00:00","article_modified_time":"2025-04-02T10:37:56+00:00","og_image":[{"width":1000,"height":640,"url":"https:\/\/diagnozabam.ro\/sfaturi\/wp-content\/uploads\/2024\/03\/ford-intentioneaza-sa-construiasca-un-nou-suv-in-fabrica-sa-din-spania.webp","type":"image\/webp"}],"author":"Bejenaru Alexandru Ionut","twitter_card":"summary_large_image","twitter_misc":{"Scris de":"Bejenaru Alexandru Ionut","Timp estimat pentru citire":"2 minute"},"schema":{"@context":"https:\/\/schema.org","@graph":[{"@type":"NewsArticle","@id":"https:\/\/diagnozabam.ro\/sfaturi\/ro\/blog\/ford-intentioneaza-sa-construiasca-un-nou-suv-in-fabrica-sa-din-spania\/#article","isPartOf":{"@id":"https:\/\/diagnozabam.ro\/sfaturi\/ro\/blog\/ford-intentioneaza-sa-construiasca-un-nou-suv-in-fabrica-sa-din-spania\/"},"author":{"name":"Bejenaru Alexandru Ionut","@id":"https:\/\/diagnozabam.ro\/sfaturi\/#\/schema\/person\/77202adf825f4528d9ba9ab5b4ffafec"},"headline":"Ford inten\u021bioneaz\u0103 s\u0103 construiasc\u0103 un nou SUV \u00een fabrica sa din Spania","datePublished":"2024-03-30T18:01:13+00:00","dateModified":"2025-04-02T10:37:56+00:00","mainEntityOfPage":{"@id":"https:\/\/diagnozabam.ro\/sfaturi\/ro\/blog\/ford-intentioneaza-sa-construiasca-un-nou-suv-in-fabrica-sa-din-spania\/"},"wordCount":250,"commentCount":0,"publisher":{"@id":"https:\/\/diagnozabam.ro\/sfaturi\/#organization"},"image":{"@id":"https:\/\/diagnozabam.ro\/sfaturi\/ro\/blog\/ford-intentioneaza-sa-construiasca-un-nou-suv-in-fabrica-sa-din-spania\/#primaryimage"},"thumbnailUrl":"https:\/\/diagnozabam.ro\/sfaturi\/wp-content\/uploads\/2024\/03\/ford-intentioneaza-sa-construiasca-un-nou-suv-in-fabrica-sa-din-spania-mfrh-original.webp","keywords":["competitivitate","economie local\u0103","fabric\u0103","fabric\u0103 ford spania","fabric\u0103 ford suv","Ford","ford fabric\u0103","ford spania","ford spania suv","ford suv","Ford Valencia","Gama de produse","hibrid","industria auto","investi\u021bii","mobilitate durabil\u0103","Muncitori","Spania","SUV","Tehnologii de propulsie alternativ\u0103","Valencia","vehicul electric","viitor"],"articleSection":["\u0218tiri"],"inLanguage":"ro-RO","potentialAction":[{"@type":"CommentAction","name":"Comment","target":["https:\/\/diagnozabam.ro\/sfaturi\/ro\/blog\/ford-intentioneaza-sa-construiasca-un-nou-suv-in-fabrica-sa-din-spania\/#respond"]}]},{"@type":"WebPage","@id":"https:\/\/diagnozabam.ro\/sfaturi\/ro\/blog\/ford-intentioneaza-sa-construiasca-un-nou-suv-in-fabrica-sa-din-spania\/","url":"https:\/\/diagnozabam.ro\/sfaturi\/ro\/blog\/ford-intentioneaza-sa-construiasca-un-nou-suv-in-fabrica-sa-din-spania\/","name":"Ford inten\u021bioneaz\u0103 s\u0103 construiasc\u0103 un nou SUV \u00een fabrica sa din Spania - Diagnoza BAM","isPartOf":{"@id":"https:\/\/diagnozabam.ro\/sfaturi\/#website"},"primaryImageOfPage":{"@id":"https:\/\/diagnozabam.ro\/sfaturi\/ro\/blog\/ford-intentioneaza-sa-construiasca-un-nou-suv-in-fabrica-sa-din-spania\/#primaryimage"},"image":{"@id":"https:\/\/diagnozabam.ro\/sfaturi\/ro\/blog\/ford-intentioneaza-sa-construiasca-un-nou-suv-in-fabrica-sa-din-spania\/#primaryimage"},"thumbnailUrl":"https:\/\/diagnozabam.ro\/sfaturi\/wp-content\/uploads\/2024\/03\/ford-intentioneaza-sa-construiasca-un-nou-suv-in-fabrica-sa-din-spania-mfrh-original.webp","datePublished":"2024-03-30T18:01:13+00:00","dateModified":"2025-04-02T10:37:56+00:00","description":"Este o veste \u00eencurajatoare c\u0103 Ford ia \u00een considerare construirea unui nou SUV \u00een fabrica sa din Valencia, Spania. Aceast\u0103 decizie ar putea aduce beneficii semnificative pentru economia local\u0103 \u0219i&hellip;","breadcrumb":{"@id":"https:\/\/diagnozabam.ro\/sfaturi\/ro\/blog\/ford-intentioneaza-sa-construiasca-un-nou-suv-in-fabrica-sa-din-spania\/#breadcrumb"},"inLanguage":"ro-RO","potentialAction":[{"@type":"ReadAction","target":["https:\/\/diagnozabam.ro\/sfaturi\/ro\/blog\/ford-intentioneaza-sa-construiasca-un-nou-suv-in-fabrica-sa-din-spania\/"]}]},{"@type":"ImageObject","inLanguage":"ro-RO","@id":"https:\/\/diagnozabam.ro\/sfaturi\/ro\/blog\/ford-intentioneaza-sa-construiasca-un-nou-suv-in-fabrica-sa-din-spania\/#primaryimage","url":"https:\/\/diagnozabam.ro\/sfaturi\/wp-content\/uploads\/2024\/03\/ford-intentioneaza-sa-construiasca-un-nou-suv-in-fabrica-sa-din-spania-mfrh-original.webp","contentUrl":"https:\/\/diagnozabam.ro\/sfaturi\/wp-content\/uploads\/2024\/03\/ford-intentioneaza-sa-construiasca-un-nou-suv-in-fabrica-sa-din-spania-mfrh-original.webp","width":1000,"height":640,"caption":"ford intentioneaza sa construiasca un nou suv in fabrica sa din spania mfrh original"},{"@type":"BreadcrumbList","@id":"https:\/\/diagnozabam.ro\/sfaturi\/ro\/blog\/ford-intentioneaza-sa-construiasca-un-nou-suv-in-fabrica-sa-din-spania\/#breadcrumb","itemListElement":[{"@type":"ListItem","position":1,"name":"Home","item":"https:\/\/diagnozabam.ro\/sfaturi\/"},{"@type":"ListItem","position":2,"name":"Ford inten\u021bioneaz\u0103 s\u0103 construiasc\u0103 un nou SUV \u00een fabrica sa din Spania"}]},{"@type":"WebSite","@id":"https:\/\/diagnozabam.ro\/sfaturi\/#website","url":"https:\/\/diagnozabam.ro\/sfaturi\/","name":"Diagnoza BAM","description":"Independent Auto Diagnostics, Tech Analysis and Smart Insights","publisher":{"@id":"https:\/\/diagnozabam.ro\/sfaturi\/#organization"},"alternateName":"DBAM","potentialAction":[{"@type":"SearchAction","target":{"@type":"EntryPoint","urlTemplate":"https:\/\/diagnozabam.ro\/sfaturi\/?s={search_term_string}"},"query-input":{"@type":"PropertyValueSpecification","valueRequired":true,"valueName":"search_term_string"}}],"inLanguage":"ro-RO"},{"@type":"Organization","@id":"https:\/\/diagnozabam.ro\/sfaturi\/#organization","name":"Diagnoza BAM","alternateName":"DBAM","url":"https:\/\/diagnozabam.ro\/sfaturi\/","logo":{"@type":"ImageObject","inLanguage":"ro-RO","@id":"https:\/\/diagnozabam.ro\/sfaturi\/#\/schema\/logo\/image\/","url":"https:\/\/diagnozabam.ro\/sfaturi\/wp-content\/uploads\/2025\/11\/logo-diagnoza-bam-imagine.webp","contentUrl":"https:\/\/diagnozabam.ro\/sfaturi\/wp-content\/uploads\/2025\/11\/logo-diagnoza-bam-imagine.webp","width":512,"height":512,"caption":"Diagnoza BAM"},"image":{"@id":"https:\/\/diagnozabam.ro\/sfaturi\/#\/schema\/logo\/image\/"},"sameAs":["https:\/\/www.facebook.com\/diagnozabam","https:\/\/mastodon.social\/@diagnozabam","https:\/\/bsky.app\/profile\/did:plc:f4cmgfa3nv33bch7p3wgwchr","https:\/\/www.tumblr.com\/diagbam"],"description":"Independent publishing platform focused on automotive diagnostics, OBD2 analysis, repair cost breakdowns, technology insights and practical technical guides.","email":"redactie@diagnozabam.ro","foundingDate":"2023-02-16"},{"@type":"Person","@id":"https:\/\/diagnozabam.ro\/sfaturi\/#\/schema\/person\/77202adf825f4528d9ba9ab5b4ffafec","name":"Bejenaru Alexandru Ionut","image":{"@type":"ImageObject","inLanguage":"ro-RO","@id":"https:\/\/secure.gravatar.com\/avatar\/96634b44a266a571c59a5e82fc6f12edfb6876914735dbc57aa2348d11395470?s=96&d=mm&r=g","url":"https:\/\/secure.gravatar.com\/avatar\/96634b44a266a571c59a5e82fc6f12edfb6876914735dbc57aa2348d11395470?s=96&d=mm&r=g","contentUrl":"https:\/\/secure.gravatar.com\/avatar\/96634b44a266a571c59a5e82fc6f12edfb6876914735dbc57aa2348d11395470?s=96&d=mm&r=g","caption":"Bejenaru Alexandru Ionut"},"sameAs":["https:\/\/diagnozabam.ro"],"honorificPrefix":"Mr.","birthDate":"1997-12-23","url":"https:\/\/diagnozabam.ro\/sfaturi\/blog\/author\/bejenaru-alexandru-ionut\/"}]}},"lang":"ro","translations":{"ro":10358},"jetpack_publicize_connections":[],"jetpack-related-posts":[{"id":10104,"url":"https:\/\/diagnozabam.ro\/sfaturi\/ro\/blog\/ford-focus-va-fi-retras-in-2025-3-500-de-locuri-de-munca-la-uzina-din-saarlouis-germania-in-pericol\/","url_meta":{"origin":10358,"position":0},"title":"Ford Focus va Fi Retras \u00een 2025: 3.500 de Locuri de Munc\u0103 la Uzina din Saarlouis, Germania, \u00een Pericol","author":"Bejenaru Alexandru Ionut","date":"10 februarie 2024","format":false,"excerpt":"Este o veste trist\u0103 c\u0103 Ford Focus va fi scos din produc\u021bie \u00een 2025, iar uzina din Saarlouis, Germania, se confrunt\u0103 cu pierderea locurilor de munc\u0103 asociate cu produc\u021bia acestui\u2026","rel":"","context":"\u00cen \u201eAuto-RO\u201d","block_context":{"text":"Auto-RO","link":"https:\/\/diagnozabam.ro\/sfaturi\/ro\/category\/auto\/"},"img":{"alt_text":"ford focus va fi retras in 2025 3500 de locuri de munca la uzina din saarlouis germania in pericol mfrh original","src":"https:\/\/i0.wp.com\/diagnozabam.ro\/sfaturi\/wp-content\/uploads\/2024\/02\/ford-focus-va-fi-retras-in-2025-3500-de-locuri-de-munca-la-uzina-din-saarlouis-germania-in-pericol-mfrh-original.webp?resize=350%2C200&ssl=1","width":350,"height":200,"srcset":"https:\/\/i0.wp.com\/diagnozabam.ro\/sfaturi\/wp-content\/uploads\/2024\/02\/ford-focus-va-fi-retras-in-2025-3500-de-locuri-de-munca-la-uzina-din-saarlouis-germania-in-pericol-mfrh-original.webp?resize=350%2C200&ssl=1 1x, https:\/\/i0.wp.com\/diagnozabam.ro\/sfaturi\/wp-content\/uploads\/2024\/02\/ford-focus-va-fi-retras-in-2025-3500-de-locuri-de-munca-la-uzina-din-saarlouis-germania-in-pericol-mfrh-original.webp?resize=525%2C300&ssl=1 1.5x, https:\/\/i0.wp.com\/diagnozabam.ro\/sfaturi\/wp-content\/uploads\/2024\/02\/ford-focus-va-fi-retras-in-2025-3500-de-locuri-de-munca-la-uzina-din-saarlouis-germania-in-pericol-mfrh-original.webp?resize=700%2C400&ssl=1 2x"},"classes":[]},{"id":11733,"url":"https:\/\/diagnozabam.ro\/sfaturi\/ro\/blog\/ford-puma-vs-dacia-duster-iii-merita-diferenta-de-pret\/","url_meta":{"origin":10358,"position":1},"title":"Ford Puma vs. Dacia Duster III: Merit\u0103 diferen\u021ba de pre\u021b?","author":"Bejenaru Alexandru Ionut","date":"24 septembrie 2024","format":false,"excerpt":"Ford Puma vs. Dacia Duster III: Merit\u0103 diferen\u021ba de pre\u021b? Ford Puma a devenit un model foarte popular \u00een Europa, \u00een special \u00een Marea Britanie, \u0219i este considerat un SUV\u2026","rel":"","context":"\u00cen \u201e\u0218tiri\u201d","block_context":{"text":"\u0218tiri","link":"https:\/\/diagnozabam.ro\/sfaturi\/ro\/category\/stiri\/"},"img":{"alt_text":"ford puma vs dacia duster iii merita diferenta de pret mfrh original","src":"https:\/\/i0.wp.com\/diagnozabam.ro\/sfaturi\/wp-content\/uploads\/2024\/08\/ford-puma-vs-dacia-duster-iii-merita-diferenta-de-pret-mfrh-original.webp?resize=350%2C200&ssl=1","width":350,"height":200,"srcset":"https:\/\/i0.wp.com\/diagnozabam.ro\/sfaturi\/wp-content\/uploads\/2024\/08\/ford-puma-vs-dacia-duster-iii-merita-diferenta-de-pret-mfrh-original.webp?resize=350%2C200&ssl=1 1x, https:\/\/i0.wp.com\/diagnozabam.ro\/sfaturi\/wp-content\/uploads\/2024\/08\/ford-puma-vs-dacia-duster-iii-merita-diferenta-de-pret-mfrh-original.webp?resize=525%2C300&ssl=1 1.5x, https:\/\/i0.wp.com\/diagnozabam.ro\/sfaturi\/wp-content\/uploads\/2024\/08\/ford-puma-vs-dacia-duster-iii-merita-diferenta-de-pret-mfrh-original.webp?resize=700%2C400&ssl=1 2x"},"classes":[]},{"id":9930,"url":"https:\/\/diagnozabam.ro\/sfaturi\/ro\/blog\/soc-in-industria-auto-byd-pregateste-lansarea-in-europa-a-unui-rival-de-temut-pentru-defender-si-g-class\/","url_meta":{"origin":10358,"position":2},"title":"\u0218oc \u00een Industria Auto: BYD Preg\u0103te\u0219te Lansarea \u00een Europa a unui Rival de Temut pentru Defender \u0219i G-Class!","author":"Bejenaru Alexandru Ionut","date":"7 februarie 2024","format":false,"excerpt":"Produc\u0103torul auto chinez BYD ia \u00een considerare exportul a dou\u0103 modele SUV-uri \u00een Europa, acestea urm\u00e2nd s\u0103 concureze cu nume consacrate precum Land Rover Defender, Mercedes G-Class \u0219i Ford Bronco.\u2026","rel":"","context":"\u00cen \u201eAuto-RO\u201d","block_context":{"text":"Auto-RO","link":"https:\/\/diagnozabam.ro\/sfaturi\/ro\/category\/auto\/"},"img":{"alt_text":"soc in industria auto byd pregateste lansarea in europa a unui rival de temut pentru defender si g class mfrh original","src":"https:\/\/i0.wp.com\/diagnozabam.ro\/sfaturi\/wp-content\/uploads\/2024\/01\/soc-in-industria-auto-byd-pregateste-lansarea-in-europa-a-unui-rival-de-temut-pentru-defender-si-g-class-mfrh-original.webp?resize=350%2C200&ssl=1","width":350,"height":200,"srcset":"https:\/\/i0.wp.com\/diagnozabam.ro\/sfaturi\/wp-content\/uploads\/2024\/01\/soc-in-industria-auto-byd-pregateste-lansarea-in-europa-a-unui-rival-de-temut-pentru-defender-si-g-class-mfrh-original.webp?resize=350%2C200&ssl=1 1x, https:\/\/i0.wp.com\/diagnozabam.ro\/sfaturi\/wp-content\/uploads\/2024\/01\/soc-in-industria-auto-byd-pregateste-lansarea-in-europa-a-unui-rival-de-temut-pentru-defender-si-g-class-mfrh-original.webp?resize=525%2C300&ssl=1 1.5x, https:\/\/i0.wp.com\/diagnozabam.ro\/sfaturi\/wp-content\/uploads\/2024\/01\/soc-in-industria-auto-byd-pregateste-lansarea-in-europa-a-unui-rival-de-temut-pentru-defender-si-g-class-mfrh-original.webp?resize=700%2C400&ssl=1 2x"},"classes":[]},{"id":44598,"url":"https:\/\/diagnozabam.ro\/sfaturi\/ro\/blog\/hennessey-velociraptor-suv-expedition\/","url_meta":{"origin":10358,"position":3},"title":"Hennessey VelociRaptor SUV Expedition","author":"Bejenaru Alexandru Ionut","date":"18 iunie 2026","format":false,"excerpt":"Raptor pentru toat\u0103 familia! Hennessey VelociRaptor SUV Expedition: Monstrul cu 3 r\u00e2nduri de scaune, suspensie Brembo \u0219i ADN de Texas Introducere: Extinderea dinastiei VelociRaptor \u00een segmentul Full-Size Atunci c\u00e2nd te g\u00e2nde\u0219ti la numele VelociRaptor, mintea \u00ee\u021bi zboar\u0103 instantaneu la pick-up-urile radicale pe care casa de tuning Hennessey Performance le dezvolt\u0103\u2026","rel":"","context":"\u00cen \u201e\u0218tiri\u201d","block_context":{"text":"\u0218tiri","link":"https:\/\/diagnozabam.ro\/sfaturi\/ro\/category\/stiri\/"},"img":{"alt_text":"Hennessey VelociRaptor SUV Expedition Familien SUV","src":"https:\/\/i0.wp.com\/diagnozabam.ro\/sfaturi\/wp-content\/uploads\/2026\/06\/hennessey-velociraptor-suv-expedition-familien-suv_12.webp?resize=350%2C200&ssl=1","width":350,"height":200,"srcset":"https:\/\/i0.wp.com\/diagnozabam.ro\/sfaturi\/wp-content\/uploads\/2026\/06\/hennessey-velociraptor-suv-expedition-familien-suv_12.webp?resize=350%2C200&ssl=1 1x, https:\/\/i0.wp.com\/diagnozabam.ro\/sfaturi\/wp-content\/uploads\/2026\/06\/hennessey-velociraptor-suv-expedition-familien-suv_12.webp?resize=525%2C300&ssl=1 1.5x, https:\/\/i0.wp.com\/diagnozabam.ro\/sfaturi\/wp-content\/uploads\/2026\/06\/hennessey-velociraptor-suv-expedition-familien-suv_12.webp?resize=700%2C400&ssl=1 2x, https:\/\/i0.wp.com\/diagnozabam.ro\/sfaturi\/wp-content\/uploads\/2026\/06\/hennessey-velociraptor-suv-expedition-familien-suv_12.webp?resize=1050%2C600&ssl=1 3x, https:\/\/i0.wp.com\/diagnozabam.ro\/sfaturi\/wp-content\/uploads\/2026\/06\/hennessey-velociraptor-suv-expedition-familien-suv_12.webp?resize=1400%2C800&ssl=1 4x"},"classes":[]},{"id":46630,"url":"https:\/\/diagnozabam.ro\/sfaturi\/ro\/blog\/noutati-tuning-ford-2026-mustang-800-cp-f-150-fp700s\/","url_meta":{"origin":10358,"position":4},"title":"Nout\u0103\u021bi Tuning Ford 2026: Mustang 800 CP, F-150 FP700S","author":"Bejenaru Alexandru Ionut","date":"28 iulie 2026","format":false,"excerpt":"Nout\u0103\u021bi Tuning Ford 2026: De la Mustang de 800 CP la Excentricul Bronco Pink Pia\u021ba vehiculelor modificate direct din fabric\u0103 trece printr-o revolu\u021bie. Divizia oficial\u0103 Ford Performance \u00ee\u0219i extinde portofoliul de upgrade-uri. Produc\u0103torul american a lansat o linie nou\u0103 de kituri de performan\u021b\u0103. Acestea sunt destinate celor mai populare modele\u2026","rel":"","context":"\u00cen \u201e\u0218tiri\u201d","block_context":{"text":"\u0218tiri","link":"https:\/\/diagnozabam.ro\/sfaturi\/ro\/category\/stiri\/"},"img":{"alt_text":"Custom Garage Ford F FPS","src":"https:\/\/i0.wp.com\/diagnozabam.ro\/sfaturi\/wp-content\/uploads\/2026\/07\/custom_garage_ford_f_150_fp700s_2_176.webp?resize=350%2C200&ssl=1","width":350,"height":200,"srcset":"https:\/\/i0.wp.com\/diagnozabam.ro\/sfaturi\/wp-content\/uploads\/2026\/07\/custom_garage_ford_f_150_fp700s_2_176.webp?resize=350%2C200&ssl=1 1x, https:\/\/i0.wp.com\/diagnozabam.ro\/sfaturi\/wp-content\/uploads\/2026\/07\/custom_garage_ford_f_150_fp700s_2_176.webp?resize=525%2C300&ssl=1 1.5x, https:\/\/i0.wp.com\/diagnozabam.ro\/sfaturi\/wp-content\/uploads\/2026\/07\/custom_garage_ford_f_150_fp700s_2_176.webp?resize=700%2C400&ssl=1 2x, https:\/\/i0.wp.com\/diagnozabam.ro\/sfaturi\/wp-content\/uploads\/2026\/07\/custom_garage_ford_f_150_fp700s_2_176.webp?resize=1050%2C600&ssl=1 3x, https:\/\/i0.wp.com\/diagnozabam.ro\/sfaturi\/wp-content\/uploads\/2026\/07\/custom_garage_ford_f_150_fp700s_2_176.webp?resize=1400%2C800&ssl=1 4x"},"classes":[]},{"id":9205,"url":"https:\/\/diagnozabam.ro\/sfaturi\/ro\/blog\/schimbare-in-topul-vanzarilor-toyota-hilux-cedeaza-pozitia-dupa-7-ani-lasand-ford-ranger-ca-masina-noua-cea-mai-vanduta-in-australia\/","url_meta":{"origin":10358,"position":5},"title":"Schimbare \u00een Topul V\u00e2nz\u0103rilor: Toyota Hilux Cedeaz\u0103 Pozi\u021bia Dup\u0103 7 Ani, L\u0103s\u00e2nd Ford Ranger ca Ma\u0219ina Nou\u0103 Cea Mai V\u00e2ndut\u0103 \u00een Australia","author":"Bejenaru Alexandru Ionut","date":"24 ianuarie 2024","format":false,"excerpt":"Acest succes al modelului Ford Ranger \u00een Australia reprezint\u0103 o victorie semnificativ\u0103 pentru Ford \u0219i o schimbare notabil\u0103 \u00een dinamica pie\u021bei auto australiene. Ranger, fiind dezvoltat cu specifica\u021bii australiene \u00een\u2026","rel":"","context":"\u00cen \u201eAuto-RO\u201d","block_context":{"text":"Auto-RO","link":"https:\/\/diagnozabam.ro\/sfaturi\/ro\/category\/auto\/"},"img":{"alt_text":"schimbare in topul vanzarilor toyota hilux cedeaza pozitia dupa 7 ani lasand ford ranger ca masina noua cea mai vanduta in australia mfrh original","src":"https:\/\/i0.wp.com\/diagnozabam.ro\/sfaturi\/wp-content\/uploads\/2024\/01\/schimbare-in-topul-vanzarilor-toyota-hilux-cedeaza-pozitia-dupa-7-ani-lasand-ford-ranger-ca-masina-noua-cea-mai-vanduta-in-australia-mfrh-original.webp?resize=350%2C200&ssl=1","width":350,"height":200,"srcset":"https:\/\/i0.wp.com\/diagnozabam.ro\/sfaturi\/wp-content\/uploads\/2024\/01\/schimbare-in-topul-vanzarilor-toyota-hilux-cedeaza-pozitia-dupa-7-ani-lasand-ford-ranger-ca-masina-noua-cea-mai-vanduta-in-australia-mfrh-original.webp?resize=350%2C200&ssl=1 1x, https:\/\/i0.wp.com\/diagnozabam.ro\/sfaturi\/wp-content\/uploads\/2024\/01\/schimbare-in-topul-vanzarilor-toyota-hilux-cedeaza-pozitia-dupa-7-ani-lasand-ford-ranger-ca-masina-noua-cea-mai-vanduta-in-australia-mfrh-original.webp?resize=525%2C300&ssl=1 1.5x, https:\/\/i0.wp.com\/diagnozabam.ro\/sfaturi\/wp-content\/uploads\/2024\/01\/schimbare-in-topul-vanzarilor-toyota-hilux-cedeaza-pozitia-dupa-7-ani-lasand-ford-ranger-ca-masina-noua-cea-mai-vanduta-in-australia-mfrh-original.webp?resize=700%2C400&ssl=1 2x"},"classes":[]}],"jetpack_shortlink":"https:\/\/wp.me\/pf97go-2H4","jetpack_featured_media_url":"https:\/\/diagnozabam.ro\/sfaturi\/wp-content\/uploads\/2024\/03\/ford-intentioneaza-sa-construiasca-un-nou-suv-in-fabrica-sa-din-spania-mfrh-original.webp","pll_sync_post":[],"_links":{"self":[{"href":"https:\/\/diagnozabam.ro\/sfaturi\/wp-json\/wp\/v2\/posts\/10358","targetHints":{"allow":["GET"]}}],"collection":[{"href":"https:\/\/diagnozabam.ro\/sfaturi\/wp-json\/wp\/v2\/posts"}],"about":[{"href":"https:\/\/diagnozabam.ro\/sfaturi\/wp-json\/wp\/v2\/types\/post"}],"author":[{"embeddable":true,"href":"https:\/\/diagnozabam.ro\/sfaturi\/wp-json\/wp\/v2\/users\/1"}],"replies":[{"embeddable":true,"href":"https:\/\/diagnozabam.ro\/sfaturi\/wp-json\/wp\/v2\/comments?post=10358"}],"version-history":[{"count":3,"href":"https:\/\/diagnozabam.ro\/sfaturi\/wp-json\/wp\/v2\/posts\/10358\/revisions"}],"predecessor-version":[{"id":16997,"href":"https:\/\/diagnozabam.ro\/sfaturi\/wp-json\/wp\/v2\/posts\/10358\/revisions\/16997"}],"wp:featuredmedia":[{"embeddable":true,"href":"https:\/\/diagnozabam.ro\/sfaturi\/wp-json\/wp\/v2\/media\/10359"}],"wp:attachment":[{"href":"https:\/\/diagnozabam.ro\/sfaturi\/wp-json\/wp\/v2\/media?parent=10358"}],"wp:term":[{"taxonomy":"category","embeddable":true,"href":"https:\/\/diagnozabam.ro\/sfaturi\/wp-json\/wp\/v2\/categories?post=10358"},{"taxonomy":"post_tag","embeddable":true,"href":"https:\/\/diagnozabam.ro\/sfaturi\/wp-json\/wp\/v2\/tags?post=10358"}],"curies":[{"name":"wp","href":"https:\/\/api.w.org\/{rel}","templated":true}]}}