{"id":11075,"date":"2024-08-10T07:59:59","date_gmt":"2024-08-10T04:59:59","guid":{"rendered":"https:\/\/diagnozabam.ro\/sfaturi\/?p=11075"},"modified":"2026-08-07T10:43:40","modified_gmt":"2026-08-07T07:43:40","slug":"de-ce-scartaie-placutele-de-frana","status":"publish","type":"post","link":"https:\/\/diagnozabam.ro\/sfaturi\/ro\/blog\/de-ce-scartaie-placutele-de-frana\/","title":{"rendered":"Fr\u00e2nele Tale Sc\u00e2r\u021b\u00e2ie? Iat\u0103 Ce Ascund CU Adev\u0103rat"},"content":{"rendered":"<h2 class=\"mt-3 -mb-1 text-[1.375rem] font-bold\" dir=\"ltr\" data-sourcepos=\"10:1-10:52;1362-1413\">Fr\u00e2nele Tale Sc\u00e2r\u021b\u00e2ie? Iat\u0103 Ce Ascund CU Adev\u0103rat<\/h2>\n<p class=\"font-claude-response-body break-words whitespace-normal\" dir=\"ltr\" data-sourcepos=\"12:1-12:213;1415-1627\">Un sc\u00e2r\u021b\u00e2it la fiecare fr\u00e2nare nu e doar enervant. E un semnal. Uneori \u00eenseamn\u0103 doar un material prea dur pe pl\u0103cu\u021be. Alteori \u00eenseamn\u0103 c\u0103 e\u0219ti la un pas de o repara\u021bie costisitoare sau chiar de o amend\u0103 serioas\u0103.<\/p>\n<p class=\"font-claude-response-body break-words whitespace-normal\" dir=\"ltr\" data-sourcepos=\"14:1-14:91;1629-1719\">Iat\u0103 de ce sc\u00e2r\u021b\u00e2ie pl\u0103cu\u021bele de fr\u00e2n\u0103, c\u00e2nd trebuie schimbate \u0219i ce ri\u0219ti dac\u0103 le ignori.<\/p>\n<hr class=\"border-border-200 border-t-0.5 my-3 mx-1.5\" \/>\n<h2 class=\"mt-3 -mb-1 text-[1.125rem] font-bold\" dir=\"ltr\" data-sourcepos=\"18:1-18:38;1726-1763\">De Ce Sc\u00e2r\u021b\u00e2ie Pl\u0103cu\u021bele de Fr\u00e2n\u0103?<\/h2>\n<p class=\"font-claude-response-body break-words whitespace-normal\" dir=\"ltr\" data-sourcepos=\"20:1-20:130;1765-1894\">Sc\u00e2r\u021b\u00e2itul are mai multe cauze posibile. Unele sunt nevinovate. Altele sunt semne clare c\u0103 ma\u0219ina are nevoie de aten\u021bie imediat\u0103.<\/p>\n<ul class=\"[li_&amp;]:mb-0 [li_&amp;]:mt-1 [li_&amp;]:gap-1 [&amp;:not(:last-child)_ul]:pb-1 [&amp;:not(:last-child)_ol]:pb-1 list-disc flex flex-col gap-1 pl-8 mb-3 print:block print:space-y-1\" dir=\"ltr\" data-sourcepos=\"22:1-26:206;1896-2724\">\n<li class=\"font-claude-response-body whitespace-normal break-words pl-2\" data-sourcepos=\"22:1-22:174;1896-2069\"><strong>Material prea dur:<\/strong> Pl\u0103cu\u021bele noi sau vechi pot sc\u00e2r\u021b\u00e2i dac\u0103 sunt fabricate dintr-un material prea dur. Materialele mai dure produc mai u\u0219or zgomote \u00een timpul fr\u00e2n\u0103rii.<\/li>\n<li class=\"font-claude-response-body whitespace-normal break-words pl-2\" data-sourcepos=\"23:1-23:146;2070-2215\"><strong>Uzura ferodoului:<\/strong> Un ferodou uzat e o cauz\u0103 frecvent\u0103 a sc\u00e2r\u021b\u00e2itului. De aceea pl\u0103cu\u021bele trebuie verificate periodic pentru uzur\u0103 excesiv\u0103.<\/li>\n<li class=\"font-claude-response-body whitespace-normal break-words pl-2\" data-sourcepos=\"24:1-24:169;2216-2384\"><strong>Lipsa pl\u0103cu\u021belor anti-vibra\u021bii:<\/strong> Unele pl\u0103cu\u021be de fr\u00e2n\u0103 vin cu elemente anti-vibra\u021bii, special pentru a preveni sc\u00e2r\u021b\u00e2itul. F\u0103r\u0103 ele, zgomotele apar mult mai u\u0219or.<\/li>\n<li class=\"font-claude-response-body whitespace-normal break-words pl-2\" data-sourcepos=\"25:1-25:134;2385-2518\"><strong>Discuri de fr\u00e2n\u0103 uzate:<\/strong> Discurile uzate sau deformate pot provoca sc\u00e2r\u021b\u00e2it. Verific\u0103-le \u0219i \u00eenlocuie\u0219te-le dac\u0103 sunt prea uzate.<\/li>\n<li class=\"font-claude-response-body whitespace-normal break-words pl-2\" data-sourcepos=\"26:1-26:206;2519-2724\"><strong>Incompatibilitatea pl\u0103cu\u021belor sau discurilor:<\/strong> Piese care nu se potrivesc corect pot cauza zgomote suplimentare. Asigur\u0103-te c\u0103 pl\u0103cu\u021bele \u0219i discurile sunt compatibile cu modelul \u0219i marca ma\u0219inii tale.<\/li>\n<\/ul>\n<blockquote class=\"ml-2 border-l-4 border-[hsl(var(--border-300)\/0.1)] pl-4 text-text-300\" data-sourcepos=\"28:1-28:220;2726-2945\">\n<p class=\"font-claude-response-body break-words whitespace-normal\" dir=\"ltr\" data-sourcepos=\"28:3-28:220;2728-2945\">\u2139\ufe0f <strong>Not\u0103 Tehnic\u0103:<\/strong> Un sc\u00e2r\u021b\u00e2it ocazional, la prima fr\u00e2nare de diminea\u021b\u0103, poate fi doar condens sau rugin\u0103 u\u0219oar\u0103 pe disc. Un sc\u00e2r\u021b\u00e2it constant, la fiecare fr\u00e2nare, e alt\u0103 poveste \u2014 \u0219i de obicei \u00eenseamn\u0103 uzur\u0103 real\u0103.<\/p>\n<\/blockquote>\n<hr class=\"border-border-200 border-t-0.5 my-3 mx-1.5\" \/>\n<h2 class=\"mt-3 -mb-1 text-[1.125rem] font-bold\" dir=\"ltr\" data-sourcepos=\"32:1-32:46;2952-2997\">C\u00e2nd Trebuie \u00cenlocuite Pl\u0103cu\u021bele de Fr\u00e2n\u0103?<\/h2>\n<p class=\"font-claude-response-body break-words whitespace-normal\" dir=\"ltr\" data-sourcepos=\"34:1-34:110;2999-3108\">Nu a\u0219tepta s\u0103 auzi zgomotul pentru a verifica fr\u00e2nele. Exist\u0103 criterii clare pe care le po\u021bi urm\u0103ri din timp:<\/p>\n<div class=\"overflow-x-auto w-full px-2 mb-6 print:overflow-x-visible\" dir=\"ltr\" data-sourcepos=\"36:1-41:63;3110-3423\">\n<table class=\"min-w-full border-collapse text-sm leading-[1.7] whitespace-normal\">\n<thead class=\"text-left\">\n<tr>\n<th class=\"text-text-100 border-b-0.5 border-[hsl(var(--border-300)\/0.6)] py-2 pr-4 align-top font-bold\" scope=\"col\">Criteriu<\/th>\n<th class=\"text-text-100 border-b-0.5 border-[hsl(var(--border-300)\/0.6)] py-2 pr-4 align-top font-bold\" scope=\"col\">Ce Trebuie S\u0103 Urm\u0103re\u0219ti<\/th>\n<\/tr>\n<\/thead>\n<tbody>\n<tr>\n<td class=\"border-b-0.5 border-[hsl(var(--border-300)\/0.3)] py-2 pr-4 align-top\">Grosimea pl\u0103cu\u021belor<\/td>\n<td class=\"border-b-0.5 border-[hsl(var(--border-300)\/0.3)] py-2 pr-4 align-top\">Nu trebuie s\u0103 scad\u0103 sub 0,30 cm<\/td>\n<\/tr>\n<tr>\n<td class=\"border-b-0.5 border-[hsl(var(--border-300)\/0.3)] py-2 pr-4 align-top\">Kilometraj<\/td>\n<td class=\"border-b-0.5 border-[hsl(var(--border-300)\/0.3)] py-2 pr-4 align-top\">\u00cenlocuire recomandat\u0103 la 10.000\u201315.000 km<\/td>\n<\/tr>\n<tr>\n<td class=\"border-b-0.5 border-[hsl(var(--border-300)\/0.3)] py-2 pr-4 align-top\">Pl\u0103cu\u021be premium<\/td>\n<td class=\"border-b-0.5 border-[hsl(var(--border-300)\/0.3)] py-2 pr-4 align-top\">Pot ajunge la 25.000\u201330.000 km, \u00een func\u021bie de stilul de condus<\/td>\n<\/tr>\n<tr>\n<td class=\"border-b-0.5 border-[hsl(var(--border-300)\/0.3)] py-2 pr-4 align-top\">Senzori de uzur\u0103<\/td>\n<td class=\"border-b-0.5 border-[hsl(var(--border-300)\/0.3)] py-2 pr-4 align-top\">Avertizeaz\u0103 automat la ma\u0219inile moderne<\/td>\n<\/tr>\n<\/tbody>\n<\/table>\n<\/div>\n<p class=\"font-claude-response-body break-words whitespace-normal\" dir=\"ltr\" data-sourcepos=\"43:1-43:156;3425-3580\">Grosimea pl\u0103cu\u021belor de fr\u00e2n\u0103 nu trebuie s\u0103 scad\u0103 niciodat\u0103 sub 0,30 cm. Verific\u0103-o regulat, ca s\u0103 previi uzura excesiv\u0103 \u0219i riscul unei fr\u00e2n\u0103ri ineficiente.<\/p>\n<p class=\"font-claude-response-body break-words whitespace-normal\" dir=\"ltr\" data-sourcepos=\"45:1-45:236;3582-3817\">Majoritatea produc\u0103torilor recomand\u0103 \u00eenlocuirea la 10.000\u201315.000 de kilometri. M\u0103rcile premium pot ajunge la 25.000\u201330.000 de kilometri. Dar stilul t\u0103u de condus conteaz\u0103 enorm \u2014 fr\u00e2n\u0103ri bru\u0219te \u0219i dese uzeaz\u0103 pl\u0103cu\u021bele mult mai repede.<\/p>\n<p class=\"font-claude-response-body break-words whitespace-normal\" dir=\"ltr\" data-sourcepos=\"47:1-47:235;3819-4053\">Ma\u0219inile moderne au senzori care avertizeaz\u0103 automat c\u00e2nd pl\u0103cu\u021bele sunt uzate. Dac\u0103 ma\u0219ina ta nu are aceast\u0103 tehnologie, fii atent la alte semnale: sunetul de zg\u00e2riere al unei tije metalice sau o <a href=\"https:\/\/diagnozabam.ro\/sfaturi\/ro\/blog\/conduci-descult-afla-avantajele-si-riscurile\/\">distan\u021b\u0103 de fr\u00e2nare<\/a> vizibil mai mare.<\/p>\n<hr class=\"border-border-200 border-t-0.5 my-3 mx-1.5\" \/>\n<h2 class=\"mt-3 -mb-1 text-[1.125rem] font-bold\" dir=\"ltr\" data-sourcepos=\"51:1-51:38;4060-4097\">Semne C\u0103 Fr\u00e2nele Trebuie \u00cenlocuite<\/h2>\n<p class=\"font-claude-response-body break-words whitespace-normal\" dir=\"ltr\" data-sourcepos=\"53:1-53:81;4099-4179\">Dincolo de kilometraj, corpul t\u0103u \u0219i ma\u0219ina \u00ee\u021bi dau semnale clare. Nu le ignora:<\/p>\n<ul class=\"[li_&amp;]:mb-0 [li_&amp;]:mt-1 [li_&amp;]:gap-1 [&amp;:not(:last-child)_ul]:pb-1 [&amp;:not(:last-child)_ol]:pb-1 list-disc flex flex-col gap-1 pl-8 mb-3 print:block print:space-y-1\" dir=\"ltr\" data-sourcepos=\"55:1-58:106;4181-4679\">\n<li class=\"font-claude-response-body whitespace-normal break-words pl-2\" data-sourcepos=\"55:1-55:123;4181-4303\"><strong>Zgomot de sc\u00e2r\u021b\u00e2it:<\/strong> Un sunet u\u0219or de sc\u00e2r\u021b\u00e2it la fiecare fr\u00e2nare arat\u0103 c\u0103 pl\u0103cu\u021bele sunt uzate \u0219i trebuie schimbate.<\/li>\n<li class=\"font-claude-response-body whitespace-normal break-words pl-2\" data-sourcepos=\"56:1-56:127;4304-4430\"><strong>Distan\u021ba de fr\u00e2nare crescut\u0103:<\/strong> Dac\u0103 ma\u0219ina opre\u0219te pe o distan\u021b\u0103 mai mare dec\u00e2t de obicei, pl\u0103cu\u021bele sunt probabil uzate.<\/li>\n<li class=\"font-claude-response-body whitespace-normal break-words pl-2\" data-sourcepos=\"57:1-57:143;4431-4573\"><strong>Ap\u0103sarea pedalei de fr\u00e2n\u0103:<\/strong> Dac\u0103 trebuie s\u0103 ape\u0219i pedala la maximum ca s\u0103 opre\u0219ti ma\u0219ina, pl\u0103cu\u021bele sunt uzate \u0219i au nevoie de \u00eenlocuire.<\/li>\n<li class=\"font-claude-response-body whitespace-normal break-words pl-2\" data-sourcepos=\"58:1-58:106;4574-4679\"><strong>Vibra\u021bii \u00een volan:<\/strong> Vibra\u021biile \u00een volan \u00een timpul fr\u00e2n\u0103rii indic\u0103 uzura pl\u0103cu\u021belor sau a discurilor.<\/li>\n<\/ul>\n<blockquote class=\"ml-2 border-l-4 border-[hsl(var(--border-300)\/0.1)] pl-4 text-text-300\" data-sourcepos=\"60:1-60:227;4681-4907\">\n<p class=\"font-claude-response-body break-words whitespace-normal\" dir=\"ltr\" data-sourcepos=\"60:3-60:227;4683-4907\">\u26a0\ufe0f <strong>AVERTISMENT:<\/strong> Dac\u0103 sim\u021bi vibra\u021bii puternice \u00een volan sau distan\u021ba de fr\u00e2nare cre\u0219te vizibil, nu am\u00e2na verificarea. O fr\u00e2n\u0103 care nu r\u0103spunde la timp poate \u00eensemna diferen\u021ba dintre un incident evitat \u0219i un accident grav.<\/p>\n<\/blockquote>\n<hr class=\"border-border-200 border-t-0.5 my-3 mx-1.5\" \/>\n<h2 class=\"mt-3 -mb-1 text-[1.125rem] font-bold\" dir=\"ltr\" data-sourcepos=\"64:1-64:45;4914-4958\">Sanc\u021biuni pentru Pl\u0103cu\u021bele de Fr\u00e2n\u0103 Uzate<\/h2>\n<p class=\"font-claude-response-body break-words whitespace-normal\" dir=\"ltr\" data-sourcepos=\"66:1-66:155;4960-5114\">Conducerea unui vehicul cu pl\u0103cu\u021be de fr\u00e2n\u0103 uzate nu e doar riscant\u0103. E \u0219i ilegal\u0103. Conform <strong>Art. 102 din <a href=\"https:\/\/diagnozabam.ro\/sfaturi\/ro\/blog\/alcoolemia-2025-permis-suspendat-amenda-uriasa\/\">OUG 195\/2002<\/a><\/strong>, \u0219oferii risc\u0103 sanc\u021biuni severe:<\/p>\n<div class=\"overflow-x-auto w-full px-2 mb-6 print:overflow-x-visible\" dir=\"ltr\" data-sourcepos=\"68:1-72:91;5116-5326\">\n<table class=\"min-w-full border-collapse text-sm leading-[1.7] whitespace-normal\">\n<thead class=\"text-left\">\n<tr>\n<th class=\"text-text-100 border-b-0.5 border-[hsl(var(--border-300)\/0.6)] py-2 pr-4 align-top font-bold\" scope=\"col\">Tip de Sanc\u021biune<\/th>\n<th class=\"text-text-100 border-b-0.5 border-[hsl(var(--border-300)\/0.6)] py-2 pr-4 align-top font-bold\" scope=\"col\">Detaliu<\/th>\n<\/tr>\n<\/thead>\n<tbody>\n<tr>\n<td class=\"border-b-0.5 border-[hsl(var(--border-300)\/0.3)] py-2 pr-4 align-top\">Amend\u0103<\/td>\n<td class=\"border-b-0.5 border-[hsl(var(--border-300)\/0.3)] py-2 pr-4 align-top\">Clasa a IV-a de sanc\u021biuni<\/td>\n<\/tr>\n<tr>\n<td class=\"border-b-0.5 border-[hsl(var(--border-300)\/0.3)] py-2 pr-4 align-top\">Suspendarea permisului<\/td>\n<td class=\"border-b-0.5 border-[hsl(var(--border-300)\/0.3)] py-2 pr-4 align-top\">90 de zile<\/td>\n<\/tr>\n<tr>\n<td class=\"border-b-0.5 border-[hsl(var(--border-300)\/0.3)] py-2 pr-4 align-top\">Re\u021binerea talonului<\/td>\n<td class=\"border-b-0.5 border-[hsl(var(--border-300)\/0.3)] py-2 pr-4 align-top\">Vehiculul trebuie prezentat la RAR pentru verificare \u0219i aprobare<\/td>\n<\/tr>\n<\/tbody>\n<\/table>\n<\/div>\n<p class=\"font-claude-response-body break-words whitespace-normal\" dir=\"ltr\" data-sourcepos=\"74:1-74:195;5328-5522\">Aceste sanc\u021biuni se aplic\u0103 indiferent de c\u00e2t de \u201eu\u0219or\u201d pare zgomotul. Legea nu face diferen\u021ba \u00eentre un sc\u00e2r\u021b\u00e2it minor \u0219i o uzur\u0103 avansat\u0103 \u2014 controlul stabile\u0219te gravitatea, nu urechea \u0219oferului.<\/p>\n<hr class=\"border-border-200 border-t-0.5 my-3 mx-1.5\" \/>\n<h2 class=\"mt-3 -mb-1 text-[1.125rem] font-bold\" dir=\"ltr\" data-sourcepos=\"78:1-78:40;5529-5568\">De Ce Nu Trebuie Am\u00e2nat\u0103 Verificarea<\/h2>\n<p class=\"font-claude-response-body break-words whitespace-normal\" dir=\"ltr\" data-sourcepos=\"80:1-80:274;5570-5843\">Fr\u00e2nele sunt singurul sistem al ma\u0219inii f\u0103r\u0103 marj\u0103 de eroare. Un sc\u00e2r\u021b\u00e2it ignorat azi poate \u00eensemna pl\u0103cu\u021be complet consumate peste c\u00e2teva s\u0103pt\u0103m\u00e2ni. Iar pl\u0103cu\u021bele consumate ajung s\u0103 atace discurile de fr\u00e2n\u0103, transform\u00e2nd o repara\u021bie ieftin\u0103 \u00eentr-una mult mai costisitoare.<\/p>\n<p class=\"font-claude-response-body break-words whitespace-normal\" dir=\"ltr\" data-sourcepos=\"82:1-82:166;5845-6010\">Verificarea periodic\u0103 nu cost\u0103 mult. Un disc deformat sau un ansamblu de fr\u00e2nare complet ref\u0103cut, \u00een schimb, cost\u0103 mult mai mult \u2014 at\u00e2t \u00een bani, c\u00e2t \u0219i \u00een siguran\u021b\u0103.<\/p>\n<hr class=\"border-border-200 border-t-0.5 my-3 mx-1.5\" \/>\n<h2 class=\"mt-3 -mb-1 text-[1.125rem] font-bold\" dir=\"ltr\" data-sourcepos=\"86:1-86:13;6017-6029\">Concluzie<\/h2>\n<p class=\"font-claude-response-body break-words whitespace-normal\" dir=\"ltr\" data-sourcepos=\"88:1-88:354;6031-6384\">Pl\u0103cu\u021bele de fr\u00e2n\u0103 sunt esen\u021biale pentru siguran\u021ba rutier\u0103. Verific\u0103-le periodic \u0219i \u00eenlocuie\u0219te-le la timp, ca s\u0103 evi\u021bi zgomotele nepl\u0103cute. Dar mai important, ca s\u0103 asiguri siguran\u021ba ta \u0219i a celorlal\u021bi \u00een trafic. Verificarea \u0219i \u00eentre\u021binerea regulat\u0103 a sistemului de fr\u00e2nare r\u0103m\u00e2n esen\u021biale pentru a preveni at\u00e2t defec\u021biunile, c\u00e2t \u0219i sanc\u021biunile legale.<\/p>\n","protected":false},"excerpt":{"rendered":"<p>De ce sc\u00e2r\u021b\u00e2ie pl\u0103cu\u021bele de fr\u00e2n\u0103? Sc\u00e2r\u021b\u00e2itul pl\u0103cu\u021belor de fr\u00e2n\u0103 este un fenomen comun, dar extrem de deranjant at\u00e2t pentru \u0219ofer, c\u00e2t \u0219i pentru cei din exteriorul ma\u0219inii. Iat\u0103 o&hellip;<\/p>\n","protected":false},"author":1,"featured_media":11077,"comment_status":"open","ping_status":"closed","sticky":false,"template":"","format":"standard","meta":{"_sitemap_exclude":false,"_sitemap_priority":"","_sitemap_frequency":"","footnotes":"","jetpack_publicize_message":"","jetpack_publicize_feature_enabled":true,"jetpack_social_post_already_shared":true,"jetpack_social_options":{"image_generator_settings":{"template":"highway","default_image_id":0,"font":"","enabled":false},"version":2},"jetpack_post_was_ever_published":false},"categories":[1933],"tags":[53825,10367,7553,10366,53823,8819,3550,13166,7707,7811],"class_list":["post-11075","post","type-post","status-publish","format-standard","has-post-thumbnail","hentry","category-auto","tag-amenda-frane","tag-discuri-de-frana","tag-intretinere-auto","tag-placute-de-frana","tag-scartait-frane","tag-service-auto","tag-siguranta-rutiera","tag-sistem-franare","tag-uzura-frane","tag-verificare-rar"],"yoast_head":"<!-- This site is optimized with the Yoast SEO Premium plugin v27.7 (Yoast SEO v28.4) - https:\/\/yoast.com\/product\/yoast-seo-premium-wordpress\/ -->\n<title>Fr\u00e2nele Tale Sc\u00e2r\u021b\u00e2ie? Iat\u0103 Ce Ascund CU Adev\u0103rat - Diagnoza BAM<\/title>\n<meta name=\"description\" content=\"ATEN\u021aIE: sc\u00e2r\u021b\u00e2itul fr\u00e2nelor poate ascunde pl\u0103cu\u021be uzate, discuri deformate sau riscul unei amenzi uria\u0219e. Vezi acum ce...\" \/>\n<meta name=\"robots\" content=\"index, follow, max-snippet:-1, max-image-preview:large, max-video-preview:-1\" \/>\n<link rel=\"canonical\" href=\"https:\/\/diagnozabam.ro\/sfaturi\/ro\/blog\/de-ce-scartaie-placutele-de-frana\/\" \/>\n<meta property=\"og:locale\" content=\"ro_RO\" \/>\n<meta property=\"og:type\" content=\"article\" \/>\n<meta property=\"og:title\" content=\"Fr\u00e2nele Tale Sc\u00e2r\u021b\u00e2ie? Iat\u0103 Ce Ascund CU Adev\u0103rat\" \/>\n<meta property=\"og:description\" content=\"ATEN\u021aIE: sc\u00e2r\u021b\u00e2itul fr\u00e2nelor poate ascunde pl\u0103cu\u021be uzate, discuri deformate sau riscul unei amenzi uria\u0219e. Vezi acum ce trebuie s\u0103 faci...\" \/>\n<meta property=\"og:url\" content=\"https:\/\/diagnozabam.ro\/sfaturi\/ro\/blog\/de-ce-scartaie-placutele-de-frana\/\" \/>\n<meta property=\"og:site_name\" content=\"Diagnoza BAM\" \/>\n<meta property=\"article:publisher\" content=\"https:\/\/www.facebook.com\/diagnozabam\" \/>\n<meta property=\"article:published_time\" content=\"2024-08-10T04:59:59+00:00\" \/>\n<meta property=\"article:modified_time\" content=\"2026-08-07T07:43:40+00:00\" \/>\n<meta property=\"og:image\" content=\"https:\/\/diagnozabam.ro\/sfaturi\/wp-content\/uploads\/2024\/07\/de-ce-scartaie-placutele-de-frana.webp\" \/>\n\t<meta property=\"og:image:width\" content=\"1170\" \/>\n\t<meta property=\"og:image:height\" content=\"600\" \/>\n\t<meta property=\"og:image:type\" content=\"image\/webp\" \/>\n<meta name=\"author\" content=\"Bejenaru Alexandru Ionut\" \/>\n<meta name=\"twitter:card\" content=\"summary_large_image\" \/>\n<meta name=\"twitter:label1\" content=\"Scris de\" \/>\n\t<meta name=\"twitter:data1\" content=\"Bejenaru Alexandru Ionut\" \/>\n\t<meta name=\"twitter:label2\" content=\"Timp estimat pentru citire\" \/>\n\t<meta name=\"twitter:data2\" content=\"4 minute\" \/>\n<script type=\"application\/ld+json\" class=\"yoast-schema-graph\">{\"@context\":\"https:\\\/\\\/schema.org\",\"@graph\":[{\"@type\":\"NewsArticle\",\"@id\":\"https:\\\/\\\/diagnozabam.ro\\\/sfaturi\\\/ro\\\/blog\\\/de-ce-scartaie-placutele-de-frana\\\/#article\",\"isPartOf\":{\"@id\":\"https:\\\/\\\/diagnozabam.ro\\\/sfaturi\\\/ro\\\/blog\\\/de-ce-scartaie-placutele-de-frana\\\/\"},\"author\":{\"name\":\"Bejenaru Alexandru Ionut\",\"@id\":\"https:\\\/\\\/diagnozabam.ro\\\/sfaturi\\\/#\\\/schema\\\/person\\\/77202adf825f4528d9ba9ab5b4ffafec\"},\"headline\":\"Fr\u00e2nele Tale Sc\u00e2r\u021b\u00e2ie? Iat\u0103 Ce Ascund CU Adev\u0103rat\",\"datePublished\":\"2024-08-10T04:59:59+00:00\",\"dateModified\":\"2026-08-07T07:43:40+00:00\",\"mainEntityOfPage\":{\"@id\":\"https:\\\/\\\/diagnozabam.ro\\\/sfaturi\\\/ro\\\/blog\\\/de-ce-scartaie-placutele-de-frana\\\/\"},\"wordCount\":942,\"commentCount\":0,\"publisher\":{\"@id\":\"https:\\\/\\\/diagnozabam.ro\\\/sfaturi\\\/#organization\"},\"image\":{\"@id\":\"https:\\\/\\\/diagnozabam.ro\\\/sfaturi\\\/ro\\\/blog\\\/de-ce-scartaie-placutele-de-frana\\\/#primaryimage\"},\"thumbnailUrl\":\"https:\\\/\\\/diagnozabam.ro\\\/sfaturi\\\/wp-content\\\/uploads\\\/2024\\\/07\\\/de-ce-scartaie-placutele-de-frana.webp\",\"keywords\":[\"amenda frane\",\"Discuri de Fr\u00e2n\u0103\",\"\u00eentre\u021binere auto\",\"Pl\u0103cu\u021be de Fr\u00e2n\u0103\",\"scartait frane\",\"service auto\",\"siguran\u021ba rutier\u0103\",\"sistem fr\u00e2nare\",\"Uzur\u0103 fr\u00e2ne\",\"verificare RAR\"],\"articleSection\":[\"Auto-RO\"],\"inLanguage\":\"ro-RO\",\"potentialAction\":[{\"@type\":\"CommentAction\",\"name\":\"Comment\",\"target\":[\"https:\\\/\\\/diagnozabam.ro\\\/sfaturi\\\/ro\\\/blog\\\/de-ce-scartaie-placutele-de-frana\\\/#respond\"]}]},{\"@type\":\"WebPage\",\"@id\":\"https:\\\/\\\/diagnozabam.ro\\\/sfaturi\\\/ro\\\/blog\\\/de-ce-scartaie-placutele-de-frana\\\/\",\"url\":\"https:\\\/\\\/diagnozabam.ro\\\/sfaturi\\\/ro\\\/blog\\\/de-ce-scartaie-placutele-de-frana\\\/\",\"name\":\"Fr\u00e2nele Tale Sc\u00e2r\u021b\u00e2ie? Iat\u0103 Ce Ascund CU Adev\u0103rat - Diagnoza BAM\",\"isPartOf\":{\"@id\":\"https:\\\/\\\/diagnozabam.ro\\\/sfaturi\\\/#website\"},\"primaryImageOfPage\":{\"@id\":\"https:\\\/\\\/diagnozabam.ro\\\/sfaturi\\\/ro\\\/blog\\\/de-ce-scartaie-placutele-de-frana\\\/#primaryimage\"},\"image\":{\"@id\":\"https:\\\/\\\/diagnozabam.ro\\\/sfaturi\\\/ro\\\/blog\\\/de-ce-scartaie-placutele-de-frana\\\/#primaryimage\"},\"thumbnailUrl\":\"https:\\\/\\\/diagnozabam.ro\\\/sfaturi\\\/wp-content\\\/uploads\\\/2024\\\/07\\\/de-ce-scartaie-placutele-de-frana.webp\",\"datePublished\":\"2024-08-10T04:59:59+00:00\",\"dateModified\":\"2026-08-07T07:43:40+00:00\",\"description\":\"ATEN\u021aIE: sc\u00e2r\u021b\u00e2itul fr\u00e2nelor poate ascunde pl\u0103cu\u021be uzate, discuri deformate sau riscul unei amenzi uria\u0219e. Vezi acum ce trebuie s\u0103 faci...\",\"breadcrumb\":{\"@id\":\"https:\\\/\\\/diagnozabam.ro\\\/sfaturi\\\/ro\\\/blog\\\/de-ce-scartaie-placutele-de-frana\\\/#breadcrumb\"},\"inLanguage\":\"ro-RO\",\"potentialAction\":[{\"@type\":\"ReadAction\",\"target\":[\"https:\\\/\\\/diagnozabam.ro\\\/sfaturi\\\/ro\\\/blog\\\/de-ce-scartaie-placutele-de-frana\\\/\"]}]},{\"@type\":\"ImageObject\",\"inLanguage\":\"ro-RO\",\"@id\":\"https:\\\/\\\/diagnozabam.ro\\\/sfaturi\\\/ro\\\/blog\\\/de-ce-scartaie-placutele-de-frana\\\/#primaryimage\",\"url\":\"https:\\\/\\\/diagnozabam.ro\\\/sfaturi\\\/wp-content\\\/uploads\\\/2024\\\/07\\\/de-ce-scartaie-placutele-de-frana.webp\",\"contentUrl\":\"https:\\\/\\\/diagnozabam.ro\\\/sfaturi\\\/wp-content\\\/uploads\\\/2024\\\/07\\\/de-ce-scartaie-placutele-de-frana.webp\",\"width\":1170,\"height\":600,\"caption\":\"de ce scartaie placutele de frana\"},{\"@type\":\"BreadcrumbList\",\"@id\":\"https:\\\/\\\/diagnozabam.ro\\\/sfaturi\\\/ro\\\/blog\\\/de-ce-scartaie-placutele-de-frana\\\/#breadcrumb\",\"itemListElement\":[{\"@type\":\"ListItem\",\"position\":1,\"name\":\"Home\",\"item\":\"https:\\\/\\\/diagnozabam.ro\\\/sfaturi\\\/\"},{\"@type\":\"ListItem\",\"position\":2,\"name\":\"Fr\u00e2nele Tale Sc\u00e2r\u021b\u00e2ie? Iat\u0103 Ce Ascund CU Adev\u0103rat\"}]},{\"@type\":\"WebSite\",\"@id\":\"https:\\\/\\\/diagnozabam.ro\\\/sfaturi\\\/#website\",\"url\":\"https:\\\/\\\/diagnozabam.ro\\\/sfaturi\\\/\",\"name\":\"Diagnoza BAM\",\"description\":\"Independent Auto Diagnostics, Tech Analysis and Smart Insights\",\"publisher\":{\"@id\":\"https:\\\/\\\/diagnozabam.ro\\\/sfaturi\\\/#organization\"},\"alternateName\":\"DBAM\",\"potentialAction\":[{\"@type\":\"SearchAction\",\"target\":{\"@type\":\"EntryPoint\",\"urlTemplate\":\"https:\\\/\\\/diagnozabam.ro\\\/sfaturi\\\/?s={search_term_string}\"},\"query-input\":{\"@type\":\"PropertyValueSpecification\",\"valueRequired\":true,\"valueName\":\"search_term_string\"}}],\"inLanguage\":\"ro-RO\"},{\"@type\":\"Organization\",\"@id\":\"https:\\\/\\\/diagnozabam.ro\\\/sfaturi\\\/#organization\",\"name\":\"Diagnoza BAM\",\"alternateName\":\"DBAM\",\"url\":\"https:\\\/\\\/diagnozabam.ro\\\/sfaturi\\\/\",\"logo\":{\"@type\":\"ImageObject\",\"inLanguage\":\"ro-RO\",\"@id\":\"https:\\\/\\\/diagnozabam.ro\\\/sfaturi\\\/#\\\/schema\\\/logo\\\/image\\\/\",\"url\":\"https:\\\/\\\/diagnozabam.ro\\\/sfaturi\\\/wp-content\\\/uploads\\\/2025\\\/11\\\/logo-diagnoza-bam-imagine.webp\",\"contentUrl\":\"https:\\\/\\\/diagnozabam.ro\\\/sfaturi\\\/wp-content\\\/uploads\\\/2025\\\/11\\\/logo-diagnoza-bam-imagine.webp\",\"width\":512,\"height\":512,\"caption\":\"Diagnoza BAM\"},\"image\":{\"@id\":\"https:\\\/\\\/diagnozabam.ro\\\/sfaturi\\\/#\\\/schema\\\/logo\\\/image\\\/\"},\"sameAs\":[\"https:\\\/\\\/www.facebook.com\\\/diagnozabam\",\"https:\\\/\\\/mastodon.social\\\/@diagnozabam\",\"https:\\\/\\\/bsky.app\\\/profile\\\/did:plc:f4cmgfa3nv33bch7p3wgwchr\",\"https:\\\/\\\/www.tumblr.com\\\/diagbam\"],\"description\":\"Independent publishing platform focused on automotive diagnostics, OBD2 analysis, repair cost breakdowns, technology insights and practical technical guides.\",\"email\":\"redactie@diagnozabam.ro\",\"foundingDate\":\"2023-02-16\"},{\"@type\":\"Person\",\"@id\":\"https:\\\/\\\/diagnozabam.ro\\\/sfaturi\\\/#\\\/schema\\\/person\\\/77202adf825f4528d9ba9ab5b4ffafec\",\"name\":\"Bejenaru Alexandru Ionut\",\"image\":{\"@type\":\"ImageObject\",\"inLanguage\":\"ro-RO\",\"@id\":\"https:\\\/\\\/secure.gravatar.com\\\/avatar\\\/96634b44a266a571c59a5e82fc6f12edfb6876914735dbc57aa2348d11395470?s=96&d=mm&r=g\",\"url\":\"https:\\\/\\\/secure.gravatar.com\\\/avatar\\\/96634b44a266a571c59a5e82fc6f12edfb6876914735dbc57aa2348d11395470?s=96&d=mm&r=g\",\"contentUrl\":\"https:\\\/\\\/secure.gravatar.com\\\/avatar\\\/96634b44a266a571c59a5e82fc6f12edfb6876914735dbc57aa2348d11395470?s=96&d=mm&r=g\",\"caption\":\"Bejenaru Alexandru Ionut\"},\"sameAs\":[\"https:\\\/\\\/diagnozabam.ro\"],\"honorificPrefix\":\"Mr.\",\"birthDate\":\"1997-12-23\",\"url\":\"https:\\\/\\\/diagnozabam.ro\\\/sfaturi\\\/blog\\\/author\\\/bejenaru-alexandru-ionut\\\/\"}]}<\/script>\n<!-- \/ Yoast SEO Premium plugin. -->","yoast_head_json":{"title":"Fr\u00e2nele Tale Sc\u00e2r\u021b\u00e2ie? Iat\u0103 Ce Ascund CU Adev\u0103rat - Diagnoza BAM","description":"ATEN\u021aIE: sc\u00e2r\u021b\u00e2itul fr\u00e2nelor poate ascunde pl\u0103cu\u021be uzate, discuri deformate sau riscul unei amenzi uria\u0219e. Vezi acum ce...","robots":{"index":"index","follow":"follow","max-snippet":"max-snippet:-1","max-image-preview":"max-image-preview:large","max-video-preview":"max-video-preview:-1"},"canonical":"https:\/\/diagnozabam.ro\/sfaturi\/ro\/blog\/de-ce-scartaie-placutele-de-frana\/","og_locale":"ro_RO","og_type":"article","og_title":"Fr\u00e2nele Tale Sc\u00e2r\u021b\u00e2ie? Iat\u0103 Ce Ascund CU Adev\u0103rat","og_description":"ATEN\u021aIE: sc\u00e2r\u021b\u00e2itul fr\u00e2nelor poate ascunde pl\u0103cu\u021be uzate, discuri deformate sau riscul unei amenzi uria\u0219e. Vezi acum ce trebuie s\u0103 faci...","og_url":"https:\/\/diagnozabam.ro\/sfaturi\/ro\/blog\/de-ce-scartaie-placutele-de-frana\/","og_site_name":"Diagnoza BAM","article_publisher":"https:\/\/www.facebook.com\/diagnozabam","article_published_time":"2024-08-10T04:59:59+00:00","article_modified_time":"2026-08-07T07:43:40+00:00","og_image":[{"width":1170,"height":600,"url":"https:\/\/diagnozabam.ro\/sfaturi\/wp-content\/uploads\/2024\/07\/de-ce-scartaie-placutele-de-frana.webp","type":"image\/webp"}],"author":"Bejenaru Alexandru Ionut","twitter_card":"summary_large_image","twitter_misc":{"Scris de":"Bejenaru Alexandru Ionut","Timp estimat pentru citire":"4 minute"},"schema":{"@context":"https:\/\/schema.org","@graph":[{"@type":"NewsArticle","@id":"https:\/\/diagnozabam.ro\/sfaturi\/ro\/blog\/de-ce-scartaie-placutele-de-frana\/#article","isPartOf":{"@id":"https:\/\/diagnozabam.ro\/sfaturi\/ro\/blog\/de-ce-scartaie-placutele-de-frana\/"},"author":{"name":"Bejenaru Alexandru Ionut","@id":"https:\/\/diagnozabam.ro\/sfaturi\/#\/schema\/person\/77202adf825f4528d9ba9ab5b4ffafec"},"headline":"Fr\u00e2nele Tale Sc\u00e2r\u021b\u00e2ie? Iat\u0103 Ce Ascund CU Adev\u0103rat","datePublished":"2024-08-10T04:59:59+00:00","dateModified":"2026-08-07T07:43:40+00:00","mainEntityOfPage":{"@id":"https:\/\/diagnozabam.ro\/sfaturi\/ro\/blog\/de-ce-scartaie-placutele-de-frana\/"},"wordCount":942,"commentCount":0,"publisher":{"@id":"https:\/\/diagnozabam.ro\/sfaturi\/#organization"},"image":{"@id":"https:\/\/diagnozabam.ro\/sfaturi\/ro\/blog\/de-ce-scartaie-placutele-de-frana\/#primaryimage"},"thumbnailUrl":"https:\/\/diagnozabam.ro\/sfaturi\/wp-content\/uploads\/2024\/07\/de-ce-scartaie-placutele-de-frana.webp","keywords":["amenda frane","Discuri de Fr\u00e2n\u0103","\u00eentre\u021binere auto","Pl\u0103cu\u021be de Fr\u00e2n\u0103","scartait frane","service auto","siguran\u021ba rutier\u0103","sistem fr\u00e2nare","Uzur\u0103 fr\u00e2ne","verificare RAR"],"articleSection":["Auto-RO"],"inLanguage":"ro-RO","potentialAction":[{"@type":"CommentAction","name":"Comment","target":["https:\/\/diagnozabam.ro\/sfaturi\/ro\/blog\/de-ce-scartaie-placutele-de-frana\/#respond"]}]},{"@type":"WebPage","@id":"https:\/\/diagnozabam.ro\/sfaturi\/ro\/blog\/de-ce-scartaie-placutele-de-frana\/","url":"https:\/\/diagnozabam.ro\/sfaturi\/ro\/blog\/de-ce-scartaie-placutele-de-frana\/","name":"Fr\u00e2nele Tale Sc\u00e2r\u021b\u00e2ie? Iat\u0103 Ce Ascund CU Adev\u0103rat - Diagnoza BAM","isPartOf":{"@id":"https:\/\/diagnozabam.ro\/sfaturi\/#website"},"primaryImageOfPage":{"@id":"https:\/\/diagnozabam.ro\/sfaturi\/ro\/blog\/de-ce-scartaie-placutele-de-frana\/#primaryimage"},"image":{"@id":"https:\/\/diagnozabam.ro\/sfaturi\/ro\/blog\/de-ce-scartaie-placutele-de-frana\/#primaryimage"},"thumbnailUrl":"https:\/\/diagnozabam.ro\/sfaturi\/wp-content\/uploads\/2024\/07\/de-ce-scartaie-placutele-de-frana.webp","datePublished":"2024-08-10T04:59:59+00:00","dateModified":"2026-08-07T07:43:40+00:00","description":"ATEN\u021aIE: sc\u00e2r\u021b\u00e2itul fr\u00e2nelor poate ascunde pl\u0103cu\u021be uzate, discuri deformate sau riscul unei amenzi uria\u0219e. Vezi acum ce trebuie s\u0103 faci...","breadcrumb":{"@id":"https:\/\/diagnozabam.ro\/sfaturi\/ro\/blog\/de-ce-scartaie-placutele-de-frana\/#breadcrumb"},"inLanguage":"ro-RO","potentialAction":[{"@type":"ReadAction","target":["https:\/\/diagnozabam.ro\/sfaturi\/ro\/blog\/de-ce-scartaie-placutele-de-frana\/"]}]},{"@type":"ImageObject","inLanguage":"ro-RO","@id":"https:\/\/diagnozabam.ro\/sfaturi\/ro\/blog\/de-ce-scartaie-placutele-de-frana\/#primaryimage","url":"https:\/\/diagnozabam.ro\/sfaturi\/wp-content\/uploads\/2024\/07\/de-ce-scartaie-placutele-de-frana.webp","contentUrl":"https:\/\/diagnozabam.ro\/sfaturi\/wp-content\/uploads\/2024\/07\/de-ce-scartaie-placutele-de-frana.webp","width":1170,"height":600,"caption":"de ce scartaie placutele de frana"},{"@type":"BreadcrumbList","@id":"https:\/\/diagnozabam.ro\/sfaturi\/ro\/blog\/de-ce-scartaie-placutele-de-frana\/#breadcrumb","itemListElement":[{"@type":"ListItem","position":1,"name":"Home","item":"https:\/\/diagnozabam.ro\/sfaturi\/"},{"@type":"ListItem","position":2,"name":"Fr\u00e2nele Tale Sc\u00e2r\u021b\u00e2ie? Iat\u0103 Ce Ascund CU Adev\u0103rat"}]},{"@type":"WebSite","@id":"https:\/\/diagnozabam.ro\/sfaturi\/#website","url":"https:\/\/diagnozabam.ro\/sfaturi\/","name":"Diagnoza BAM","description":"Independent Auto Diagnostics, Tech Analysis and Smart Insights","publisher":{"@id":"https:\/\/diagnozabam.ro\/sfaturi\/#organization"},"alternateName":"DBAM","potentialAction":[{"@type":"SearchAction","target":{"@type":"EntryPoint","urlTemplate":"https:\/\/diagnozabam.ro\/sfaturi\/?s={search_term_string}"},"query-input":{"@type":"PropertyValueSpecification","valueRequired":true,"valueName":"search_term_string"}}],"inLanguage":"ro-RO"},{"@type":"Organization","@id":"https:\/\/diagnozabam.ro\/sfaturi\/#organization","name":"Diagnoza BAM","alternateName":"DBAM","url":"https:\/\/diagnozabam.ro\/sfaturi\/","logo":{"@type":"ImageObject","inLanguage":"ro-RO","@id":"https:\/\/diagnozabam.ro\/sfaturi\/#\/schema\/logo\/image\/","url":"https:\/\/diagnozabam.ro\/sfaturi\/wp-content\/uploads\/2025\/11\/logo-diagnoza-bam-imagine.webp","contentUrl":"https:\/\/diagnozabam.ro\/sfaturi\/wp-content\/uploads\/2025\/11\/logo-diagnoza-bam-imagine.webp","width":512,"height":512,"caption":"Diagnoza BAM"},"image":{"@id":"https:\/\/diagnozabam.ro\/sfaturi\/#\/schema\/logo\/image\/"},"sameAs":["https:\/\/www.facebook.com\/diagnozabam","https:\/\/mastodon.social\/@diagnozabam","https:\/\/bsky.app\/profile\/did:plc:f4cmgfa3nv33bch7p3wgwchr","https:\/\/www.tumblr.com\/diagbam"],"description":"Independent publishing platform focused on automotive diagnostics, OBD2 analysis, repair cost breakdowns, technology insights and practical technical guides.","email":"redactie@diagnozabam.ro","foundingDate":"2023-02-16"},{"@type":"Person","@id":"https:\/\/diagnozabam.ro\/sfaturi\/#\/schema\/person\/77202adf825f4528d9ba9ab5b4ffafec","name":"Bejenaru Alexandru Ionut","image":{"@type":"ImageObject","inLanguage":"ro-RO","@id":"https:\/\/secure.gravatar.com\/avatar\/96634b44a266a571c59a5e82fc6f12edfb6876914735dbc57aa2348d11395470?s=96&d=mm&r=g","url":"https:\/\/secure.gravatar.com\/avatar\/96634b44a266a571c59a5e82fc6f12edfb6876914735dbc57aa2348d11395470?s=96&d=mm&r=g","contentUrl":"https:\/\/secure.gravatar.com\/avatar\/96634b44a266a571c59a5e82fc6f12edfb6876914735dbc57aa2348d11395470?s=96&d=mm&r=g","caption":"Bejenaru Alexandru Ionut"},"sameAs":["https:\/\/diagnozabam.ro"],"honorificPrefix":"Mr.","birthDate":"1997-12-23","url":"https:\/\/diagnozabam.ro\/sfaturi\/blog\/author\/bejenaru-alexandru-ionut\/"}]}},"lang":"ro","translations":{"ro":11075},"jetpack_publicize_connections":[],"jetpack-related-posts":[{"id":11594,"url":"https:\/\/diagnozabam.ro\/sfaturi\/ro\/blog\/5-semne-care-iti-avertizeaza-ca-franele-masinii-tale-urmeaza-sa-cedeze\/","url_meta":{"origin":11075,"position":0},"title":"5 Semne C\u0103 Fr\u00e2nele Ma\u0219inii Sunt Pe Cale S\u0103 Cedeze","author":"Bejenaru Alexandru Ionut","date":"3 octombrie 2024","format":false,"excerpt":"5 Semne Care \u00ce\u021bi Avertizeaz\u0103 C\u0103 Fr\u00e2nele Ma\u0219inii Tale Urmeaz\u0103 S\u0103 Cedeze Sistemul de fr\u00e2nare al unei ma\u0219ini este, f\u0103r\u0103 \u00eendoial\u0103, cel mai important element de siguran\u021b\u0103. De buna func\u021bionare\u2026","rel":"","context":"\u00cen \u201eAuto-RO\u201d","block_context":{"text":"Auto-RO","link":"https:\/\/diagnozabam.ro\/sfaturi\/ro\/category\/auto\/"},"img":{"alt_text":"5 semne care iti avertizeaza ca franele masinii tale urmeaza sa cedeze","src":"https:\/\/i0.wp.com\/diagnozabam.ro\/sfaturi\/wp-content\/uploads\/2024\/08\/5-semne-care-iti-avertizeaza-ca-franele-masinii-tale-urmeaza-sa-cedeze.webp?resize=350%2C200&ssl=1","width":350,"height":200,"srcset":"https:\/\/i0.wp.com\/diagnozabam.ro\/sfaturi\/wp-content\/uploads\/2024\/08\/5-semne-care-iti-avertizeaza-ca-franele-masinii-tale-urmeaza-sa-cedeze.webp?resize=350%2C200&ssl=1 1x, https:\/\/i0.wp.com\/diagnozabam.ro\/sfaturi\/wp-content\/uploads\/2024\/08\/5-semne-care-iti-avertizeaza-ca-franele-masinii-tale-urmeaza-sa-cedeze.webp?resize=525%2C300&ssl=1 1.5x, https:\/\/i0.wp.com\/diagnozabam.ro\/sfaturi\/wp-content\/uploads\/2024\/08\/5-semne-care-iti-avertizeaza-ca-franele-masinii-tale-urmeaza-sa-cedeze.webp?resize=700%2C400&ssl=1 2x, https:\/\/i0.wp.com\/diagnozabam.ro\/sfaturi\/wp-content\/uploads\/2024\/08\/5-semne-care-iti-avertizeaza-ca-franele-masinii-tale-urmeaza-sa-cedeze.webp?resize=1050%2C600&ssl=1 3x"},"classes":[]},{"id":21905,"url":"https:\/\/diagnozabam.ro\/sfaturi\/ro\/blog\/etrierul-de-frana-cum-functioneaza-si-de-ce-e-vital\/","url_meta":{"origin":11075,"position":1},"title":"Etrierul de fr\u00e2n\u0103 \u2013 Cum func\u021bioneaz\u0103 \u0219i de ce e vital","author":"Bejenaru Alexandru Ionut","date":"25 iulie 2025","format":false,"excerpt":"Cum func\u021bioneaz\u0103 un etrier de fr\u00e2n\u0103 Etrierul este o component\u0103 esen\u021bial\u0103 a sistemului de fr\u00e2nare cu disc, responsabil pentru aplicarea for\u021bei de fr\u00e2nare asupra discului, prin intermediul pl\u0103cu\u021belor de fr\u00e2n\u0103. F\u0103r\u0103 el, oprirea eficient\u0103 a unei ma\u0219ini ar fi imposibil\u0103. \ud83d\udd27 Principiul de func\u021bionare La ap\u0103sarea pedalei de fr\u00e2n\u0103, lichidul\u2026","rel":"","context":"\u00cen \u201e\u0218tiri\u201d","block_context":{"text":"\u0218tiri","link":"https:\/\/diagnozabam.ro\/sfaturi\/ro\/category\/stiri\/"},"img":{"alt_text":"etrier","src":"https:\/\/i0.wp.com\/diagnozabam.ro\/sfaturi\/wp-content\/uploads\/2025\/07\/etrier.webp?resize=350%2C200&ssl=1","width":350,"height":200,"srcset":"https:\/\/i0.wp.com\/diagnozabam.ro\/sfaturi\/wp-content\/uploads\/2025\/07\/etrier.webp?resize=350%2C200&ssl=1 1x, https:\/\/i0.wp.com\/diagnozabam.ro\/sfaturi\/wp-content\/uploads\/2025\/07\/etrier.webp?resize=525%2C300&ssl=1 1.5x, https:\/\/i0.wp.com\/diagnozabam.ro\/sfaturi\/wp-content\/uploads\/2025\/07\/etrier.webp?resize=700%2C400&ssl=1 2x, https:\/\/i0.wp.com\/diagnozabam.ro\/sfaturi\/wp-content\/uploads\/2025\/07\/etrier.webp?resize=1050%2C600&ssl=1 3x, https:\/\/i0.wp.com\/diagnozabam.ro\/sfaturi\/wp-content\/uploads\/2025\/07\/etrier.webp?resize=1400%2C800&ssl=1 4x"},"classes":[]},{"id":12518,"url":"https:\/\/diagnozabam.ro\/sfaturi\/ro\/blog\/martorul-placutelor-de-frana-cauze-si-solutii-cand-se-aprinde\/","url_meta":{"origin":11075,"position":2},"title":"Martor Pl\u0103cu\u021be Fr\u00e2n\u0103 Aprins: Cauze, Riscuri \u0219i Solu\u021bii","author":"Bejenaru Alexandru Ionut","date":"1 decembrie 2024","format":false,"excerpt":"Martorul Pl\u0103cu\u021belor de Fr\u00e2n\u0103: Cauze \u0219i Solu\u021bii C\u00e2nd Se Aprinde Fr\u00e2nele reprezint\u0103 elementul central al siguran\u021bei auto, iar func\u021bionarea corect\u0103 a acestora este esen\u021bial\u0103 pentru prevenirea accidentelor. Atunci c\u00e2nd martorul\u2026","rel":"","context":"\u00cen \u201e\u0218tiri\u201d","block_context":{"text":"\u0218tiri","link":"https:\/\/diagnozabam.ro\/sfaturi\/ro\/category\/stiri\/"},"img":{"alt_text":"","src":"https:\/\/diagnozabam.ro\/sfaturi\/wp-content\/uploads\/2024\/11\/martorul-placutelor-de-frana-cauze-si-solutii-cand-se-aprinde-mfrh-original.avif","width":350,"height":200},"classes":[]},{"id":11281,"url":"https:\/\/diagnozabam.ro\/sfaturi\/ro\/blog\/7-semne-care-iti-spun-ca-masina-ta-are-nevoie-de-service\/","url_meta":{"origin":11075,"position":3},"title":"7 Semne C\u0103 Ma\u0219ina Ta MOARE Chiar Acum","author":"Bejenaru Alexandru Ionut","date":"8 august 2024","format":false,"excerpt":"7 Semne Care \u00ce\u021bi Spun C\u0103 Ma\u0219ina Ta Are Nevoie de Service Men\u021binerea unei ma\u0219ini \u00een stare bun\u0103 necesit\u0103 nu doar \u00eentre\u021binere regulat\u0103, ci \u0219i aten\u021bie la semnalele care indic\u0103\u2026","rel":"","context":"\u00cen \u201e\u0218tiri\u201d","block_context":{"text":"\u0218tiri","link":"https:\/\/diagnozabam.ro\/sfaturi\/ro\/category\/stiri\/"},"img":{"alt_text":"7 semne care iti spun ca masina ta are nevoie de service","src":"https:\/\/i0.wp.com\/diagnozabam.ro\/sfaturi\/wp-content\/uploads\/2024\/07\/7-semne-care-iti-spun-ca-masina-ta-are-nevoie-de-service.webp?resize=350%2C200&ssl=1","width":350,"height":200,"srcset":"https:\/\/i0.wp.com\/diagnozabam.ro\/sfaturi\/wp-content\/uploads\/2024\/07\/7-semne-care-iti-spun-ca-masina-ta-are-nevoie-de-service.webp?resize=350%2C200&ssl=1 1x, https:\/\/i0.wp.com\/diagnozabam.ro\/sfaturi\/wp-content\/uploads\/2024\/07\/7-semne-care-iti-spun-ca-masina-ta-are-nevoie-de-service.webp?resize=525%2C300&ssl=1 1.5x, https:\/\/i0.wp.com\/diagnozabam.ro\/sfaturi\/wp-content\/uploads\/2024\/07\/7-semne-care-iti-spun-ca-masina-ta-are-nevoie-de-service.webp?resize=700%2C400&ssl=1 2x, https:\/\/i0.wp.com\/diagnozabam.ro\/sfaturi\/wp-content\/uploads\/2024\/07\/7-semne-care-iti-spun-ca-masina-ta-are-nevoie-de-service.webp?resize=1050%2C600&ssl=1 3x"},"classes":[]},{"id":14428,"url":"https:\/\/diagnozabam.ro\/sfaturi\/ro\/blog\/cum-franezi-corect-fara-bruscari\/","url_meta":{"origin":11075,"position":4},"title":"Cum Fr\u00e2nezi Corect: Ghid Complet Anti-Brusc\u0103ri","author":"Bejenaru Alexandru Ionut","date":"6 aprilie 2025","format":false,"excerpt":"Cum Fr\u00e2nezi Corect F\u0103r\u0103 Brusc\u0103ri \u2013 Ghidul Complet al Tehnicii de Fr\u00e2nare Line Mul\u021bi \u0219oferi apas\u0103 fr\u00e2na \"ca pe un buton\" \u2014 brusc, f\u0103r\u0103 nicio progresivitate. Este una dintre cele mai frecvente gre\u0219eli de la volan. Afecteaz\u0103 confortul pasagerilor. Accelereaz\u0103 uzura pl\u0103cu\u021belor \u0219i discurilor de fr\u00e2n\u0103. \u0218i, contraintuitiv, afecteaz\u0103 chiar\u2026","rel":"","context":"\u00cen \u201eAuto-RO\u201d","block_context":{"text":"Auto-RO","link":"https:\/\/diagnozabam.ro\/sfaturi\/ro\/category\/auto\/"},"img":{"alt_text":"Ce se \u00eent\u00e2mpl\u0103 dac\u0103 fr\u00e2nezi cu piciorul pe ambreiaj","src":"https:\/\/i0.wp.com\/diagnozabam.ro\/sfaturi\/wp-content\/uploads\/2025\/03\/Ce-se-intampla-daca-franezi-cu-piciorul-pe-ambreiaj.webp?resize=350%2C200&ssl=1","width":350,"height":200,"srcset":"https:\/\/i0.wp.com\/diagnozabam.ro\/sfaturi\/wp-content\/uploads\/2025\/03\/Ce-se-intampla-daca-franezi-cu-piciorul-pe-ambreiaj.webp?resize=350%2C200&ssl=1 1x, https:\/\/i0.wp.com\/diagnozabam.ro\/sfaturi\/wp-content\/uploads\/2025\/03\/Ce-se-intampla-daca-franezi-cu-piciorul-pe-ambreiaj.webp?resize=525%2C300&ssl=1 1.5x, https:\/\/i0.wp.com\/diagnozabam.ro\/sfaturi\/wp-content\/uploads\/2025\/03\/Ce-se-intampla-daca-franezi-cu-piciorul-pe-ambreiaj.webp?resize=700%2C400&ssl=1 2x, https:\/\/i0.wp.com\/diagnozabam.ro\/sfaturi\/wp-content\/uploads\/2025\/03\/Ce-se-intampla-daca-franezi-cu-piciorul-pe-ambreiaj.webp?resize=1050%2C600&ssl=1 3x, https:\/\/i0.wp.com\/diagnozabam.ro\/sfaturi\/wp-content\/uploads\/2025\/03\/Ce-se-intampla-daca-franezi-cu-piciorul-pe-ambreiaj.webp?resize=1400%2C800&ssl=1 4x"},"classes":[]},{"id":14376,"url":"https:\/\/diagnozabam.ro\/sfaturi\/ro\/blog\/cat-dureaza-schimbarea-franelor-pe-spate\/","url_meta":{"origin":11075,"position":5},"title":"C\u00e2t Dureaz\u0103 Schimbarea Fr\u00e2nelor Spate: Timp Real","author":"Bejenaru Alexandru Ionut","date":"4 aprilie 2025","format":false,"excerpt":"C\u00e2t dureaz\u0103 schimbarea fr\u00e2nelor spate: discuri \u0219i pl\u0103cu\u021be, pas cu pas Ai discurile \u0219i pl\u0103cu\u021bele noi pentru spate. Sculele sunt preg\u0103tite. E\u0219ti gata de treab\u0103. \u00centrebarea real\u0103 nu este dac\u0103 \u0219tii cum se face. Este c\u00e2t timp \u00ee\u021bi ia efectiv, f\u0103r\u0103 s\u0103 te gr\u0103be\u0219ti \u0219i f\u0103r\u0103 s\u0103 sari peste pa\u0219i\u2026","rel":"","context":"\u00cen \u201eAuto-RO\u201d","block_context":{"text":"Auto-RO","link":"https:\/\/diagnozabam.ro\/sfaturi\/ro\/category\/auto\/"},"img":{"alt_text":"C\u00e2t dureaz\u0103 schimbarea fr\u00e2nelor pe spate","src":"https:\/\/i0.wp.com\/diagnozabam.ro\/sfaturi\/wp-content\/uploads\/2025\/03\/Cat-dureaza-schimbarea-franelor-pe-spate.webp?resize=350%2C200&ssl=1","width":350,"height":200,"srcset":"https:\/\/i0.wp.com\/diagnozabam.ro\/sfaturi\/wp-content\/uploads\/2025\/03\/Cat-dureaza-schimbarea-franelor-pe-spate.webp?resize=350%2C200&ssl=1 1x, https:\/\/i0.wp.com\/diagnozabam.ro\/sfaturi\/wp-content\/uploads\/2025\/03\/Cat-dureaza-schimbarea-franelor-pe-spate.webp?resize=525%2C300&ssl=1 1.5x, https:\/\/i0.wp.com\/diagnozabam.ro\/sfaturi\/wp-content\/uploads\/2025\/03\/Cat-dureaza-schimbarea-franelor-pe-spate.webp?resize=700%2C400&ssl=1 2x, https:\/\/i0.wp.com\/diagnozabam.ro\/sfaturi\/wp-content\/uploads\/2025\/03\/Cat-dureaza-schimbarea-franelor-pe-spate.webp?resize=1050%2C600&ssl=1 3x, https:\/\/i0.wp.com\/diagnozabam.ro\/sfaturi\/wp-content\/uploads\/2025\/03\/Cat-dureaza-schimbarea-franelor-pe-spate.webp?resize=1400%2C800&ssl=1 4x"},"classes":[]}],"jetpack_shortlink":"https:\/\/wp.me\/pf97go-2SD","jetpack_featured_media_url":"https:\/\/diagnozabam.ro\/sfaturi\/wp-content\/uploads\/2024\/07\/de-ce-scartaie-placutele-de-frana.webp","pll_sync_post":[],"_links":{"self":[{"href":"https:\/\/diagnozabam.ro\/sfaturi\/wp-json\/wp\/v2\/posts\/11075","targetHints":{"allow":["GET"]}}],"collection":[{"href":"https:\/\/diagnozabam.ro\/sfaturi\/wp-json\/wp\/v2\/posts"}],"about":[{"href":"https:\/\/diagnozabam.ro\/sfaturi\/wp-json\/wp\/v2\/types\/post"}],"author":[{"embeddable":true,"href":"https:\/\/diagnozabam.ro\/sfaturi\/wp-json\/wp\/v2\/users\/1"}],"replies":[{"embeddable":true,"href":"https:\/\/diagnozabam.ro\/sfaturi\/wp-json\/wp\/v2\/comments?post=11075"}],"version-history":[{"count":7,"href":"https:\/\/diagnozabam.ro\/sfaturi\/wp-json\/wp\/v2\/posts\/11075\/revisions"}],"predecessor-version":[{"id":46790,"href":"https:\/\/diagnozabam.ro\/sfaturi\/wp-json\/wp\/v2\/posts\/11075\/revisions\/46790"}],"wp:featuredmedia":[{"embeddable":true,"href":"https:\/\/diagnozabam.ro\/sfaturi\/wp-json\/wp\/v2\/media\/11077"}],"wp:attachment":[{"href":"https:\/\/diagnozabam.ro\/sfaturi\/wp-json\/wp\/v2\/media?parent=11075"}],"wp:term":[{"taxonomy":"category","embeddable":true,"href":"https:\/\/diagnozabam.ro\/sfaturi\/wp-json\/wp\/v2\/categories?post=11075"},{"taxonomy":"post_tag","embeddable":true,"href":"https:\/\/diagnozabam.ro\/sfaturi\/wp-json\/wp\/v2\/tags?post=11075"}],"curies":[{"name":"wp","href":"https:\/\/api.w.org\/{rel}","templated":true}]}}