{"id":12550,"date":"2024-12-06T07:59:39","date_gmt":"2024-12-06T04:59:39","guid":{"rendered":"https:\/\/diagnozabam.ro\/sfaturi\/?p=12550"},"modified":"2025-04-02T12:10:54","modified_gmt":"2025-04-02T09:10:54","slug":"ferrari-f40-masina-de-vis-care-a-definit-o-epoca","status":"publish","type":"post","link":"https:\/\/diagnozabam.ro\/sfaturi\/ro\/blog\/ferrari-f40-masina-de-vis-care-a-definit-o-epoca\/","title":{"rendered":"Ferrari F40: Ma\u0219ina de vis care a definit o epoc\u0103"},"content":{"rendered":"<h1>Ferrari F40: Ma\u0219ina de vis care a definit o epoc\u0103<\/h1>\n<p><img decoding=\"async\" class=\"size-full wp-image-12551 aligncenter\" src=\"https:\/\/diagnozabam.ro\/sfaturi\/wp-content\/uploads\/2024\/12\/https___www.promotor.ro_wp-content_uploads_2024_12_ferrari-f40-ultima-masina-aprobata-de-insusi-enzo-ferrari-2-1.webp\" alt=\"Ferrari F40: Ma\u0219ina de vis care a definit o epoc\u0103 - https   www.promotor.ro wp content uploads 2024 12 ferrari f40 ultima masina aprobata de insusi enzo ferrari 2 1\" width=\"1050\" height=\"700\" title=\"Ferrari F40: Ma\u0219ina de vis care a definit o epoc\u0103 - https   www.promotor.ro wp content uploads 2024 12 ferrari f40 ultima masina aprobata de insusi enzo ferrari 2 1\"><\/p>\n<p>Ferrari F40 este considerat\u0103 una dintre cele mai importante crea\u021bii ale produc\u0103torului italian, fiind ultima ma\u0219in\u0103 aprobat\u0103 personal de Enzo Ferrari. Lansat \u00een 1987 pentru a celebra 40 de ani de la \u00eenfiin\u021barea companiei, acest <a href=\"https:\/\/diagnozabam.ro\/sfaturi\/ro\/blog\/huracan-evo-darwinpro-monstrul-tunat-ilegal-de-agresiv\/\">supercar<\/a> a devenit rapid un simbol al performan\u021bei \u0219i ingineriei auto, fiind venerat de o \u00eentreag\u0103 genera\u021bie.<\/p>\n<h3><strong>Performan\u021b\u0103 legendar\u0103 \u0219i inginerie inovatoare<\/strong><\/h3>\n<p>F40 a fost, la vremea sa, <a href=\"https:\/\/diagnozabam.ro\/sfaturi\/ro\/blog\/20-de-ani-cu-opel-corsa-d-istoria-unui-campion\/\">cel mai puternic model<\/a> produs de Ferrari. Echipat cu un <a href=\"https:\/\/diagnozabam.ro\/sfaturi\/ro\/blog\/motor-turbo-2\/\">motor<\/a> V8 de 2,9 litri, supraalimentat de dou\u0103 turbine, dezvolta o putere impresionant\u0103 de 478 <a href=\"https:\/\/diagnozabam.ro\/sfaturi\/ro\/blog\/cal-putere-cp\/\">CP<\/a> \u0219i un cuplu de 577 Nm. Transmisia manual\u0103 cu 5 trepte trimitea \u00eentreaga for\u021b\u0103 c\u0103tre puntea spate, asigur\u00e2nd o experien\u021b\u0103 de condus pur\u0103 \u0219i electrizant\u0103. Cu o greutate de doar 1100 kg, F40 dep\u0103\u0219ea rivali precum <a href=\"https:\/\/diagnozabam.ro\/sfaturi\/ro\/blog\/larte-design-testeaza-porsche-cayenne-in-arctica\/\">Porsche<\/a> 959 \u00een termeni de agilitate \u0219i performan\u021b\u0103.<\/p>\n<p>Modelul a fost inspirat din ma\u0219ina de competi\u021bie\u00a0<strong>Ferrari 288 GTO Evoluzione<\/strong>, dezvoltat\u0103 pentru a concura cu <a href=\"https:\/\/diagnozabam.ro\/sfaturi\/ro\/blog\/larte-design-testeaza-porsche-cayenne-in-arctica\/\">Porsche<\/a> 959 \u00een Grupa B a Campionatului Mondial de Raliuri. \u00cen ciuda acestui scop ini\u021bial, F40 a fost transformat \u00eentr-un <a href=\"https:\/\/diagnozabam.ro\/sfaturi\/ro\/blog\/huracan-evo-darwinpro-monstrul-tunat-ilegal-de-agresiv\/\">supercar<\/a> de strad\u0103 care putea accelera de la 0 la 100 km\/h \u00een doar 4,6 secunde, ating\u00e2nd o vitez\u0103 maxim\u0103 de 321 km\/h.<\/p>\n<h3><strong>Design iconic de Leonardo Fioravanti<\/strong><\/h3>\n<p>Caroseria lui Ferrari F40, creat\u0103 de Leonardo Fioravanti, reflect\u0103 echilibrul perfect \u00eentre aerodinamic\u0103 \u0219i estetic\u0103. Fioravanti, care a semnat \u0219i alte modele emblematice precum 288 GTO, Dino \u0219i 512 Berlinetta Boxer, a optat pentru linii agresive \u0219i func\u021bionale. Caroseria realizat\u0103 din materiale u\u0219oare precum Kevlar \u0219i aluminiu a contribuit la reducerea masei vehiculului, sporind performan\u021ba.<\/p>\n<h3><strong>Produc\u021bie \u0219i exclusivitate<\/strong><\/h3>\n<p>Ini\u021bial, Ferrari a planificat s\u0103 produc\u0103 doar 400 de exemplare, \u00eens\u0103 cererea uria\u0219\u0103 a extins produc\u021bia la 1311 unit\u0103\u021bi \u00eentre 1987 \u0219i 1992. Toate exemplarele au fost vopsite \u00een nuan\u021ba iconic\u0103\u00a0<strong>Rosso Corsa<\/strong>\u00a0\u0219i echipate cu volan pe partea st\u00e2ng\u0103.<\/p>\n<p>Unul dintre aceste modele, fabricat \u00een 1989 cu specifica\u021bii europene, face parte din impresionanta colec\u021bie \u021airiac Collection. Acesta p\u0103streaz\u0103 vopseaua original\u0103 \u0219i este o m\u0103rturie a durabilit\u0103\u021bii \u0219i impactului cultural al acestui <a href=\"https:\/\/diagnozabam.ro\/sfaturi\/ro\/blog\/huracan-evo-darwinpro-monstrul-tunat-ilegal-de-agresiv\/\">supercar<\/a> legendar.<\/p>\n<h3><strong>Ferrari F40 \u00een \u021airiac Collection<\/strong><\/h3>\n<p>Pentru cei pasiona\u021bi de <a href=\"https:\/\/diagnozabam.ro\/sfaturi\/ro\/blog\/citroen-2cv-sahara-masina-cu-doua-motoare\/\">ma\u0219ini clasice<\/a> \u0219i de istoria automobilului, Ferrari F40 poate fi admirat \u00een cadrul galeriei\u00a0<strong>\u021airiac Collection<\/strong>, al\u0103turi de alte modele de referin\u021b\u0103. Galeria este deschis\u0103 vizitatorilor \u00een fiecare weekend, de vineri p\u00e2n\u0103 duminic\u0103, \u00eentre orele 10:00 \u0219i 19:00, la adresa Calea Bucure\u0219tilor nr. 289, Otopeni.<\/p>\n<p>Ferrari F40 nu este doar o ma\u0219in\u0103, ci un simbol al pasiunii pentru vitez\u0103 \u0219i al ingineriei italiene de top, continu\u00e2nd s\u0103 inspire genera\u021bii \u00eentregi de iubitori de automobile.<\/p>\n<p><a href=\"https:\/\/www.promotor.ro\/tiriac-collection\/ferrari-f40-19341647\">Sursa<\/a><\/p>\n","protected":false},"excerpt":{"rendered":"<p>Ferrari F40: Ma\u0219ina de vis care a definit o epoc\u0103 Ferrari F40 este considerat\u0103 una dintre cele mai importante crea\u021bii ale produc\u0103torului italian, fiind ultima ma\u0219in\u0103 aprobat\u0103 personal de Enzo&hellip;<\/p>\n","protected":false},"author":1,"featured_media":12551,"comment_status":"open","ping_status":"closed","sticky":false,"template":"","format":"standard","meta":{"_sitemap_exclude":false,"_sitemap_priority":"","_sitemap_frequency":"","footnotes":"","jetpack_publicize_message":"","jetpack_publicize_feature_enabled":true,"jetpack_social_post_already_shared":true,"jetpack_social_options":{"image_generator_settings":{"template":"highway","default_image_id":0,"font":"","enabled":false},"version":2},"jetpack_post_was_ever_published":false},"categories":[357],"tags":[13256,13261,4533,13260,13259,13258,13257,13255,1606],"class_list":["post-12550","post","type-post","status-publish","format-standard","has-post-thumbnail","hentry","category-stiri","tag-enzo-ferrari","tag-ferrari-performance","tag-ferrari-f40","tag-legendary-supercar","tag-leonardo-fioravanti","tag-performanta-ferrari","tag-rosso-corsa","tag-supercar-legendar","tag-tiriac-collection"],"yoast_head":"<!-- This site is optimized with the Yoast SEO Premium plugin v27.7 (Yoast SEO v28.4) - https:\/\/yoast.com\/product\/yoast-seo-premium-wordpress\/ -->\n<title>Ferrari F40: Ma\u0219ina de vis care a definit o epoc\u0103 - Diagnoza BAM<\/title>\n<meta name=\"description\" content=\"Ferrari F40: Ma\u0219ina de vis care a definit o epoc\u0103 Ferrari F40 este considerat\u0103 una dintre cele mai importante crea\u021bii ale...\" \/>\n<meta name=\"robots\" content=\"index, follow, max-snippet:-1, max-image-preview:large, max-video-preview:-1\" \/>\n<link rel=\"canonical\" href=\"https:\/\/diagnozabam.ro\/sfaturi\/ro\/blog\/ferrari-f40-masina-de-vis-care-a-definit-o-epoca\/\" \/>\n<meta property=\"og:locale\" content=\"ro_RO\" \/>\n<meta property=\"og:type\" content=\"article\" \/>\n<meta property=\"og:title\" content=\"Ferrari F40: Ma\u0219ina de vis care a definit o epoc\u0103\" \/>\n<meta property=\"og:description\" content=\"Ferrari F40: Ma\u0219ina de vis care a definit o epoc\u0103 Ferrari F40 este considerat\u0103 una dintre cele mai importante crea\u021bii ale produc\u0103torului italian, fiind ultima ma\u0219in\u0103 aprobat\u0103 personal de Enzo&hellip;\" \/>\n<meta property=\"og:url\" content=\"https:\/\/diagnozabam.ro\/sfaturi\/ro\/blog\/ferrari-f40-masina-de-vis-care-a-definit-o-epoca\/\" \/>\n<meta property=\"og:site_name\" content=\"Diagnoza BAM\" \/>\n<meta property=\"article:publisher\" content=\"https:\/\/www.facebook.com\/diagnozabam\" \/>\n<meta property=\"article:published_time\" content=\"2024-12-06T04:59:39+00:00\" \/>\n<meta property=\"article:modified_time\" content=\"2025-04-02T09:10:54+00:00\" \/>\n<meta property=\"og:image\" content=\"https:\/\/diagnozabam.ro\/sfaturi\/wp-content\/uploads\/2024\/12\/ferrari-f40-masina-de-vis-care-a-definit-o-epoca.webp\" \/>\n\t<meta property=\"og:image:width\" content=\"1050\" \/>\n\t<meta property=\"og:image:height\" content=\"700\" \/>\n\t<meta property=\"og:image:type\" content=\"image\/webp\" \/>\n<meta name=\"author\" content=\"Bejenaru Alexandru Ionut\" \/>\n<meta name=\"twitter:card\" content=\"summary_large_image\" \/>\n<meta name=\"twitter:label1\" content=\"Scris de\" \/>\n\t<meta name=\"twitter:data1\" content=\"Bejenaru Alexandru Ionut\" \/>\n\t<meta name=\"twitter:label2\" content=\"Timp estimat pentru citire\" \/>\n\t<meta name=\"twitter:data2\" content=\"2 minute\" \/>\n<script type=\"application\/ld+json\" class=\"yoast-schema-graph\">{\"@context\":\"https:\\\/\\\/schema.org\",\"@graph\":[{\"@type\":\"NewsArticle\",\"@id\":\"https:\\\/\\\/diagnozabam.ro\\\/sfaturi\\\/ro\\\/blog\\\/ferrari-f40-masina-de-vis-care-a-definit-o-epoca\\\/#article\",\"isPartOf\":{\"@id\":\"https:\\\/\\\/diagnozabam.ro\\\/sfaturi\\\/ro\\\/blog\\\/ferrari-f40-masina-de-vis-care-a-definit-o-epoca\\\/\"},\"author\":{\"name\":\"Bejenaru Alexandru Ionut\",\"@id\":\"https:\\\/\\\/diagnozabam.ro\\\/sfaturi\\\/#\\\/schema\\\/person\\\/77202adf825f4528d9ba9ab5b4ffafec\"},\"headline\":\"Ferrari F40: Ma\u0219ina de vis care a definit o epoc\u0103\",\"datePublished\":\"2024-12-06T04:59:39+00:00\",\"dateModified\":\"2025-04-02T09:10:54+00:00\",\"mainEntityOfPage\":{\"@id\":\"https:\\\/\\\/diagnozabam.ro\\\/sfaturi\\\/ro\\\/blog\\\/ferrari-f40-masina-de-vis-care-a-definit-o-epoca\\\/\"},\"wordCount\":449,\"commentCount\":0,\"publisher\":{\"@id\":\"https:\\\/\\\/diagnozabam.ro\\\/sfaturi\\\/#organization\"},\"image\":{\"@id\":\"https:\\\/\\\/diagnozabam.ro\\\/sfaturi\\\/ro\\\/blog\\\/ferrari-f40-masina-de-vis-care-a-definit-o-epoca\\\/#primaryimage\"},\"thumbnailUrl\":\"https:\\\/\\\/diagnozabam.ro\\\/sfaturi\\\/wp-content\\\/uploads\\\/2024\\\/12\\\/ferrari-f40-masina-de-vis-care-a-definit-o-epoca.webp\",\"keywords\":[\"Enzo Ferrari\",\"Ferrari performance\",\"Ferrari-F40\",\"legendary supercar\",\"Leonardo Fioravanti\",\"performan\u021b\u0103 Ferrari\",\"Rosso Corsa\",\"supercar legendar\",\"Tiriac Collection\"],\"articleSection\":[\"\u0218tiri\"],\"inLanguage\":\"ro-RO\",\"potentialAction\":[{\"@type\":\"CommentAction\",\"name\":\"Comment\",\"target\":[\"https:\\\/\\\/diagnozabam.ro\\\/sfaturi\\\/ro\\\/blog\\\/ferrari-f40-masina-de-vis-care-a-definit-o-epoca\\\/#respond\"]}]},{\"@type\":\"WebPage\",\"@id\":\"https:\\\/\\\/diagnozabam.ro\\\/sfaturi\\\/ro\\\/blog\\\/ferrari-f40-masina-de-vis-care-a-definit-o-epoca\\\/\",\"url\":\"https:\\\/\\\/diagnozabam.ro\\\/sfaturi\\\/ro\\\/blog\\\/ferrari-f40-masina-de-vis-care-a-definit-o-epoca\\\/\",\"name\":\"Ferrari F40: Ma\u0219ina de vis care a definit o epoc\u0103 - Diagnoza BAM\",\"isPartOf\":{\"@id\":\"https:\\\/\\\/diagnozabam.ro\\\/sfaturi\\\/#website\"},\"primaryImageOfPage\":{\"@id\":\"https:\\\/\\\/diagnozabam.ro\\\/sfaturi\\\/ro\\\/blog\\\/ferrari-f40-masina-de-vis-care-a-definit-o-epoca\\\/#primaryimage\"},\"image\":{\"@id\":\"https:\\\/\\\/diagnozabam.ro\\\/sfaturi\\\/ro\\\/blog\\\/ferrari-f40-masina-de-vis-care-a-definit-o-epoca\\\/#primaryimage\"},\"thumbnailUrl\":\"https:\\\/\\\/diagnozabam.ro\\\/sfaturi\\\/wp-content\\\/uploads\\\/2024\\\/12\\\/ferrari-f40-masina-de-vis-care-a-definit-o-epoca.webp\",\"datePublished\":\"2024-12-06T04:59:39+00:00\",\"dateModified\":\"2025-04-02T09:10:54+00:00\",\"description\":\"Ferrari F40: Ma\u0219ina de vis care a definit o epoc\u0103 Ferrari F40 este considerat\u0103 una dintre cele mai importante crea\u021bii ale produc\u0103torului italian, fiind ultima ma\u0219in\u0103 aprobat\u0103 personal de Enzo&hellip;\",\"breadcrumb\":{\"@id\":\"https:\\\/\\\/diagnozabam.ro\\\/sfaturi\\\/ro\\\/blog\\\/ferrari-f40-masina-de-vis-care-a-definit-o-epoca\\\/#breadcrumb\"},\"inLanguage\":\"ro-RO\",\"potentialAction\":[{\"@type\":\"ReadAction\",\"target\":[\"https:\\\/\\\/diagnozabam.ro\\\/sfaturi\\\/ro\\\/blog\\\/ferrari-f40-masina-de-vis-care-a-definit-o-epoca\\\/\"]}]},{\"@type\":\"ImageObject\",\"inLanguage\":\"ro-RO\",\"@id\":\"https:\\\/\\\/diagnozabam.ro\\\/sfaturi\\\/ro\\\/blog\\\/ferrari-f40-masina-de-vis-care-a-definit-o-epoca\\\/#primaryimage\",\"url\":\"https:\\\/\\\/diagnozabam.ro\\\/sfaturi\\\/wp-content\\\/uploads\\\/2024\\\/12\\\/ferrari-f40-masina-de-vis-care-a-definit-o-epoca.webp\",\"contentUrl\":\"https:\\\/\\\/diagnozabam.ro\\\/sfaturi\\\/wp-content\\\/uploads\\\/2024\\\/12\\\/ferrari-f40-masina-de-vis-care-a-definit-o-epoca.webp\",\"width\":1050,\"height\":700,\"caption\":\"ferrari f40 masina de vis care a definit o epoca\"},{\"@type\":\"BreadcrumbList\",\"@id\":\"https:\\\/\\\/diagnozabam.ro\\\/sfaturi\\\/ro\\\/blog\\\/ferrari-f40-masina-de-vis-care-a-definit-o-epoca\\\/#breadcrumb\",\"itemListElement\":[{\"@type\":\"ListItem\",\"position\":1,\"name\":\"Home\",\"item\":\"https:\\\/\\\/diagnozabam.ro\\\/sfaturi\\\/\"},{\"@type\":\"ListItem\",\"position\":2,\"name\":\"Ferrari F40: Ma\u0219ina de vis care a definit o epoc\u0103\"}]},{\"@type\":\"WebSite\",\"@id\":\"https:\\\/\\\/diagnozabam.ro\\\/sfaturi\\\/#website\",\"url\":\"https:\\\/\\\/diagnozabam.ro\\\/sfaturi\\\/\",\"name\":\"Diagnoza BAM\",\"description\":\"Independent Auto Diagnostics, Tech Analysis and Smart Insights\",\"publisher\":{\"@id\":\"https:\\\/\\\/diagnozabam.ro\\\/sfaturi\\\/#organization\"},\"alternateName\":\"DBAM\",\"potentialAction\":[{\"@type\":\"SearchAction\",\"target\":{\"@type\":\"EntryPoint\",\"urlTemplate\":\"https:\\\/\\\/diagnozabam.ro\\\/sfaturi\\\/?s={search_term_string}\"},\"query-input\":{\"@type\":\"PropertyValueSpecification\",\"valueRequired\":true,\"valueName\":\"search_term_string\"}}],\"inLanguage\":\"ro-RO\"},{\"@type\":\"Organization\",\"@id\":\"https:\\\/\\\/diagnozabam.ro\\\/sfaturi\\\/#organization\",\"name\":\"Diagnoza BAM\",\"alternateName\":\"DBAM\",\"url\":\"https:\\\/\\\/diagnozabam.ro\\\/sfaturi\\\/\",\"logo\":{\"@type\":\"ImageObject\",\"inLanguage\":\"ro-RO\",\"@id\":\"https:\\\/\\\/diagnozabam.ro\\\/sfaturi\\\/#\\\/schema\\\/logo\\\/image\\\/\",\"url\":\"https:\\\/\\\/diagnozabam.ro\\\/sfaturi\\\/wp-content\\\/uploads\\\/2025\\\/11\\\/logo-diagnoza-bam-imagine.webp\",\"contentUrl\":\"https:\\\/\\\/diagnozabam.ro\\\/sfaturi\\\/wp-content\\\/uploads\\\/2025\\\/11\\\/logo-diagnoza-bam-imagine.webp\",\"width\":512,\"height\":512,\"caption\":\"Diagnoza BAM\"},\"image\":{\"@id\":\"https:\\\/\\\/diagnozabam.ro\\\/sfaturi\\\/#\\\/schema\\\/logo\\\/image\\\/\"},\"sameAs\":[\"https:\\\/\\\/www.facebook.com\\\/diagnozabam\",\"https:\\\/\\\/mastodon.social\\\/@diagnozabam\",\"https:\\\/\\\/bsky.app\\\/profile\\\/did:plc:f4cmgfa3nv33bch7p3wgwchr\",\"https:\\\/\\\/www.tumblr.com\\\/diagbam\"],\"description\":\"Independent publishing platform focused on automotive diagnostics, OBD2 analysis, repair cost breakdowns, technology insights and practical technical guides.\",\"email\":\"redactie@diagnozabam.ro\",\"foundingDate\":\"2023-02-16\"},{\"@type\":\"Person\",\"@id\":\"https:\\\/\\\/diagnozabam.ro\\\/sfaturi\\\/#\\\/schema\\\/person\\\/77202adf825f4528d9ba9ab5b4ffafec\",\"name\":\"Bejenaru Alexandru Ionut\",\"image\":{\"@type\":\"ImageObject\",\"inLanguage\":\"ro-RO\",\"@id\":\"https:\\\/\\\/secure.gravatar.com\\\/avatar\\\/96634b44a266a571c59a5e82fc6f12edfb6876914735dbc57aa2348d11395470?s=96&d=mm&r=g\",\"url\":\"https:\\\/\\\/secure.gravatar.com\\\/avatar\\\/96634b44a266a571c59a5e82fc6f12edfb6876914735dbc57aa2348d11395470?s=96&d=mm&r=g\",\"contentUrl\":\"https:\\\/\\\/secure.gravatar.com\\\/avatar\\\/96634b44a266a571c59a5e82fc6f12edfb6876914735dbc57aa2348d11395470?s=96&d=mm&r=g\",\"caption\":\"Bejenaru Alexandru Ionut\"},\"sameAs\":[\"https:\\\/\\\/diagnozabam.ro\"],\"honorificPrefix\":\"Mr.\",\"birthDate\":\"1997-12-23\",\"url\":\"https:\\\/\\\/diagnozabam.ro\\\/sfaturi\\\/blog\\\/author\\\/bejenaru-alexandru-ionut\\\/\"}]}<\/script>\n<!-- \/ Yoast SEO Premium plugin. -->","yoast_head_json":{"title":"Ferrari F40: Ma\u0219ina de vis care a definit o epoc\u0103 - Diagnoza BAM","description":"Ferrari F40: Ma\u0219ina de vis care a definit o epoc\u0103 Ferrari F40 este considerat\u0103 una dintre cele mai importante crea\u021bii ale...","robots":{"index":"index","follow":"follow","max-snippet":"max-snippet:-1","max-image-preview":"max-image-preview:large","max-video-preview":"max-video-preview:-1"},"canonical":"https:\/\/diagnozabam.ro\/sfaturi\/ro\/blog\/ferrari-f40-masina-de-vis-care-a-definit-o-epoca\/","og_locale":"ro_RO","og_type":"article","og_title":"Ferrari F40: Ma\u0219ina de vis care a definit o epoc\u0103","og_description":"Ferrari F40: Ma\u0219ina de vis care a definit o epoc\u0103 Ferrari F40 este considerat\u0103 una dintre cele mai importante crea\u021bii ale produc\u0103torului italian, fiind ultima ma\u0219in\u0103 aprobat\u0103 personal de Enzo&hellip;","og_url":"https:\/\/diagnozabam.ro\/sfaturi\/ro\/blog\/ferrari-f40-masina-de-vis-care-a-definit-o-epoca\/","og_site_name":"Diagnoza BAM","article_publisher":"https:\/\/www.facebook.com\/diagnozabam","article_published_time":"2024-12-06T04:59:39+00:00","article_modified_time":"2025-04-02T09:10:54+00:00","og_image":[{"width":1050,"height":700,"url":"https:\/\/diagnozabam.ro\/sfaturi\/wp-content\/uploads\/2024\/12\/ferrari-f40-masina-de-vis-care-a-definit-o-epoca.webp","type":"image\/webp"}],"author":"Bejenaru Alexandru Ionut","twitter_card":"summary_large_image","twitter_misc":{"Scris de":"Bejenaru Alexandru Ionut","Timp estimat pentru citire":"2 minute"},"schema":{"@context":"https:\/\/schema.org","@graph":[{"@type":"NewsArticle","@id":"https:\/\/diagnozabam.ro\/sfaturi\/ro\/blog\/ferrari-f40-masina-de-vis-care-a-definit-o-epoca\/#article","isPartOf":{"@id":"https:\/\/diagnozabam.ro\/sfaturi\/ro\/blog\/ferrari-f40-masina-de-vis-care-a-definit-o-epoca\/"},"author":{"name":"Bejenaru Alexandru Ionut","@id":"https:\/\/diagnozabam.ro\/sfaturi\/#\/schema\/person\/77202adf825f4528d9ba9ab5b4ffafec"},"headline":"Ferrari F40: Ma\u0219ina de vis care a definit o epoc\u0103","datePublished":"2024-12-06T04:59:39+00:00","dateModified":"2025-04-02T09:10:54+00:00","mainEntityOfPage":{"@id":"https:\/\/diagnozabam.ro\/sfaturi\/ro\/blog\/ferrari-f40-masina-de-vis-care-a-definit-o-epoca\/"},"wordCount":449,"commentCount":0,"publisher":{"@id":"https:\/\/diagnozabam.ro\/sfaturi\/#organization"},"image":{"@id":"https:\/\/diagnozabam.ro\/sfaturi\/ro\/blog\/ferrari-f40-masina-de-vis-care-a-definit-o-epoca\/#primaryimage"},"thumbnailUrl":"https:\/\/diagnozabam.ro\/sfaturi\/wp-content\/uploads\/2024\/12\/ferrari-f40-masina-de-vis-care-a-definit-o-epoca.webp","keywords":["Enzo Ferrari","Ferrari performance","Ferrari-F40","legendary supercar","Leonardo Fioravanti","performan\u021b\u0103 Ferrari","Rosso Corsa","supercar legendar","Tiriac Collection"],"articleSection":["\u0218tiri"],"inLanguage":"ro-RO","potentialAction":[{"@type":"CommentAction","name":"Comment","target":["https:\/\/diagnozabam.ro\/sfaturi\/ro\/blog\/ferrari-f40-masina-de-vis-care-a-definit-o-epoca\/#respond"]}]},{"@type":"WebPage","@id":"https:\/\/diagnozabam.ro\/sfaturi\/ro\/blog\/ferrari-f40-masina-de-vis-care-a-definit-o-epoca\/","url":"https:\/\/diagnozabam.ro\/sfaturi\/ro\/blog\/ferrari-f40-masina-de-vis-care-a-definit-o-epoca\/","name":"Ferrari F40: Ma\u0219ina de vis care a definit o epoc\u0103 - Diagnoza BAM","isPartOf":{"@id":"https:\/\/diagnozabam.ro\/sfaturi\/#website"},"primaryImageOfPage":{"@id":"https:\/\/diagnozabam.ro\/sfaturi\/ro\/blog\/ferrari-f40-masina-de-vis-care-a-definit-o-epoca\/#primaryimage"},"image":{"@id":"https:\/\/diagnozabam.ro\/sfaturi\/ro\/blog\/ferrari-f40-masina-de-vis-care-a-definit-o-epoca\/#primaryimage"},"thumbnailUrl":"https:\/\/diagnozabam.ro\/sfaturi\/wp-content\/uploads\/2024\/12\/ferrari-f40-masina-de-vis-care-a-definit-o-epoca.webp","datePublished":"2024-12-06T04:59:39+00:00","dateModified":"2025-04-02T09:10:54+00:00","description":"Ferrari F40: Ma\u0219ina de vis care a definit o epoc\u0103 Ferrari F40 este considerat\u0103 una dintre cele mai importante crea\u021bii ale produc\u0103torului italian, fiind ultima ma\u0219in\u0103 aprobat\u0103 personal de Enzo&hellip;","breadcrumb":{"@id":"https:\/\/diagnozabam.ro\/sfaturi\/ro\/blog\/ferrari-f40-masina-de-vis-care-a-definit-o-epoca\/#breadcrumb"},"inLanguage":"ro-RO","potentialAction":[{"@type":"ReadAction","target":["https:\/\/diagnozabam.ro\/sfaturi\/ro\/blog\/ferrari-f40-masina-de-vis-care-a-definit-o-epoca\/"]}]},{"@type":"ImageObject","inLanguage":"ro-RO","@id":"https:\/\/diagnozabam.ro\/sfaturi\/ro\/blog\/ferrari-f40-masina-de-vis-care-a-definit-o-epoca\/#primaryimage","url":"https:\/\/diagnozabam.ro\/sfaturi\/wp-content\/uploads\/2024\/12\/ferrari-f40-masina-de-vis-care-a-definit-o-epoca.webp","contentUrl":"https:\/\/diagnozabam.ro\/sfaturi\/wp-content\/uploads\/2024\/12\/ferrari-f40-masina-de-vis-care-a-definit-o-epoca.webp","width":1050,"height":700,"caption":"ferrari f40 masina de vis care a definit o epoca"},{"@type":"BreadcrumbList","@id":"https:\/\/diagnozabam.ro\/sfaturi\/ro\/blog\/ferrari-f40-masina-de-vis-care-a-definit-o-epoca\/#breadcrumb","itemListElement":[{"@type":"ListItem","position":1,"name":"Home","item":"https:\/\/diagnozabam.ro\/sfaturi\/"},{"@type":"ListItem","position":2,"name":"Ferrari F40: Ma\u0219ina de vis care a definit o epoc\u0103"}]},{"@type":"WebSite","@id":"https:\/\/diagnozabam.ro\/sfaturi\/#website","url":"https:\/\/diagnozabam.ro\/sfaturi\/","name":"Diagnoza BAM","description":"Independent Auto Diagnostics, Tech Analysis and Smart Insights","publisher":{"@id":"https:\/\/diagnozabam.ro\/sfaturi\/#organization"},"alternateName":"DBAM","potentialAction":[{"@type":"SearchAction","target":{"@type":"EntryPoint","urlTemplate":"https:\/\/diagnozabam.ro\/sfaturi\/?s={search_term_string}"},"query-input":{"@type":"PropertyValueSpecification","valueRequired":true,"valueName":"search_term_string"}}],"inLanguage":"ro-RO"},{"@type":"Organization","@id":"https:\/\/diagnozabam.ro\/sfaturi\/#organization","name":"Diagnoza BAM","alternateName":"DBAM","url":"https:\/\/diagnozabam.ro\/sfaturi\/","logo":{"@type":"ImageObject","inLanguage":"ro-RO","@id":"https:\/\/diagnozabam.ro\/sfaturi\/#\/schema\/logo\/image\/","url":"https:\/\/diagnozabam.ro\/sfaturi\/wp-content\/uploads\/2025\/11\/logo-diagnoza-bam-imagine.webp","contentUrl":"https:\/\/diagnozabam.ro\/sfaturi\/wp-content\/uploads\/2025\/11\/logo-diagnoza-bam-imagine.webp","width":512,"height":512,"caption":"Diagnoza BAM"},"image":{"@id":"https:\/\/diagnozabam.ro\/sfaturi\/#\/schema\/logo\/image\/"},"sameAs":["https:\/\/www.facebook.com\/diagnozabam","https:\/\/mastodon.social\/@diagnozabam","https:\/\/bsky.app\/profile\/did:plc:f4cmgfa3nv33bch7p3wgwchr","https:\/\/www.tumblr.com\/diagbam"],"description":"Independent publishing platform focused on automotive diagnostics, OBD2 analysis, repair cost breakdowns, technology insights and practical technical guides.","email":"redactie@diagnozabam.ro","foundingDate":"2023-02-16"},{"@type":"Person","@id":"https:\/\/diagnozabam.ro\/sfaturi\/#\/schema\/person\/77202adf825f4528d9ba9ab5b4ffafec","name":"Bejenaru Alexandru Ionut","image":{"@type":"ImageObject","inLanguage":"ro-RO","@id":"https:\/\/secure.gravatar.com\/avatar\/96634b44a266a571c59a5e82fc6f12edfb6876914735dbc57aa2348d11395470?s=96&d=mm&r=g","url":"https:\/\/secure.gravatar.com\/avatar\/96634b44a266a571c59a5e82fc6f12edfb6876914735dbc57aa2348d11395470?s=96&d=mm&r=g","contentUrl":"https:\/\/secure.gravatar.com\/avatar\/96634b44a266a571c59a5e82fc6f12edfb6876914735dbc57aa2348d11395470?s=96&d=mm&r=g","caption":"Bejenaru Alexandru Ionut"},"sameAs":["https:\/\/diagnozabam.ro"],"honorificPrefix":"Mr.","birthDate":"1997-12-23","url":"https:\/\/diagnozabam.ro\/sfaturi\/blog\/author\/bejenaru-alexandru-ionut\/"}]}},"lang":"ro","translations":{"ro":12550},"jetpack_publicize_connections":[],"jetpack-related-posts":[{"id":45992,"url":"https:\/\/diagnozabam.ro\/sfaturi\/ro\/blog\/ferrari-12cilindri-manuale-reteta-v12-de-830-cp\/","url_meta":{"origin":12550,"position":0},"title":"Ferrari 12Cilindri Manuale: Re\u021beta V12 de 830 CP","author":"Bejenaru Alexandru Ionut","date":"20 iulie 2026","format":false,"excerpt":"O decizie curajoas\u0103 \u00een epoca automatiz\u0103rii totale Industria auto global\u0103 este obsedat\u0103 \u00een prezent de electrificare complet\u0103. Toate ma\u0219inile noi primesc ecrane gigantice pe bord. Constructorii aleg transmisii automate complexe care iau absolut toate deciziile \u00een locul \u0219oferului. \u00cen acest context industrial rigid, constructorul din Maranello demonstreaz\u0103 un curaj fantastic.\u2026","rel":"","context":"\u00cen \u201e\u0218tiri\u201d","block_context":{"text":"\u0218tiri","link":"https:\/\/diagnozabam.ro\/sfaturi\/ro\/category\/stiri\/"},"img":{"alt_text":"Ferrari Cilindri Manuale mit Schaltkulisse","src":"https:\/\/i0.wp.com\/diagnozabam.ro\/sfaturi\/wp-content\/uploads\/2026\/07\/2026-ferrari-12cilindri-manuale-mit-schaltkulisse_34.webp?resize=350%2C200&ssl=1","width":350,"height":200,"srcset":"https:\/\/i0.wp.com\/diagnozabam.ro\/sfaturi\/wp-content\/uploads\/2026\/07\/2026-ferrari-12cilindri-manuale-mit-schaltkulisse_34.webp?resize=350%2C200&ssl=1 1x, https:\/\/i0.wp.com\/diagnozabam.ro\/sfaturi\/wp-content\/uploads\/2026\/07\/2026-ferrari-12cilindri-manuale-mit-schaltkulisse_34.webp?resize=525%2C300&ssl=1 1.5x, https:\/\/i0.wp.com\/diagnozabam.ro\/sfaturi\/wp-content\/uploads\/2026\/07\/2026-ferrari-12cilindri-manuale-mit-schaltkulisse_34.webp?resize=700%2C400&ssl=1 2x, https:\/\/i0.wp.com\/diagnozabam.ro\/sfaturi\/wp-content\/uploads\/2026\/07\/2026-ferrari-12cilindri-manuale-mit-schaltkulisse_34.webp?resize=1050%2C600&ssl=1 3x, https:\/\/i0.wp.com\/diagnozabam.ro\/sfaturi\/wp-content\/uploads\/2026\/07\/2026-ferrari-12cilindri-manuale-mit-schaltkulisse_34.webp?resize=1400%2C800&ssl=1 4x"},"classes":[]},{"id":47039,"url":"https:\/\/diagnozabam.ro\/sfaturi\/ro\/blog\/touring-superleggera-veloce12-aperta-ferrari-550-v12-restomod\/","url_meta":{"origin":12550,"position":1},"title":"Touring Superleggera Veloce12 Aperta: Ferrari 550 V12 Restomod!","author":"Bejenaru Alexandru Ionut","date":"1 septembrie 2026","format":false,"excerpt":"Touring Superleggera Veloce12 Aperta: Piesa de Colec\u021bie V12 de 530 CP Care Celebreaz\u0103 un Secol de Elit\u0103 Auto Casa de caroserie Touring Superleggera \u00ee\u0219i s\u0103rb\u0103tore\u0219te \u00eemplinirea a 100 de ani de existen\u021b\u0103 \u00eentr-un stil absolut memorabil. Noul Veloce12 Aperta transform\u0103 emblematicul Ferrari 550 Maranello \u00eentr-un Grand Tourer decapotabil creat pentru\u2026","rel":"","context":"\u00cen \u201e\u0218tiri\u201d","block_context":{"text":"\u0218tiri","link":"https:\/\/diagnozabam.ro\/sfaturi\/ro\/category\/stiri\/"},"img":{"alt_text":"Touring Superleggera Veloce Aperta Ferrari Restomod","src":"https:\/\/i0.wp.com\/diagnozabam.ro\/sfaturi\/wp-content\/uploads\/2026\/08\/touring-superleggera-veloce12-aperta-ferrari-550-restomod.webp?resize=350%2C200&ssl=1","width":350,"height":200,"srcset":"https:\/\/i0.wp.com\/diagnozabam.ro\/sfaturi\/wp-content\/uploads\/2026\/08\/touring-superleggera-veloce12-aperta-ferrari-550-restomod.webp?resize=350%2C200&ssl=1 1x, https:\/\/i0.wp.com\/diagnozabam.ro\/sfaturi\/wp-content\/uploads\/2026\/08\/touring-superleggera-veloce12-aperta-ferrari-550-restomod.webp?resize=525%2C300&ssl=1 1.5x, https:\/\/i0.wp.com\/diagnozabam.ro\/sfaturi\/wp-content\/uploads\/2026\/08\/touring-superleggera-veloce12-aperta-ferrari-550-restomod.webp?resize=700%2C400&ssl=1 2x, https:\/\/i0.wp.com\/diagnozabam.ro\/sfaturi\/wp-content\/uploads\/2026\/08\/touring-superleggera-veloce12-aperta-ferrari-550-restomod.webp?resize=1050%2C600&ssl=1 3x, https:\/\/i0.wp.com\/diagnozabam.ro\/sfaturi\/wp-content\/uploads\/2026\/08\/touring-superleggera-veloce12-aperta-ferrari-550-restomod.webp?resize=1400%2C800&ssl=1 4x"},"classes":[]},{"id":8801,"url":"https:\/\/diagnozabam.ro\/sfaturi\/ro\/blog\/politia-din-turcia-investeste-in-eleganta-si-performanta-ferrari-porsche-si-bentley-echipate-pentru-o-flota-de-3-milioane-de-euro\/","url_meta":{"origin":12550,"position":2},"title":"&#8222;Poli\u021bia din Turcia Investe\u0219te \u00een Elegan\u021b\u0103 \u0219i Performan\u021b\u0103: Ferrari, Porsche \u0219i Bentley Echipate pentru O Flot\u0103 de 3 Milioane de Euro","author":"Bejenaru Alexandru Ionut","date":"27 decembrie 2023","format":false,"excerpt":"Aceast\u0103 ac\u021biune a poli\u021biei din Turcia de a confisca \u0219i integra \u00een flota sa 23 de ma\u0219ini de lux este impresionant\u0103 \u0219i indic\u0103 o nou\u0103 abordare \u00een echiparea for\u021belor de\u2026","rel":"","context":"\u00cen \u201eAuto-RO\u201d","block_context":{"text":"Auto-RO","link":"https:\/\/diagnozabam.ro\/sfaturi\/ro\/category\/auto\/"},"img":{"alt_text":"politia din turcia investeste in eleganta si performanta ferrari porsche si bentley echipate pentru o flota de 3 milioane de euro mfrh original","src":"https:\/\/i0.wp.com\/diagnozabam.ro\/sfaturi\/wp-content\/uploads\/2023\/12\/politia-din-turcia-investeste-in-eleganta-si-performanta-ferrari-porsche-si-bentley-echipate-pentru-o-flota-de-3-milioane-de-euro-mfrh-original.webp?resize=350%2C200&ssl=1","width":350,"height":200,"srcset":"https:\/\/i0.wp.com\/diagnozabam.ro\/sfaturi\/wp-content\/uploads\/2023\/12\/politia-din-turcia-investeste-in-eleganta-si-performanta-ferrari-porsche-si-bentley-echipate-pentru-o-flota-de-3-milioane-de-euro-mfrh-original.webp?resize=350%2C200&ssl=1 1x, https:\/\/i0.wp.com\/diagnozabam.ro\/sfaturi\/wp-content\/uploads\/2023\/12\/politia-din-turcia-investeste-in-eleganta-si-performanta-ferrari-porsche-si-bentley-echipate-pentru-o-flota-de-3-milioane-de-euro-mfrh-original.webp?resize=525%2C300&ssl=1 1.5x, https:\/\/i0.wp.com\/diagnozabam.ro\/sfaturi\/wp-content\/uploads\/2023\/12\/politia-din-turcia-investeste-in-eleganta-si-performanta-ferrari-porsche-si-bentley-echipate-pentru-o-flota-de-3-milioane-de-euro-mfrh-original.webp?resize=700%2C400&ssl=1 2x"},"classes":[]},{"id":46860,"url":"https:\/\/diagnozabam.ro\/sfaturi\/ro\/blog\/novitec-ferrari-12cilindri-spider-tuning-v12\/","url_meta":{"origin":12550,"position":3},"title":"Novitec Ferrari 12Cilindri Spider: Tuning V12","author":"Bejenaru Alexandru Ionut","date":"24 august 2026","format":false,"excerpt":"Novitec Reinterpreteaz\u0103 Noul Ferrari 12Cilindri Spider Casa italian\u0103 din Maranello continu\u0103 tradi\u021bia decapotabilelor de \u00eenalt\u0103 performan\u021b\u0103. Noul Ferrari 12Cilindri Spider combin\u0103 plafonul rigid escamotabil cu sunetul inconfundabil al unui motor V12 aspirat. Tunerul german NOVITEC a dezvoltat un pachet complet de personalizare pentru acest model. Programul include modific\u0103ri estetice, componente\u2026","rel":"","context":"\u00cen \u201e\u0218tiri\u201d","block_context":{"text":"\u0218tiri","link":"https:\/\/diagnozabam.ro\/sfaturi\/ro\/category\/stiri\/"},"img":{"alt_text":"NOVITEC FERRARI CILINDRI SPIDER","src":"https:\/\/i0.wp.com\/diagnozabam.ro\/sfaturi\/wp-content\/uploads\/2026\/08\/2026-novitec-ferrari-12cilindri-spider_10.webp?resize=350%2C200&ssl=1","width":350,"height":200,"srcset":"https:\/\/i0.wp.com\/diagnozabam.ro\/sfaturi\/wp-content\/uploads\/2026\/08\/2026-novitec-ferrari-12cilindri-spider_10.webp?resize=350%2C200&ssl=1 1x, https:\/\/i0.wp.com\/diagnozabam.ro\/sfaturi\/wp-content\/uploads\/2026\/08\/2026-novitec-ferrari-12cilindri-spider_10.webp?resize=525%2C300&ssl=1 1.5x, https:\/\/i0.wp.com\/diagnozabam.ro\/sfaturi\/wp-content\/uploads\/2026\/08\/2026-novitec-ferrari-12cilindri-spider_10.webp?resize=700%2C400&ssl=1 2x, https:\/\/i0.wp.com\/diagnozabam.ro\/sfaturi\/wp-content\/uploads\/2026\/08\/2026-novitec-ferrari-12cilindri-spider_10.webp?resize=1050%2C600&ssl=1 3x, https:\/\/i0.wp.com\/diagnozabam.ro\/sfaturi\/wp-content\/uploads\/2026\/08\/2026-novitec-ferrari-12cilindri-spider_10.webp?resize=1400%2C800&ssl=1 4x"},"classes":[]},{"id":14001,"url":"https:\/\/diagnozabam.ro\/sfaturi\/ro\/blog\/larte-design-il-primeste-pe-brano-mauks-ca-designer-sef\/","url_meta":{"origin":12550,"position":4},"title":"LARTE Design \u00eel prime\u0219te pe Brano Mauks ca Designer \u0218ef","author":"Bejenaru Alexandru Ionut","date":"18 martie 2025","format":false,"excerpt":"LARTE Design \u00eel prime\u0219te pe Brano Mauks ca Designer \u0218ef LARTE Design este \u00eenc\u00e2ntat\u0103 s\u0103 anun\u021be c\u0103 Brano Mauks, un designer auto de renume mondial, cu peste 20 de ani\u2026","rel":"","context":"\u00cen \u201e\u0218tiri\u201d","block_context":{"text":"\u0218tiri","link":"https:\/\/diagnozabam.ro\/sfaturi\/ro\/category\/stiri\/"},"img":{"alt_text":"larte design il primeste pe brano mauks ca designer sef","src":"https:\/\/i0.wp.com\/diagnozabam.ro\/sfaturi\/wp-content\/uploads\/2025\/03\/larte-design-il-primeste-pe-brano-mauks-ca-designer-sef.webp?resize=350%2C200&ssl=1","width":350,"height":200,"srcset":"https:\/\/i0.wp.com\/diagnozabam.ro\/sfaturi\/wp-content\/uploads\/2025\/03\/larte-design-il-primeste-pe-brano-mauks-ca-designer-sef.webp?resize=350%2C200&ssl=1 1x, https:\/\/i0.wp.com\/diagnozabam.ro\/sfaturi\/wp-content\/uploads\/2025\/03\/larte-design-il-primeste-pe-brano-mauks-ca-designer-sef.webp?resize=525%2C300&ssl=1 1.5x, https:\/\/i0.wp.com\/diagnozabam.ro\/sfaturi\/wp-content\/uploads\/2025\/03\/larte-design-il-primeste-pe-brano-mauks-ca-designer-sef.webp?resize=700%2C400&ssl=1 2x, https:\/\/i0.wp.com\/diagnozabam.ro\/sfaturi\/wp-content\/uploads\/2025\/03\/larte-design-il-primeste-pe-brano-mauks-ca-designer-sef.webp?resize=1050%2C600&ssl=1 3x, https:\/\/i0.wp.com\/diagnozabam.ro\/sfaturi\/wp-content\/uploads\/2025\/03\/larte-design-il-primeste-pe-brano-mauks-ca-designer-sef.webp?resize=1400%2C800&ssl=1 4x"},"classes":[]},{"id":8851,"url":"https:\/\/diagnozabam.ro\/sfaturi\/ro\/blog\/lamborghini-countach-primeste-o-transformare-unica-liberty-walk-isi-adauga-semnatura-la-modelul-original\/","url_meta":{"origin":12550,"position":5},"title":"Lamborghini Countach Primeste O Transformare Unic\u0103: Liberty Walk \u00ce\u0219i Adaug\u0103 Semn\u0103tura la Modelul Original","author":"Bejenaru Alexandru Ionut","date":"29 decembrie 2023","format":false,"excerpt":"Liberty Walk este cunoscut pentru stilul s\u0103u distinctiv \u0219i modific\u0103rile dramatice pe care le aduce supercarurilor. Iat\u0103 c\u00e2teva puncte cheie \u0219i observa\u021bii despre proiectul lor recent cu Lamborghini Countach: Stilul\u2026","rel":"","context":"\u00cen \u201e\u0218tiri\u201d","block_context":{"text":"\u0218tiri","link":"https:\/\/diagnozabam.ro\/sfaturi\/ro\/category\/stiri\/"},"img":{"alt_text":"lamborghini countach primeste o transformare unica liberty walk isi adauga semnatura la modelul original 2 mfrh original","src":"https:\/\/i0.wp.com\/diagnozabam.ro\/sfaturi\/wp-content\/uploads\/2023\/12\/lamborghini-countach-primeste-o-transformare-unica-liberty-walk-isi-adauga-semnatura-la-modelul-original-2-mfrh-original.webp?resize=350%2C200&ssl=1","width":350,"height":200,"srcset":"https:\/\/i0.wp.com\/diagnozabam.ro\/sfaturi\/wp-content\/uploads\/2023\/12\/lamborghini-countach-primeste-o-transformare-unica-liberty-walk-isi-adauga-semnatura-la-modelul-original-2-mfrh-original.webp?resize=350%2C200&ssl=1 1x, https:\/\/i0.wp.com\/diagnozabam.ro\/sfaturi\/wp-content\/uploads\/2023\/12\/lamborghini-countach-primeste-o-transformare-unica-liberty-walk-isi-adauga-semnatura-la-modelul-original-2-mfrh-original.webp?resize=525%2C300&ssl=1 1.5x, https:\/\/i0.wp.com\/diagnozabam.ro\/sfaturi\/wp-content\/uploads\/2023\/12\/lamborghini-countach-primeste-o-transformare-unica-liberty-walk-isi-adauga-semnatura-la-modelul-original-2-mfrh-original.webp?resize=700%2C400&ssl=1 2x"},"classes":[]}],"jetpack_shortlink":"https:\/\/wp.me\/pf97go-3gq","jetpack_featured_media_url":"https:\/\/diagnozabam.ro\/sfaturi\/wp-content\/uploads\/2024\/12\/ferrari-f40-masina-de-vis-care-a-definit-o-epoca.webp","pll_sync_post":[],"_links":{"self":[{"href":"https:\/\/diagnozabam.ro\/sfaturi\/wp-json\/wp\/v2\/posts\/12550","targetHints":{"allow":["GET"]}}],"collection":[{"href":"https:\/\/diagnozabam.ro\/sfaturi\/wp-json\/wp\/v2\/posts"}],"about":[{"href":"https:\/\/diagnozabam.ro\/sfaturi\/wp-json\/wp\/v2\/types\/post"}],"author":[{"embeddable":true,"href":"https:\/\/diagnozabam.ro\/sfaturi\/wp-json\/wp\/v2\/users\/1"}],"replies":[{"embeddable":true,"href":"https:\/\/diagnozabam.ro\/sfaturi\/wp-json\/wp\/v2\/comments?post=12550"}],"version-history":[{"count":4,"href":"https:\/\/diagnozabam.ro\/sfaturi\/wp-json\/wp\/v2\/posts\/12550\/revisions"}],"predecessor-version":[{"id":16505,"href":"https:\/\/diagnozabam.ro\/sfaturi\/wp-json\/wp\/v2\/posts\/12550\/revisions\/16505"}],"wp:featuredmedia":[{"embeddable":true,"href":"https:\/\/diagnozabam.ro\/sfaturi\/wp-json\/wp\/v2\/media\/12551"}],"wp:attachment":[{"href":"https:\/\/diagnozabam.ro\/sfaturi\/wp-json\/wp\/v2\/media?parent=12550"}],"wp:term":[{"taxonomy":"category","embeddable":true,"href":"https:\/\/diagnozabam.ro\/sfaturi\/wp-json\/wp\/v2\/categories?post=12550"},{"taxonomy":"post_tag","embeddable":true,"href":"https:\/\/diagnozabam.ro\/sfaturi\/wp-json\/wp\/v2\/tags?post=12550"}],"curies":[{"name":"wp","href":"https:\/\/api.w.org\/{rel}","templated":true}]}}