{"id":13567,"date":"2025-03-04T19:59:36","date_gmt":"2025-03-04T16:59:36","guid":{"rendered":"https:\/\/diagnozabam.ro\/sfaturi\/?p=13567"},"modified":"2025-04-02T11:53:21","modified_gmt":"2025-04-02T08:53:21","slug":"taxa-de-poluare-devine-realitate-cine-trebuie-sa-plateasca-si-cat-va-costa-noul-bir-auto-%f0%9f%9a%97%f0%9f%92%b0","status":"publish","type":"post","link":"https:\/\/diagnozabam.ro\/sfaturi\/ro\/blog\/taxa-de-poluare-devine-realitate-cine-trebuie-sa-plateasca-si-cat-va-costa-noul-bir-auto-%f0%9f%9a%97%f0%9f%92%b0\/","title":{"rendered":"Taxa de poluare devine realitate! Cine trebuie s\u0103 pl\u0103teasc\u0103 \u0219i c\u00e2t va costa noul bir auto? \ud83d\ude97\ud83d\udcb0"},"content":{"rendered":"<h1>Taxa de poluare devine realitate! Cine trebuie s\u0103 pl\u0103teasc\u0103 \u0219i c\u00e2t va costa noul bir auto? \ud83d\ude97\ud83d\udcb0<\/h1>\n<p><img decoding=\"async\" class=\"size-full wp-image-13568 aligncenter\" src=\"https:\/\/diagnozabam.ro\/sfaturi\/wp-content\/uploads\/2025\/02\/https___www.promotor.ro_wp-content_uploads_2025_02_primul-anunt-oficial-despre-taxa-de-poluare-se-introduce-din-2026-cine-e-obligat-sa-o-plateasca-01.webp\" alt=\"Taxa de poluare devine realitate! Cine trebuie s\u0103 pl\u0103teasc\u0103 \u0219i c\u00e2t va costa noul bir auto? \ud83d\ude97\ud83d\udcb0 - https   www.promotor.ro wp content uploads 2025 02 primul anunt oficial despre taxa de poluare se introduce din 2026 cine e obligat sa o plateasca 01\" width=\"1170\" height=\"600\" title=\"Taxa de poluare devine realitate! Cine trebuie s\u0103 pl\u0103teasc\u0103 \u0219i c\u00e2t va costa noul bir auto? \ud83d\ude97\ud83d\udcb0 - https   www.promotor.ro wp content uploads 2025 02 primul anunt oficial despre taxa de poluare se introduce din 2026 cine e obligat sa o plateasca 01\" srcset=\"https:\/\/diagnozabam.ro\/sfaturi\/wp-content\/uploads\/2025\/02\/https___www.promotor.ro_wp-content_uploads_2025_02_primul-anunt-oficial-despre-taxa-de-poluare-se-introduce-din-2026-cine-e-obligat-sa-o-plateasca-01.webp 1170w, https:\/\/diagnozabam.ro\/sfaturi\/wp-content\/uploads\/2025\/02\/https___www.promotor.ro_wp-content_uploads_2025_02_primul-anunt-oficial-despre-taxa-de-poluare-se-introduce-din-2026-cine-e-obligat-sa-o-plateasca-01-768x394.webp 768w\" sizes=\"(max-width: 1170px) 100vw, 1170px\" \/><\/p>\n<p data-start=\"107\" data-end=\"363\">Taxa de poluare pentru autovehiculele care emit noxe este tot mai aproape de a deveni realitate! <strong data-start=\"204\" data-end=\"305\">Reprezentan\u021bii Guvernului au confirmat oficial c\u0103 aceasta va fi introdus\u0103 cel mai devreme \u00een 2026<\/strong>, iar milioane de rom\u00e2ni vor fi obliga\u021bi s\u0103 o pl\u0103teasc\u0103.<\/p>\n<p data-start=\"365\" data-end=\"494\">\ud83d\udce2 <strong data-start=\"368\" data-end=\"406\">Ce presupune noua tax\u0103 de poluare?<\/strong> C\u00e2t trebuie s\u0103 pl\u0103teasc\u0103 proprietarii de ma\u0219ini vechi? Iat\u0103 toate detaliile oficiale.<\/p>\n<hr data-start=\"496\" data-end=\"499\">\n<h2 data-start=\"501\" data-end=\"562\"><strong data-start=\"504\" data-end=\"560\">Taxa de poluare 2026: Ce a anun\u021bat oficial Guvernul?<\/strong><\/h2>\n<p data-start=\"563\" data-end=\"700\">Ministrul Finan\u021belor, <strong data-start=\"585\" data-end=\"602\">Tanczos Barna<\/strong>, a f\u0103cut primul anun\u021b oficial despre introducerea unei noi taxe pentru autovehiculele poluante.<\/p>\n<p data-start=\"702\" data-end=\"1018\">\ud83d\udde3\ufe0f <em data-start=\"706\" data-end=\"1016\">&#8222;Rom\u00e2nia a promis \u00een 2021, prin PNRR, c\u0103 va introduce o taxare diferen\u021biat\u0103 pentru ma\u0219inile care polueaz\u0103. Cu siguran\u021b\u0103, aceast\u0103 tax\u0103 nu va intra \u00een vigoare \u00een acest an, ci cel mai devreme pe <strong data-start=\"899\" data-end=\"918\">1 ianuarie 2026<\/strong>. Astfel, vom pl\u0103ti mai mult sau mai pu\u021bin, \u00een func\u021bie de c\u00e2t polueaz\u0103 ma\u0219ina pe care o de\u021binem.&#8221;<\/em><\/p>\n<p data-start=\"1020\" data-end=\"1052\">\ud83d\udcb0 <strong data-start=\"1023\" data-end=\"1050\">Cum se va calcula taxa?<\/strong><\/p>\n<ul data-start=\"1053\" data-end=\"1289\">\n<li data-start=\"1053\" data-end=\"1128\">Ma\u0219inile mai <strong data-start=\"1068\" data-end=\"1097\">noi \u0219i mai pu\u021bin poluante<\/strong> vor avea un impozit mai mic.<\/li>\n<li data-start=\"1129\" data-end=\"1214\">Ma\u0219inile mai <strong data-start=\"1144\" data-end=\"1169\">vechi \u0219i mai poluante<\/strong> vor avea un impozit semnificativ mai mare.<\/li>\n<li data-start=\"1215\" data-end=\"1289\">Se ia \u00een considerare <strong data-start=\"1238\" data-end=\"1263\">norma de poluare EURO<\/strong> \u0219i emisiile de <strong data-start=\"1279\" data-end=\"1286\">CO\u2082<\/strong>.<\/li>\n<\/ul>\n<p data-start=\"1291\" data-end=\"1443\">\u26a0\ufe0f \u00cen spa\u021biul public au ap\u0103rut informa\u021bii conform c\u0103rora <strong data-start=\"1348\" data-end=\"1367\">taxa de poluare<\/strong> ar putea ajunge la <strong data-start=\"1387\" data-end=\"1409\">2.000 de lei pe an<\/strong> pentru vehiculele foarte vechi.<\/p>\n<hr data-start=\"1445\" data-end=\"1448\">\n<h2 data-start=\"1450\" data-end=\"1500\"><strong data-start=\"1453\" data-end=\"1498\">Cine trebuie s\u0103 pl\u0103teasc\u0103 noua tax\u0103 auto?<\/strong><\/h2>\n<p data-start=\"1501\" data-end=\"1695\">\ud83d\udd0d Noul sistem de taxare \u00eei vizeaz\u0103 \u00een special pe cei care:<br data-start=\"1560\" data-end=\"1563\">\u2705 <strong data-start=\"1565\" data-end=\"1591\">De\u021bin un vehicul vechi<\/strong> \u0219i poluant.<br data-start=\"1603\" data-end=\"1606\">\u2705 <strong data-start=\"1608\" data-end=\"1626\">Achizi\u021bioneaz\u0103<\/strong> o ma\u0219in\u0103 second-hand cu norme de poluare sc\u0103zute (EURO 2, EURO 3).<\/p>\n<p data-start=\"1697\" data-end=\"1777\">\ud83d\udcac Mihai Bordeanu, directorul general al Dacia, a explicat impactul noii taxe:<\/p>\n<p data-start=\"1779\" data-end=\"2053\">\ud83d\udc49 <em data-start=\"1782\" data-end=\"2051\">&#8222;O ma\u0219in\u0103 veche de 20 de ani, EURO 2, va avea de pl\u0103tit \u00eentre <strong data-start=\"1845\" data-end=\"1873\">350 \u0219i 400 de euro pe an<\/strong>. \u00cen prezent, un astfel de vehicul are un impozit anual de aproximativ <strong data-start=\"1944\" data-end=\"1962\">160-170 de lei<\/strong>. Dup\u0103 implementarea noii taxe, costurile pot ajunge la <strong data-start=\"2018\" data-end=\"2048\">1.800 \u2013 1.900 de lei pe an<\/strong>.&#8221;<\/em><\/p>\n<p data-start=\"2055\" data-end=\"2286\">\ud83d\ude97 <strong data-start=\"2058\" data-end=\"2088\">Ce ma\u0219ini vor fi afectate?<\/strong><br data-start=\"2088\" data-end=\"2091\">\ud83d\udccc \u00cen Rom\u00e2nia sunt <strong data-start=\"2110\" data-end=\"2130\">peste 3 milioane<\/strong> de vehicule mai vechi de <strong data-start=\"2156\" data-end=\"2169\">20 de ani<\/strong>.<br data-start=\"2170\" data-end=\"2173\">\ud83d\udccc Alte aproape <strong data-start=\"2189\" data-end=\"2203\">4 milioane<\/strong> au \u00eentre <strong data-start=\"2213\" data-end=\"2232\">10 \u0219i 20 de ani<\/strong>.<br data-start=\"2233\" data-end=\"2236\">\ud83d\udccc Doar <strong data-start=\"2244\" data-end=\"2255\">300.000<\/strong> de autoturisme sunt <strong data-start=\"2276\" data-end=\"2283\">noi<\/strong>.<\/p>\n<p data-start=\"2288\" data-end=\"2410\">\u23f3 <strong data-start=\"2290\" data-end=\"2361\">Media de v\u00e2rst\u0103 a unei ma\u0219ini \u00een Rom\u00e2nia este de aproximativ 15 ani<\/strong>, ceea ce ne plaseaz\u0103 pe locul <strong data-start=\"2392\" data-end=\"2407\">4 \u00een Europa<\/strong>.<\/p>\n<hr data-start=\"2412\" data-end=\"2415\">\n<h2 data-start=\"2417\" data-end=\"2458\"><strong data-start=\"2420\" data-end=\"2456\">Cum ne va afecta noua tax\u0103 auto?<\/strong><\/h2>\n<p data-start=\"2459\" data-end=\"2689\">\ud83d\uded1 <strong data-start=\"2462\" data-end=\"2509\">Dezavantaje pentru \u0219oferii cu ma\u0219ini vechi:<\/strong><br data-start=\"2509\" data-end=\"2512\">\u274c Impozite mai mari pentru vehiculele vechi \u0219i poluante.<br data-start=\"2568\" data-end=\"2571\">\u274c Costuri suplimentare anuale de p\u00e2n\u0103 la <strong data-start=\"2612\" data-end=\"2628\">2.000 de lei<\/strong>.<br data-start=\"2629\" data-end=\"2632\">\u274c Descurajarea utiliz\u0103rii ma\u0219inilor cu <a href=\"https:\/\/diagnozabam.ro\/sfaturi\/ro\/blog\/ce-insemna-wltp\/\">norme EURO<\/a> mici.<\/p>\n<p data-start=\"2691\" data-end=\"2913\">\u2705 <strong data-start=\"2693\" data-end=\"2731\">Avantaje pentru cei cu ma\u0219ini noi:<\/strong><br data-start=\"2731\" data-end=\"2734\">\u2714\ufe0f Impozite mai mici pentru ma\u0219inile cu <a href=\"https:\/\/diagnozabam.ro\/sfaturi\/ro\/blog\/nt301-vs-dongle-bluetooth-cine-castiga-duelul-obd2\/\">emisii<\/a> reduse.<br data-start=\"2788\" data-end=\"2791\">\u2714\ufe0f Posibile stimulente pentru achizi\u021bia de vehicule <a href=\"https:\/\/diagnozabam.ro\/sfaturi\/ro\/blog\/autonomie-masini-electrice-2026-ce-modele-conduc-topul\/\">electrice<\/a> sau <a href=\"https:\/\/diagnozabam.ro\/sfaturi\/ro\/blog\/ce-inseamna-prnds-si-b-in-transmisia-automata\/\">hibrid<\/a>.<br data-start=\"2864\" data-end=\"2867\">\u2714\ufe0f \u00cembun\u0103t\u0103\u021birea calit\u0103\u021bii aerului \u00een ora\u0219e.<\/p>\n<hr data-start=\"2915\" data-end=\"2918\">\n<h3 data-start=\"2920\" data-end=\"2982\"><strong data-start=\"2924\" data-end=\"2980\">Concluzie: Preg\u0103ti\u021bi-v\u0103 pentru noua tax\u0103 de poluare!<\/strong><\/h3>\n<p data-start=\"2983\" data-end=\"3338\">\ud83d\udccc Dac\u0103 ai o ma\u0219in\u0103 veche, este posibil ca din <strong data-start=\"3030\" data-end=\"3038\">2026<\/strong> s\u0103 fii nevoit s\u0103 pl\u0103te\u0219ti <strong data-start=\"3065\" data-end=\"3082\">mult mai mult<\/strong> pentru impozit.<br data-start=\"3098\" data-end=\"3101\">\ud83d\udccc \u00cencepe s\u0103 te g\u00e2nde\u0219ti la variante alternative: <strong data-start=\"3151\" data-end=\"3173\">schimbarea ma\u0219inii<\/strong> sau participarea la programe precum <strong data-start=\"3210\" data-end=\"3219\">Rabla<\/strong>.<br data-start=\"3220\" data-end=\"3223\">\ud83d\udccc Guvernul analizeaz\u0103 \u00eenc\u0103 modalitatea exact\u0103 de aplicare, dar un lucru este clar: <strong data-start=\"3307\" data-end=\"3336\">taxa va deveni realitate!<\/strong><\/p>\n<p data-start=\"3340\" data-end=\"3431\">\ud83d\udce2 <strong data-start=\"3343\" data-end=\"3391\">Tu ce p\u0103rere ai despre noua tax\u0103 de poluare?<\/strong> Te afecteaz\u0103? Scrie \u00een comentarii! \ud83d\udc47<\/p>\n<p data-start=\"3340\" data-end=\"3431\"><a href=\"https:\/\/www.promotor.ro\/stiri-auto\/primul-anunt-oficial-despre-taxa-de-poluare-se-introduce-din-2026-cine-e-obligat-sa-o-plateasca-19364581\">Surs\u0103\u00a0<\/a><\/p>\n","protected":false},"excerpt":{"rendered":"<p>Taxa de poluare devine realitate! Cine trebuie s\u0103 pl\u0103teasc\u0103 \u0219i c\u00e2t va costa noul bir auto? \ud83d\ude97\ud83d\udcb0 Taxa de poluare pentru autovehiculele care emit noxe este tot mai aproape de&hellip;<\/p>\n","protected":false},"author":1,"featured_media":13568,"comment_status":"open","ping_status":"open","sticky":false,"template":"","format":"standard","meta":{"_sitemap_exclude":false,"_sitemap_priority":"","_sitemap_frequency":"","footnotes":"","jetpack_publicize_message":"","jetpack_publicize_feature_enabled":true,"jetpack_social_post_already_shared":true,"jetpack_social_options":{"image_generator_settings":{"template":"highway","default_image_id":0,"font":"","enabled":false},"version":2},"jetpack_post_was_ever_published":false},"categories":[357],"tags":[14884,22,15856,15858,15769,15853,15851,13884,21,15764,15765,15849,15848,7813,944,25,15852,15855,15850,15770,24,14148,14640,15857,14143,15763,15847,15846,15854],"class_list":["post-13567","post","type-post","status-publish","format-standard","has-post-thumbnail","hentry","category-stiri","tag-automobile-second-hand","tag-bam","tag-car-costs","tag-car-legislation","tag-car-tax","tag-co2-tax","tag-costuri-masini","tag-diagnosis","tag-diagnoza","tag-euro-2","tag-euro-3","tag-guvern-romania","tag-impozit-auto-2026","tag-legislatie-auto","tag-masini-vechi","tag-neamt","tag-neamt-pollution-tax","tag-new-car-tax","tag-noua-taxa-auto","tag-old-cars","tag-roman","tag-romanian-drivers","tag-romanian-government","tag-second-hand-cars","tag-soferi-romania","tag-taxa-auto","tag-taxa-mediu","tag-taxa-poluare","tag-vehicle-tax-2026"],"yoast_head":"<!-- This site is optimized with the Yoast SEO Premium plugin v27.7 (Yoast SEO v28.4) - https:\/\/yoast.com\/product\/yoast-seo-premium-wordpress\/ -->\n<title>Taxa de poluare devine realitate! Cine trebuie s\u0103 pl\u0103teasc\u0103 \u0219i c\u00e2t va costa noul bir auto? \ud83d\ude97\ud83d\udcb0 - Diagnoza BAM<\/title>\n<meta name=\"description\" content=\"Taxa de poluare devine realitate! Cine trebuie s\u0103 pl\u0103teasc\u0103 \u0219i c\u00e2t va costa noul bir auto? \ud83d\ude97\ud83d\udcb0 Taxa de poluare pentru...\" \/>\n<meta name=\"robots\" content=\"index, follow, max-snippet:-1, max-image-preview:large, max-video-preview:-1\" \/>\n<link rel=\"canonical\" href=\"https:\/\/diagnozabam.ro\/sfaturi\/ro\/blog\/taxa-de-poluare-devine-realitate-cine-trebuie-sa-plateasca-si-cat-va-costa-noul-bir-auto-\ud83d\ude97\ud83d\udcb0\/\" \/>\n<meta property=\"og:locale\" content=\"ro_RO\" \/>\n<meta property=\"og:type\" content=\"article\" \/>\n<meta property=\"og:title\" content=\"Taxa de poluare devine realitate! Cine trebuie s\u0103 pl\u0103teasc\u0103 \u0219i c\u00e2t va costa noul bir auto? \ud83d\ude97\ud83d\udcb0\" \/>\n<meta property=\"og:description\" content=\"Taxa de poluare devine realitate! Cine trebuie s\u0103 pl\u0103teasc\u0103 \u0219i c\u00e2t va costa noul bir auto? \ud83d\ude97\ud83d\udcb0 Taxa de poluare pentru autovehiculele care emit noxe este tot mai aproape de&hellip;\" \/>\n<meta property=\"og:url\" content=\"https:\/\/diagnozabam.ro\/sfaturi\/ro\/blog\/taxa-de-poluare-devine-realitate-cine-trebuie-sa-plateasca-si-cat-va-costa-noul-bir-auto-\ud83d\ude97\ud83d\udcb0\/\" \/>\n<meta property=\"og:site_name\" content=\"Diagnoza BAM\" \/>\n<meta property=\"article:publisher\" content=\"https:\/\/www.facebook.com\/diagnozabam\" \/>\n<meta property=\"article:published_time\" content=\"2025-03-04T16:59:36+00:00\" \/>\n<meta property=\"article:modified_time\" content=\"2025-04-02T08:53:21+00:00\" \/>\n<meta property=\"og:image\" content=\"https:\/\/diagnozabam.ro\/sfaturi\/wp-content\/uploads\/2025\/02\/https___www.promotor.ro_wp-content_uploads_2025_02_primul-anunt-oficial-despre-taxa-de-poluare-se-introduce-din-2026-cine-e-obligat-sa-o-plateasca-01.webp\" \/>\n\t<meta property=\"og:image:width\" content=\"1170\" \/>\n\t<meta property=\"og:image:height\" content=\"600\" \/>\n\t<meta property=\"og:image:type\" content=\"image\/webp\" \/>\n<meta name=\"author\" content=\"Bejenaru Alexandru Ionut\" \/>\n<meta name=\"twitter:card\" content=\"summary_large_image\" \/>\n<meta name=\"twitter:label1\" content=\"Scris de\" \/>\n\t<meta name=\"twitter:data1\" content=\"Bejenaru Alexandru Ionut\" \/>\n\t<meta name=\"twitter:label2\" content=\"Timp estimat pentru citire\" \/>\n\t<meta name=\"twitter:data2\" content=\"3 minute\" \/>\n<script type=\"application\/ld+json\" class=\"yoast-schema-graph\">{\"@context\":\"https:\\\/\\\/schema.org\",\"@graph\":[{\"@type\":\"NewsArticle\",\"@id\":\"https:\\\/\\\/diagnozabam.ro\\\/sfaturi\\\/ro\\\/blog\\\/taxa-de-poluare-devine-realitate-cine-trebuie-sa-plateasca-si-cat-va-costa-noul-bir-auto-%f0%9f%9a%97%f0%9f%92%b0\\\/#article\",\"isPartOf\":{\"@id\":\"https:\\\/\\\/diagnozabam.ro\\\/sfaturi\\\/ro\\\/blog\\\/taxa-de-poluare-devine-realitate-cine-trebuie-sa-plateasca-si-cat-va-costa-noul-bir-auto-%f0%9f%9a%97%f0%9f%92%b0\\\/\"},\"author\":{\"name\":\"Bejenaru Alexandru Ionut\",\"@id\":\"https:\\\/\\\/diagnozabam.ro\\\/sfaturi\\\/#\\\/schema\\\/person\\\/77202adf825f4528d9ba9ab5b4ffafec\"},\"headline\":\"Taxa de poluare devine realitate! Cine trebuie s\u0103 pl\u0103teasc\u0103 \u0219i c\u00e2t va costa noul bir auto? \ud83d\ude97\ud83d\udcb0\",\"datePublished\":\"2025-03-04T16:59:36+00:00\",\"dateModified\":\"2025-04-02T08:53:21+00:00\",\"mainEntityOfPage\":{\"@id\":\"https:\\\/\\\/diagnozabam.ro\\\/sfaturi\\\/ro\\\/blog\\\/taxa-de-poluare-devine-realitate-cine-trebuie-sa-plateasca-si-cat-va-costa-noul-bir-auto-%f0%9f%9a%97%f0%9f%92%b0\\\/\"},\"wordCount\":571,\"commentCount\":0,\"publisher\":{\"@id\":\"https:\\\/\\\/diagnozabam.ro\\\/sfaturi\\\/#organization\"},\"image\":{\"@id\":\"https:\\\/\\\/diagnozabam.ro\\\/sfaturi\\\/ro\\\/blog\\\/taxa-de-poluare-devine-realitate-cine-trebuie-sa-plateasca-si-cat-va-costa-noul-bir-auto-%f0%9f%9a%97%f0%9f%92%b0\\\/#primaryimage\"},\"thumbnailUrl\":\"https:\\\/\\\/diagnozabam.ro\\\/sfaturi\\\/wp-content\\\/uploads\\\/2025\\\/02\\\/https___www.promotor.ro_wp-content_uploads_2025_02_primul-anunt-oficial-despre-taxa-de-poluare-se-introduce-din-2026-cine-e-obligat-sa-o-plateasca-01.webp\",\"keywords\":[\"automobile second-hand\",\"bam\",\"car costs\",\"car legislation\",\"car tax\",\"CO2 tax\",\"costuri ma\u0219ini\",\"diagnosis\",\"diagnoza\",\"EURO 2\",\"EURO 3\",\"guvern Rom\u00e2nia\",\"impozit auto 2026\",\"legisla\u021bie auto\",\"masini vechi\",\"neamt\",\"neamt pollution tax\",\"new car tax\",\"noua tax\u0103 auto\",\"old cars\",\"roman\",\"Romanian drivers\",\"Romanian Government\",\"second-hand cars\",\"\u0219oferi Rom\u00e2nia\",\"tax\u0103 auto\",\"taxa mediu\",\"taxa poluare\",\"vehicle tax 2026\"],\"articleSection\":[\"\u0218tiri\"],\"inLanguage\":\"ro-RO\",\"potentialAction\":[{\"@type\":\"CommentAction\",\"name\":\"Comment\",\"target\":[\"https:\\\/\\\/diagnozabam.ro\\\/sfaturi\\\/ro\\\/blog\\\/taxa-de-poluare-devine-realitate-cine-trebuie-sa-plateasca-si-cat-va-costa-noul-bir-auto-%f0%9f%9a%97%f0%9f%92%b0\\\/#respond\"]}]},{\"@type\":\"WebPage\",\"@id\":\"https:\\\/\\\/diagnozabam.ro\\\/sfaturi\\\/ro\\\/blog\\\/taxa-de-poluare-devine-realitate-cine-trebuie-sa-plateasca-si-cat-va-costa-noul-bir-auto-%f0%9f%9a%97%f0%9f%92%b0\\\/\",\"url\":\"https:\\\/\\\/diagnozabam.ro\\\/sfaturi\\\/ro\\\/blog\\\/taxa-de-poluare-devine-realitate-cine-trebuie-sa-plateasca-si-cat-va-costa-noul-bir-auto-%f0%9f%9a%97%f0%9f%92%b0\\\/\",\"name\":\"Taxa de poluare devine realitate! Cine trebuie s\u0103 pl\u0103teasc\u0103 \u0219i c\u00e2t va costa noul bir auto? \ud83d\ude97\ud83d\udcb0 - Diagnoza BAM\",\"isPartOf\":{\"@id\":\"https:\\\/\\\/diagnozabam.ro\\\/sfaturi\\\/#website\"},\"primaryImageOfPage\":{\"@id\":\"https:\\\/\\\/diagnozabam.ro\\\/sfaturi\\\/ro\\\/blog\\\/taxa-de-poluare-devine-realitate-cine-trebuie-sa-plateasca-si-cat-va-costa-noul-bir-auto-%f0%9f%9a%97%f0%9f%92%b0\\\/#primaryimage\"},\"image\":{\"@id\":\"https:\\\/\\\/diagnozabam.ro\\\/sfaturi\\\/ro\\\/blog\\\/taxa-de-poluare-devine-realitate-cine-trebuie-sa-plateasca-si-cat-va-costa-noul-bir-auto-%f0%9f%9a%97%f0%9f%92%b0\\\/#primaryimage\"},\"thumbnailUrl\":\"https:\\\/\\\/diagnozabam.ro\\\/sfaturi\\\/wp-content\\\/uploads\\\/2025\\\/02\\\/https___www.promotor.ro_wp-content_uploads_2025_02_primul-anunt-oficial-despre-taxa-de-poluare-se-introduce-din-2026-cine-e-obligat-sa-o-plateasca-01.webp\",\"datePublished\":\"2025-03-04T16:59:36+00:00\",\"dateModified\":\"2025-04-02T08:53:21+00:00\",\"description\":\"Taxa de poluare devine realitate! Cine trebuie s\u0103 pl\u0103teasc\u0103 \u0219i c\u00e2t va costa noul bir auto? \ud83d\ude97\ud83d\udcb0 Taxa de poluare pentru autovehiculele care emit noxe este tot mai aproape de&hellip;\",\"breadcrumb\":{\"@id\":\"https:\\\/\\\/diagnozabam.ro\\\/sfaturi\\\/ro\\\/blog\\\/taxa-de-poluare-devine-realitate-cine-trebuie-sa-plateasca-si-cat-va-costa-noul-bir-auto-%f0%9f%9a%97%f0%9f%92%b0\\\/#breadcrumb\"},\"inLanguage\":\"ro-RO\",\"potentialAction\":[{\"@type\":\"ReadAction\",\"target\":[\"https:\\\/\\\/diagnozabam.ro\\\/sfaturi\\\/ro\\\/blog\\\/taxa-de-poluare-devine-realitate-cine-trebuie-sa-plateasca-si-cat-va-costa-noul-bir-auto-%f0%9f%9a%97%f0%9f%92%b0\\\/\"]}]},{\"@type\":\"ImageObject\",\"inLanguage\":\"ro-RO\",\"@id\":\"https:\\\/\\\/diagnozabam.ro\\\/sfaturi\\\/ro\\\/blog\\\/taxa-de-poluare-devine-realitate-cine-trebuie-sa-plateasca-si-cat-va-costa-noul-bir-auto-%f0%9f%9a%97%f0%9f%92%b0\\\/#primaryimage\",\"url\":\"https:\\\/\\\/diagnozabam.ro\\\/sfaturi\\\/wp-content\\\/uploads\\\/2025\\\/02\\\/https___www.promotor.ro_wp-content_uploads_2025_02_primul-anunt-oficial-despre-taxa-de-poluare-se-introduce-din-2026-cine-e-obligat-sa-o-plateasca-01.webp\",\"contentUrl\":\"https:\\\/\\\/diagnozabam.ro\\\/sfaturi\\\/wp-content\\\/uploads\\\/2025\\\/02\\\/https___www.promotor.ro_wp-content_uploads_2025_02_primul-anunt-oficial-despre-taxa-de-poluare-se-introduce-din-2026-cine-e-obligat-sa-o-plateasca-01.webp\",\"width\":1170,\"height\":600,\"caption\":\"https www.promotor.ro wp content uploads 2025 02 primul anunt oficial despre taxa de poluare se introduce din 2026 cine e obligat sa o plateasca 01\"},{\"@type\":\"BreadcrumbList\",\"@id\":\"https:\\\/\\\/diagnozabam.ro\\\/sfaturi\\\/ro\\\/blog\\\/taxa-de-poluare-devine-realitate-cine-trebuie-sa-plateasca-si-cat-va-costa-noul-bir-auto-%f0%9f%9a%97%f0%9f%92%b0\\\/#breadcrumb\",\"itemListElement\":[{\"@type\":\"ListItem\",\"position\":1,\"name\":\"Home\",\"item\":\"https:\\\/\\\/diagnozabam.ro\\\/sfaturi\\\/\"},{\"@type\":\"ListItem\",\"position\":2,\"name\":\"Taxa de poluare devine realitate! Cine trebuie s\u0103 pl\u0103teasc\u0103 \u0219i c\u00e2t va costa noul bir auto? \ud83d\ude97\ud83d\udcb0\"}]},{\"@type\":\"WebSite\",\"@id\":\"https:\\\/\\\/diagnozabam.ro\\\/sfaturi\\\/#website\",\"url\":\"https:\\\/\\\/diagnozabam.ro\\\/sfaturi\\\/\",\"name\":\"Diagnoza BAM\",\"description\":\"Independent Auto Diagnostics, Tech Analysis and Smart Insights\",\"publisher\":{\"@id\":\"https:\\\/\\\/diagnozabam.ro\\\/sfaturi\\\/#organization\"},\"alternateName\":\"DBAM\",\"potentialAction\":[{\"@type\":\"SearchAction\",\"target\":{\"@type\":\"EntryPoint\",\"urlTemplate\":\"https:\\\/\\\/diagnozabam.ro\\\/sfaturi\\\/?s={search_term_string}\"},\"query-input\":{\"@type\":\"PropertyValueSpecification\",\"valueRequired\":true,\"valueName\":\"search_term_string\"}}],\"inLanguage\":\"ro-RO\"},{\"@type\":\"Organization\",\"@id\":\"https:\\\/\\\/diagnozabam.ro\\\/sfaturi\\\/#organization\",\"name\":\"Diagnoza BAM\",\"alternateName\":\"DBAM\",\"url\":\"https:\\\/\\\/diagnozabam.ro\\\/sfaturi\\\/\",\"logo\":{\"@type\":\"ImageObject\",\"inLanguage\":\"ro-RO\",\"@id\":\"https:\\\/\\\/diagnozabam.ro\\\/sfaturi\\\/#\\\/schema\\\/logo\\\/image\\\/\",\"url\":\"https:\\\/\\\/diagnozabam.ro\\\/sfaturi\\\/wp-content\\\/uploads\\\/2025\\\/11\\\/logo-diagnoza-bam-imagine.webp\",\"contentUrl\":\"https:\\\/\\\/diagnozabam.ro\\\/sfaturi\\\/wp-content\\\/uploads\\\/2025\\\/11\\\/logo-diagnoza-bam-imagine.webp\",\"width\":512,\"height\":512,\"caption\":\"Diagnoza BAM\"},\"image\":{\"@id\":\"https:\\\/\\\/diagnozabam.ro\\\/sfaturi\\\/#\\\/schema\\\/logo\\\/image\\\/\"},\"sameAs\":[\"https:\\\/\\\/www.facebook.com\\\/diagnozabam\",\"https:\\\/\\\/mastodon.social\\\/@diagnozabam\",\"https:\\\/\\\/bsky.app\\\/profile\\\/did:plc:f4cmgfa3nv33bch7p3wgwchr\",\"https:\\\/\\\/www.tumblr.com\\\/diagbam\"],\"description\":\"Independent publishing platform focused on automotive diagnostics, OBD2 analysis, repair cost breakdowns, technology insights and practical technical guides.\",\"email\":\"redactie@diagnozabam.ro\",\"foundingDate\":\"2023-02-16\"},{\"@type\":\"Person\",\"@id\":\"https:\\\/\\\/diagnozabam.ro\\\/sfaturi\\\/#\\\/schema\\\/person\\\/77202adf825f4528d9ba9ab5b4ffafec\",\"name\":\"Bejenaru Alexandru Ionut\",\"image\":{\"@type\":\"ImageObject\",\"inLanguage\":\"ro-RO\",\"@id\":\"https:\\\/\\\/secure.gravatar.com\\\/avatar\\\/96634b44a266a571c59a5e82fc6f12edfb6876914735dbc57aa2348d11395470?s=96&d=mm&r=g\",\"url\":\"https:\\\/\\\/secure.gravatar.com\\\/avatar\\\/96634b44a266a571c59a5e82fc6f12edfb6876914735dbc57aa2348d11395470?s=96&d=mm&r=g\",\"contentUrl\":\"https:\\\/\\\/secure.gravatar.com\\\/avatar\\\/96634b44a266a571c59a5e82fc6f12edfb6876914735dbc57aa2348d11395470?s=96&d=mm&r=g\",\"caption\":\"Bejenaru Alexandru Ionut\"},\"sameAs\":[\"https:\\\/\\\/diagnozabam.ro\"],\"honorificPrefix\":\"Mr.\",\"birthDate\":\"1997-12-23\",\"url\":\"https:\\\/\\\/diagnozabam.ro\\\/sfaturi\\\/blog\\\/author\\\/bejenaru-alexandru-ionut\\\/\"}]}<\/script>\n<!-- \/ Yoast SEO Premium plugin. -->","yoast_head_json":{"title":"Taxa de poluare devine realitate! Cine trebuie s\u0103 pl\u0103teasc\u0103 \u0219i c\u00e2t va costa noul bir auto? \ud83d\ude97\ud83d\udcb0 - Diagnoza BAM","description":"Taxa de poluare devine realitate! Cine trebuie s\u0103 pl\u0103teasc\u0103 \u0219i c\u00e2t va costa noul bir auto? \ud83d\ude97\ud83d\udcb0 Taxa de poluare pentru...","robots":{"index":"index","follow":"follow","max-snippet":"max-snippet:-1","max-image-preview":"max-image-preview:large","max-video-preview":"max-video-preview:-1"},"canonical":"https:\/\/diagnozabam.ro\/sfaturi\/ro\/blog\/taxa-de-poluare-devine-realitate-cine-trebuie-sa-plateasca-si-cat-va-costa-noul-bir-auto-\ud83d\ude97\ud83d\udcb0\/","og_locale":"ro_RO","og_type":"article","og_title":"Taxa de poluare devine realitate! Cine trebuie s\u0103 pl\u0103teasc\u0103 \u0219i c\u00e2t va costa noul bir auto? \ud83d\ude97\ud83d\udcb0","og_description":"Taxa de poluare devine realitate! Cine trebuie s\u0103 pl\u0103teasc\u0103 \u0219i c\u00e2t va costa noul bir auto? \ud83d\ude97\ud83d\udcb0 Taxa de poluare pentru autovehiculele care emit noxe este tot mai aproape de&hellip;","og_url":"https:\/\/diagnozabam.ro\/sfaturi\/ro\/blog\/taxa-de-poluare-devine-realitate-cine-trebuie-sa-plateasca-si-cat-va-costa-noul-bir-auto-\ud83d\ude97\ud83d\udcb0\/","og_site_name":"Diagnoza BAM","article_publisher":"https:\/\/www.facebook.com\/diagnozabam","article_published_time":"2025-03-04T16:59:36+00:00","article_modified_time":"2025-04-02T08:53:21+00:00","og_image":[{"width":1170,"height":600,"url":"https:\/\/diagnozabam.ro\/sfaturi\/wp-content\/uploads\/2025\/02\/https___www.promotor.ro_wp-content_uploads_2025_02_primul-anunt-oficial-despre-taxa-de-poluare-se-introduce-din-2026-cine-e-obligat-sa-o-plateasca-01.webp","type":"image\/webp"}],"author":"Bejenaru Alexandru Ionut","twitter_card":"summary_large_image","twitter_misc":{"Scris de":"Bejenaru Alexandru Ionut","Timp estimat pentru citire":"3 minute"},"schema":{"@context":"https:\/\/schema.org","@graph":[{"@type":"NewsArticle","@id":"https:\/\/diagnozabam.ro\/sfaturi\/ro\/blog\/taxa-de-poluare-devine-realitate-cine-trebuie-sa-plateasca-si-cat-va-costa-noul-bir-auto-%f0%9f%9a%97%f0%9f%92%b0\/#article","isPartOf":{"@id":"https:\/\/diagnozabam.ro\/sfaturi\/ro\/blog\/taxa-de-poluare-devine-realitate-cine-trebuie-sa-plateasca-si-cat-va-costa-noul-bir-auto-%f0%9f%9a%97%f0%9f%92%b0\/"},"author":{"name":"Bejenaru Alexandru Ionut","@id":"https:\/\/diagnozabam.ro\/sfaturi\/#\/schema\/person\/77202adf825f4528d9ba9ab5b4ffafec"},"headline":"Taxa de poluare devine realitate! Cine trebuie s\u0103 pl\u0103teasc\u0103 \u0219i c\u00e2t va costa noul bir auto? \ud83d\ude97\ud83d\udcb0","datePublished":"2025-03-04T16:59:36+00:00","dateModified":"2025-04-02T08:53:21+00:00","mainEntityOfPage":{"@id":"https:\/\/diagnozabam.ro\/sfaturi\/ro\/blog\/taxa-de-poluare-devine-realitate-cine-trebuie-sa-plateasca-si-cat-va-costa-noul-bir-auto-%f0%9f%9a%97%f0%9f%92%b0\/"},"wordCount":571,"commentCount":0,"publisher":{"@id":"https:\/\/diagnozabam.ro\/sfaturi\/#organization"},"image":{"@id":"https:\/\/diagnozabam.ro\/sfaturi\/ro\/blog\/taxa-de-poluare-devine-realitate-cine-trebuie-sa-plateasca-si-cat-va-costa-noul-bir-auto-%f0%9f%9a%97%f0%9f%92%b0\/#primaryimage"},"thumbnailUrl":"https:\/\/diagnozabam.ro\/sfaturi\/wp-content\/uploads\/2025\/02\/https___www.promotor.ro_wp-content_uploads_2025_02_primul-anunt-oficial-despre-taxa-de-poluare-se-introduce-din-2026-cine-e-obligat-sa-o-plateasca-01.webp","keywords":["automobile second-hand","bam","car costs","car legislation","car tax","CO2 tax","costuri ma\u0219ini","diagnosis","diagnoza","EURO 2","EURO 3","guvern Rom\u00e2nia","impozit auto 2026","legisla\u021bie auto","masini vechi","neamt","neamt pollution tax","new car tax","noua tax\u0103 auto","old cars","roman","Romanian drivers","Romanian Government","second-hand cars","\u0219oferi Rom\u00e2nia","tax\u0103 auto","taxa mediu","taxa poluare","vehicle tax 2026"],"articleSection":["\u0218tiri"],"inLanguage":"ro-RO","potentialAction":[{"@type":"CommentAction","name":"Comment","target":["https:\/\/diagnozabam.ro\/sfaturi\/ro\/blog\/taxa-de-poluare-devine-realitate-cine-trebuie-sa-plateasca-si-cat-va-costa-noul-bir-auto-%f0%9f%9a%97%f0%9f%92%b0\/#respond"]}]},{"@type":"WebPage","@id":"https:\/\/diagnozabam.ro\/sfaturi\/ro\/blog\/taxa-de-poluare-devine-realitate-cine-trebuie-sa-plateasca-si-cat-va-costa-noul-bir-auto-%f0%9f%9a%97%f0%9f%92%b0\/","url":"https:\/\/diagnozabam.ro\/sfaturi\/ro\/blog\/taxa-de-poluare-devine-realitate-cine-trebuie-sa-plateasca-si-cat-va-costa-noul-bir-auto-%f0%9f%9a%97%f0%9f%92%b0\/","name":"Taxa de poluare devine realitate! Cine trebuie s\u0103 pl\u0103teasc\u0103 \u0219i c\u00e2t va costa noul bir auto? \ud83d\ude97\ud83d\udcb0 - Diagnoza BAM","isPartOf":{"@id":"https:\/\/diagnozabam.ro\/sfaturi\/#website"},"primaryImageOfPage":{"@id":"https:\/\/diagnozabam.ro\/sfaturi\/ro\/blog\/taxa-de-poluare-devine-realitate-cine-trebuie-sa-plateasca-si-cat-va-costa-noul-bir-auto-%f0%9f%9a%97%f0%9f%92%b0\/#primaryimage"},"image":{"@id":"https:\/\/diagnozabam.ro\/sfaturi\/ro\/blog\/taxa-de-poluare-devine-realitate-cine-trebuie-sa-plateasca-si-cat-va-costa-noul-bir-auto-%f0%9f%9a%97%f0%9f%92%b0\/#primaryimage"},"thumbnailUrl":"https:\/\/diagnozabam.ro\/sfaturi\/wp-content\/uploads\/2025\/02\/https___www.promotor.ro_wp-content_uploads_2025_02_primul-anunt-oficial-despre-taxa-de-poluare-se-introduce-din-2026-cine-e-obligat-sa-o-plateasca-01.webp","datePublished":"2025-03-04T16:59:36+00:00","dateModified":"2025-04-02T08:53:21+00:00","description":"Taxa de poluare devine realitate! Cine trebuie s\u0103 pl\u0103teasc\u0103 \u0219i c\u00e2t va costa noul bir auto? \ud83d\ude97\ud83d\udcb0 Taxa de poluare pentru autovehiculele care emit noxe este tot mai aproape de&hellip;","breadcrumb":{"@id":"https:\/\/diagnozabam.ro\/sfaturi\/ro\/blog\/taxa-de-poluare-devine-realitate-cine-trebuie-sa-plateasca-si-cat-va-costa-noul-bir-auto-%f0%9f%9a%97%f0%9f%92%b0\/#breadcrumb"},"inLanguage":"ro-RO","potentialAction":[{"@type":"ReadAction","target":["https:\/\/diagnozabam.ro\/sfaturi\/ro\/blog\/taxa-de-poluare-devine-realitate-cine-trebuie-sa-plateasca-si-cat-va-costa-noul-bir-auto-%f0%9f%9a%97%f0%9f%92%b0\/"]}]},{"@type":"ImageObject","inLanguage":"ro-RO","@id":"https:\/\/diagnozabam.ro\/sfaturi\/ro\/blog\/taxa-de-poluare-devine-realitate-cine-trebuie-sa-plateasca-si-cat-va-costa-noul-bir-auto-%f0%9f%9a%97%f0%9f%92%b0\/#primaryimage","url":"https:\/\/diagnozabam.ro\/sfaturi\/wp-content\/uploads\/2025\/02\/https___www.promotor.ro_wp-content_uploads_2025_02_primul-anunt-oficial-despre-taxa-de-poluare-se-introduce-din-2026-cine-e-obligat-sa-o-plateasca-01.webp","contentUrl":"https:\/\/diagnozabam.ro\/sfaturi\/wp-content\/uploads\/2025\/02\/https___www.promotor.ro_wp-content_uploads_2025_02_primul-anunt-oficial-despre-taxa-de-poluare-se-introduce-din-2026-cine-e-obligat-sa-o-plateasca-01.webp","width":1170,"height":600,"caption":"https www.promotor.ro wp content uploads 2025 02 primul anunt oficial despre taxa de poluare se introduce din 2026 cine e obligat sa o plateasca 01"},{"@type":"BreadcrumbList","@id":"https:\/\/diagnozabam.ro\/sfaturi\/ro\/blog\/taxa-de-poluare-devine-realitate-cine-trebuie-sa-plateasca-si-cat-va-costa-noul-bir-auto-%f0%9f%9a%97%f0%9f%92%b0\/#breadcrumb","itemListElement":[{"@type":"ListItem","position":1,"name":"Home","item":"https:\/\/diagnozabam.ro\/sfaturi\/"},{"@type":"ListItem","position":2,"name":"Taxa de poluare devine realitate! Cine trebuie s\u0103 pl\u0103teasc\u0103 \u0219i c\u00e2t va costa noul bir auto? \ud83d\ude97\ud83d\udcb0"}]},{"@type":"WebSite","@id":"https:\/\/diagnozabam.ro\/sfaturi\/#website","url":"https:\/\/diagnozabam.ro\/sfaturi\/","name":"Diagnoza BAM","description":"Independent Auto Diagnostics, Tech Analysis and Smart Insights","publisher":{"@id":"https:\/\/diagnozabam.ro\/sfaturi\/#organization"},"alternateName":"DBAM","potentialAction":[{"@type":"SearchAction","target":{"@type":"EntryPoint","urlTemplate":"https:\/\/diagnozabam.ro\/sfaturi\/?s={search_term_string}"},"query-input":{"@type":"PropertyValueSpecification","valueRequired":true,"valueName":"search_term_string"}}],"inLanguage":"ro-RO"},{"@type":"Organization","@id":"https:\/\/diagnozabam.ro\/sfaturi\/#organization","name":"Diagnoza BAM","alternateName":"DBAM","url":"https:\/\/diagnozabam.ro\/sfaturi\/","logo":{"@type":"ImageObject","inLanguage":"ro-RO","@id":"https:\/\/diagnozabam.ro\/sfaturi\/#\/schema\/logo\/image\/","url":"https:\/\/diagnozabam.ro\/sfaturi\/wp-content\/uploads\/2025\/11\/logo-diagnoza-bam-imagine.webp","contentUrl":"https:\/\/diagnozabam.ro\/sfaturi\/wp-content\/uploads\/2025\/11\/logo-diagnoza-bam-imagine.webp","width":512,"height":512,"caption":"Diagnoza BAM"},"image":{"@id":"https:\/\/diagnozabam.ro\/sfaturi\/#\/schema\/logo\/image\/"},"sameAs":["https:\/\/www.facebook.com\/diagnozabam","https:\/\/mastodon.social\/@diagnozabam","https:\/\/bsky.app\/profile\/did:plc:f4cmgfa3nv33bch7p3wgwchr","https:\/\/www.tumblr.com\/diagbam"],"description":"Independent publishing platform focused on automotive diagnostics, OBD2 analysis, repair cost breakdowns, technology insights and practical technical guides.","email":"redactie@diagnozabam.ro","foundingDate":"2023-02-16"},{"@type":"Person","@id":"https:\/\/diagnozabam.ro\/sfaturi\/#\/schema\/person\/77202adf825f4528d9ba9ab5b4ffafec","name":"Bejenaru Alexandru Ionut","image":{"@type":"ImageObject","inLanguage":"ro-RO","@id":"https:\/\/secure.gravatar.com\/avatar\/96634b44a266a571c59a5e82fc6f12edfb6876914735dbc57aa2348d11395470?s=96&d=mm&r=g","url":"https:\/\/secure.gravatar.com\/avatar\/96634b44a266a571c59a5e82fc6f12edfb6876914735dbc57aa2348d11395470?s=96&d=mm&r=g","contentUrl":"https:\/\/secure.gravatar.com\/avatar\/96634b44a266a571c59a5e82fc6f12edfb6876914735dbc57aa2348d11395470?s=96&d=mm&r=g","caption":"Bejenaru Alexandru Ionut"},"sameAs":["https:\/\/diagnozabam.ro"],"honorificPrefix":"Mr.","birthDate":"1997-12-23","url":"https:\/\/diagnozabam.ro\/sfaturi\/blog\/author\/bejenaru-alexandru-ionut\/"}]}},"lang":"ro","translations":{"ro":13567},"jetpack_publicize_connections":[],"jetpack-related-posts":[{"id":9013,"url":"https:\/\/diagnozabam.ro\/sfaturi\/ro\/blog\/rimac-dezvaluie-planurile-primul-taxi-autonom-sau-va-incepe-operatiunile-in-2026\/","url_meta":{"origin":13567,"position":0},"title":"Rimac Dezv\u0103luie Planurile: Primul Taxi Autonom S\u0103u Va \u00cencepe Opera\u021biunile \u00een 2026","author":"Bejenaru Alexandru Ionut","date":"5 ianuarie 2024","format":false,"excerpt":"Rimac, cunoscut pentru ma\u0219inile sale de performan\u021b\u0103, se preg\u0103te\u0219te s\u0103 intre \u00een segmentul taxiurilor autonome cu un nou prototip numit Project 3, care va fi lansat \u00een prima jum\u0103tate a\u2026","rel":"","context":"\u00cen \u201eAuto-RO\u201d","block_context":{"text":"Auto-RO","link":"https:\/\/diagnozabam.ro\/sfaturi\/ro\/category\/auto\/"},"img":{"alt_text":"rimac dezvaluie planurile primul taxi autonom sau va incepe operatiunile in 2026 mfrh original","src":"https:\/\/i0.wp.com\/diagnozabam.ro\/sfaturi\/wp-content\/uploads\/2024\/01\/rimac-dezvaluie-planurile-primul-taxi-autonom-sau-va-incepe-operatiunile-in-2026-mfrh-original.webp?resize=350%2C200&ssl=1","width":350,"height":200,"srcset":"https:\/\/i0.wp.com\/diagnozabam.ro\/sfaturi\/wp-content\/uploads\/2024\/01\/rimac-dezvaluie-planurile-primul-taxi-autonom-sau-va-incepe-operatiunile-in-2026-mfrh-original.webp?resize=350%2C200&ssl=1 1x, https:\/\/i0.wp.com\/diagnozabam.ro\/sfaturi\/wp-content\/uploads\/2024\/01\/rimac-dezvaluie-planurile-primul-taxi-autonom-sau-va-incepe-operatiunile-in-2026-mfrh-original.webp?resize=525%2C300&ssl=1 1.5x, https:\/\/i0.wp.com\/diagnozabam.ro\/sfaturi\/wp-content\/uploads\/2024\/01\/rimac-dezvaluie-planurile-primul-taxi-autonom-sau-va-incepe-operatiunile-in-2026-mfrh-original.webp?resize=700%2C400&ssl=1 2x"},"classes":[]},{"id":223,"url":"https:\/\/diagnozabam.ro\/sfaturi\/ro\/blog\/acte-necesare-pentru-inmatriculare\/","url_meta":{"origin":13567,"position":1},"title":"Acte Necesare \u00cenmatriculare Auto","author":"Bejenaru Alexandru Ionut","date":"4 august 2025","format":false,"excerpt":"Actele necesare \u00eenmatricul\u0103rii auto se depun de proprietarul ma\u0219inii. \u00cen cazul \u00een care acest lucru nu este posibil, persoana care va depune actele trebuie s\u0103 aib\u0103 procur\u0103 special\u0103. Cererea \u00eenamtriculare\u2026","rel":"","context":"\u00cen \u201e\u0218tiri\u201d","block_context":{"text":"\u0218tiri","link":"https:\/\/diagnozabam.ro\/sfaturi\/ro\/category\/stiri\/"},"img":{"alt_text":"tipuri de numere de inmatriculare","src":"https:\/\/i0.wp.com\/diagnozabam.ro\/sfaturi\/wp-content\/uploads\/2024\/08\/tipuri-de-numere-de-inmatriculare.webp?resize=350%2C200&ssl=1","width":350,"height":200,"srcset":"https:\/\/i0.wp.com\/diagnozabam.ro\/sfaturi\/wp-content\/uploads\/2024\/08\/tipuri-de-numere-de-inmatriculare.webp?resize=350%2C200&ssl=1 1x, https:\/\/i0.wp.com\/diagnozabam.ro\/sfaturi\/wp-content\/uploads\/2024\/08\/tipuri-de-numere-de-inmatriculare.webp?resize=525%2C300&ssl=1 1.5x, https:\/\/i0.wp.com\/diagnozabam.ro\/sfaturi\/wp-content\/uploads\/2024\/08\/tipuri-de-numere-de-inmatriculare.webp?resize=700%2C400&ssl=1 2x, https:\/\/i0.wp.com\/diagnozabam.ro\/sfaturi\/wp-content\/uploads\/2024\/08\/tipuri-de-numere-de-inmatriculare.webp?resize=1050%2C600&ssl=1 3x"},"classes":[]},{"id":11102,"url":"https:\/\/diagnozabam.ro\/sfaturi\/ro\/blog\/dezbaterile-asupra-motoarelor-diesel-in-europa-si-restrictiile-impuse\/","url_meta":{"origin":13567,"position":2},"title":"Dezbaterile Asupra Motoarelor Diesel \u00een Europa \u0219i Restric\u021biile Impuse","author":"Bejenaru Alexandru Ionut","date":"15 iulie 2024","format":false,"excerpt":"Dezbaterile Asupra Motoarelor Diesel \u00een Europa \u0219i Restric\u021biile Impuse \u00cen Europa, motoarele diesel sunt subiectul unei dezbateri intense din cauza impactului lor asupra mediului \u0219i a noxelor pe care le\u2026","rel":"","context":"\u00cen \u201e\u0218tiri\u201d","block_context":{"text":"\u0218tiri","link":"https:\/\/diagnozabam.ro\/sfaturi\/ro\/category\/stiri\/"},"img":{"alt_text":"dezbaterile asupra motoarelor diesel in europa si restrictiile impuse","src":"https:\/\/i0.wp.com\/diagnozabam.ro\/sfaturi\/wp-content\/uploads\/2024\/07\/dezbaterile-asupra-motoarelor-diesel-in-europa-si-restrictiile-impuse.webp?resize=350%2C200&ssl=1","width":350,"height":200,"srcset":"https:\/\/i0.wp.com\/diagnozabam.ro\/sfaturi\/wp-content\/uploads\/2024\/07\/dezbaterile-asupra-motoarelor-diesel-in-europa-si-restrictiile-impuse.webp?resize=350%2C200&ssl=1 1x, https:\/\/i0.wp.com\/diagnozabam.ro\/sfaturi\/wp-content\/uploads\/2024\/07\/dezbaterile-asupra-motoarelor-diesel-in-europa-si-restrictiile-impuse.webp?resize=525%2C300&ssl=1 1.5x, https:\/\/i0.wp.com\/diagnozabam.ro\/sfaturi\/wp-content\/uploads\/2024\/07\/dezbaterile-asupra-motoarelor-diesel-in-europa-si-restrictiile-impuse.webp?resize=700%2C400&ssl=1 2x, https:\/\/i0.wp.com\/diagnozabam.ro\/sfaturi\/wp-content\/uploads\/2024\/07\/dezbaterile-asupra-motoarelor-diesel-in-europa-si-restrictiile-impuse.webp?resize=1050%2C600&ssl=1 3x"},"classes":[]},{"id":10304,"url":"https:\/\/diagnozabam.ro\/sfaturi\/ro\/blog\/google-introduce-taxe-pentru-dezvoltatori-in-ue-pe-modelul-apple\/","url_meta":{"origin":13567,"position":3},"title":"Google introduce taxe pentru dezvoltatori \u00een UE, pe modelul Apple","author":"Bejenaru Alexandru Ionut","date":"13 martie 2024","format":false,"excerpt":"Pe 5 martie, Google a anun\u021bat modific\u0103rile pe care le va implementa pentru a se conforma cu Legea Pie\u021belor Digitale a Uniunii Europene (DMA), care a intrat \u00een vigoare \u00eencep\u00e2nd\u2026","rel":"","context":"\u00cen \u201eIT-RO\u201d","block_context":{"text":"IT-RO","link":"https:\/\/diagnozabam.ro\/sfaturi\/ro\/category\/it\/"},"img":{"alt_text":"google introduce taxe pentru dezvoltatori in ue pe modelul apple mfrh original","src":"https:\/\/i0.wp.com\/diagnozabam.ro\/sfaturi\/wp-content\/uploads\/2024\/03\/google-introduce-taxe-pentru-dezvoltatori-in-ue-pe-modelul-apple-mfrh-original.webp?resize=350%2C200&ssl=1","width":350,"height":200,"srcset":"https:\/\/i0.wp.com\/diagnozabam.ro\/sfaturi\/wp-content\/uploads\/2024\/03\/google-introduce-taxe-pentru-dezvoltatori-in-ue-pe-modelul-apple-mfrh-original.webp?resize=350%2C200&ssl=1 1x, https:\/\/i0.wp.com\/diagnozabam.ro\/sfaturi\/wp-content\/uploads\/2024\/03\/google-introduce-taxe-pentru-dezvoltatori-in-ue-pe-modelul-apple-mfrh-original.webp?resize=525%2C300&ssl=1 1.5x, https:\/\/i0.wp.com\/diagnozabam.ro\/sfaturi\/wp-content\/uploads\/2024\/03\/google-introduce-taxe-pentru-dezvoltatori-in-ue-pe-modelul-apple-mfrh-original.webp?resize=700%2C400&ssl=1 2x"},"classes":[]},{"id":36551,"url":"https:\/\/diagnozabam.ro\/sfaturi\/ro\/blog\/ce-se-scumpeste-in-2026-in-romania-lista-completa\/","url_meta":{"origin":13567,"position":4},"title":"Ce se scumpeste in 2026 in Romania: lista completa","author":"Bejenaru Alexandru Ionut","date":"2 ianuarie 2026","format":false,"excerpt":"Ce se scumpeste in 2026 in Romania nu mai este o intrebare, ci o certitudine. Finalul lui 2025 vine cu semnale clare din economie, energie, fiscalitate si piata auto. Unele scumpiri sunt anuntate oficial, altele sunt mascate prin taxe indirecte sau eliminarea facilitatilor. Articolul de fata explica, clar si fara\u2026","rel":"","context":"\u00cen \u201e\u0218tiri\u201d","block_context":{"text":"\u0218tiri","link":"https:\/\/diagnozabam.ro\/sfaturi\/ro\/category\/stiri\/"},"img":{"alt_text":"Forecast the inflation rate in Romania in the period 2021 2026 Source Own processinghttpswww.researchgate.net","src":"https:\/\/i0.wp.com\/diagnozabam.ro\/sfaturi\/wp-content\/uploads\/2025\/12\/forecast-the-inflation-rate-in-romania-in-the-period-2021-2026-source-own-processinghttpswww.researchgate.net_.webp?resize=350%2C200&ssl=1","width":350,"height":200,"srcset":"https:\/\/i0.wp.com\/diagnozabam.ro\/sfaturi\/wp-content\/uploads\/2025\/12\/forecast-the-inflation-rate-in-romania-in-the-period-2021-2026-source-own-processinghttpswww.researchgate.net_.webp?resize=350%2C200&ssl=1 1x, https:\/\/i0.wp.com\/diagnozabam.ro\/sfaturi\/wp-content\/uploads\/2025\/12\/forecast-the-inflation-rate-in-romania-in-the-period-2021-2026-source-own-processinghttpswww.researchgate.net_.webp?resize=525%2C300&ssl=1 1.5x, https:\/\/i0.wp.com\/diagnozabam.ro\/sfaturi\/wp-content\/uploads\/2025\/12\/forecast-the-inflation-rate-in-romania-in-the-period-2021-2026-source-own-processinghttpswww.researchgate.net_.webp?resize=700%2C400&ssl=1 2x"},"classes":[]},{"id":18779,"url":"https:\/\/diagnozabam.ro\/sfaturi\/ro\/blog\/se-poate-monta-adblue-pe-euro-4-adevarul-complet\/","url_meta":{"origin":13567,"position":5},"title":"Se poate monta AdBlue pe Euro 4? Adev\u0103rul complet","author":"Bejenaru Alexandru Ionut","date":"19 aprilie 2025","format":false,"excerpt":"Se poate monta AdBlue pe Euro 4? Adev\u0103rul complet \u00cen contextul reglement\u0103rilor tot mai stricte privind emisiile poluante, mul\u021bi posesori de vehicule cu norm\u0103 de poluare Euro 4 se \u00eentreab\u0103 dac\u0103 pot monta sistemul AdBlue pentru a reduce nivelul de emisii \u0219i, eventual, pentru a evita anumite restric\u021bii de circula\u021bie.\u2026","rel":"","context":"\u00cen \u201e\u0218tiri\u201d","block_context":{"text":"\u0218tiri","link":"https:\/\/diagnozabam.ro\/sfaturi\/ro\/category\/stiri\/"},"img":{"alt_text":"Se poate monta AdBlue pe Euro 4 Adev\u0103rul complet","src":"https:\/\/i0.wp.com\/diagnozabam.ro\/sfaturi\/wp-content\/uploads\/2025\/04\/Se-poate-monta-AdBlue-pe-Euro-4-Adevarul-complet.webp?resize=350%2C200&ssl=1","width":350,"height":200,"srcset":"https:\/\/i0.wp.com\/diagnozabam.ro\/sfaturi\/wp-content\/uploads\/2025\/04\/Se-poate-monta-AdBlue-pe-Euro-4-Adevarul-complet.webp?resize=350%2C200&ssl=1 1x, https:\/\/i0.wp.com\/diagnozabam.ro\/sfaturi\/wp-content\/uploads\/2025\/04\/Se-poate-monta-AdBlue-pe-Euro-4-Adevarul-complet.webp?resize=525%2C300&ssl=1 1.5x, https:\/\/i0.wp.com\/diagnozabam.ro\/sfaturi\/wp-content\/uploads\/2025\/04\/Se-poate-monta-AdBlue-pe-Euro-4-Adevarul-complet.webp?resize=700%2C400&ssl=1 2x"},"classes":[]}],"jetpack_shortlink":"https:\/\/wp.me\/pf97go-3wP","jetpack_featured_media_url":"https:\/\/diagnozabam.ro\/sfaturi\/wp-content\/uploads\/2025\/02\/https___www.promotor.ro_wp-content_uploads_2025_02_primul-anunt-oficial-despre-taxa-de-poluare-se-introduce-din-2026-cine-e-obligat-sa-o-plateasca-01.webp","pll_sync_post":[],"_links":{"self":[{"href":"https:\/\/diagnozabam.ro\/sfaturi\/wp-json\/wp\/v2\/posts\/13567","targetHints":{"allow":["GET"]}}],"collection":[{"href":"https:\/\/diagnozabam.ro\/sfaturi\/wp-json\/wp\/v2\/posts"}],"about":[{"href":"https:\/\/diagnozabam.ro\/sfaturi\/wp-json\/wp\/v2\/types\/post"}],"author":[{"embeddable":true,"href":"https:\/\/diagnozabam.ro\/sfaturi\/wp-json\/wp\/v2\/users\/1"}],"replies":[{"embeddable":true,"href":"https:\/\/diagnozabam.ro\/sfaturi\/wp-json\/wp\/v2\/comments?post=13567"}],"version-history":[{"count":4,"href":"https:\/\/diagnozabam.ro\/sfaturi\/wp-json\/wp\/v2\/posts\/13567\/revisions"}],"predecessor-version":[{"id":16307,"href":"https:\/\/diagnozabam.ro\/sfaturi\/wp-json\/wp\/v2\/posts\/13567\/revisions\/16307"}],"wp:featuredmedia":[{"embeddable":true,"href":"https:\/\/diagnozabam.ro\/sfaturi\/wp-json\/wp\/v2\/media\/13568"}],"wp:attachment":[{"href":"https:\/\/diagnozabam.ro\/sfaturi\/wp-json\/wp\/v2\/media?parent=13567"}],"wp:term":[{"taxonomy":"category","embeddable":true,"href":"https:\/\/diagnozabam.ro\/sfaturi\/wp-json\/wp\/v2\/categories?post=13567"},{"taxonomy":"post_tag","embeddable":true,"href":"https:\/\/diagnozabam.ro\/sfaturi\/wp-json\/wp\/v2\/tags?post=13567"}],"curies":[{"name":"wp","href":"https:\/\/api.w.org\/{rel}","templated":true}]}}