{"id":19203,"date":"2025-04-24T23:58:07","date_gmt":"2025-04-24T20:58:07","guid":{"rendered":"https:\/\/diagnozabam.ro\/sfaturi\/?p=19203"},"modified":"2026-07-27T13:32:32","modified_gmt":"2026-07-27T10:32:32","slug":"de-ce-se-fura-capacele-de-la-stergatoarele-spate-adevarul-surprinzator","status":"publish","type":"post","link":"https:\/\/diagnozabam.ro\/sfaturi\/ro\/blog\/de-ce-se-fura-capacele-de-la-stergatoarele-spate-adevarul-surprinzator\/","title":{"rendered":"De Ce Se Fur\u0103 Capacele de la \u0218terg\u0103toarele Spate? Adev\u0103rul"},"content":{"rendered":"<h2 data-path-to-node=\"9\">De ce se fur\u0103 capacele de la \u0219terg\u0103toarele spate? Adev\u0103rul surprinz\u0103tor!<\/h2>\n<p data-path-to-node=\"10\">Ai mers la ma\u0219in\u0103 azi? Te \u00eentrebi <b data-path-to-node=\"10\" data-index-in-node=\"34\">de ce se fur\u0103 capacele de la \u0219terg\u0103toarele spate<\/b> at\u00e2t de des? Nu e\u0219ti singurul! Tot mai mul\u021bi \u0219oferi din Rom\u00e2nia au aceast\u0103 problem\u0103 enervant\u0103. Un <b data-path-to-node=\"10\" data-index-in-node=\"181\">capac \u0219terg\u0103tor spate furat<\/b> \u00ee\u021bi poate strica ziua instantaneu.<\/p>\n<p data-path-to-node=\"11\">Ce se ascunde \u00een spatele acestor <b data-path-to-node=\"11\" data-index-in-node=\"33\">furturi minore auto<\/b>? De ce <b data-path-to-node=\"11\" data-index-in-node=\"60\">fur\u0103 capace \u0219terg\u0103toare<\/b> persoanele r\u0103u inten\u021bionate?<\/p>\n<h2 data-path-to-node=\"13\">O pies\u0103 mic\u0103, dar extrem de c\u0103utat\u0103<\/h2>\n<p data-path-to-node=\"14\">Orice <b data-path-to-node=\"14\" data-index-in-node=\"6\">capac plastic \u0219terg\u0103tor<\/b> pare o pies\u0103 nesemnificativ\u0103. Aceste elemente intr\u0103 \u00een <a href=\"https:\/\/diagnozabam.ro\/sfaturi\/ro\/blog\/clasificare-autoturisme-si-categorii-permis\/\">categoria de<\/a> <b data-path-to-node=\"14\" data-index-in-node=\"98\">accesorii \u0219terg\u0103toare spate<\/b> <a href=\"https:\/\/diagnozabam.ro\/sfaturi\/ro\/blog\/masini-economice-pentru-incepatori-top-real-2025\/\">ieftine<\/a>. La prima vedere, ele apar neimportante pe ma\u0219in\u0103.<\/p>\n<p data-path-to-node=\"15\">Aceast\u0103 <b data-path-to-node=\"15\" data-index-in-node=\"8\">vulnerabilitate \u0219terg\u0103tor spate<\/b> le transform\u0103 \u00een \u021binte u\u0219oare. Ele fac parte din topul de <b data-path-to-node=\"15\" data-index-in-node=\"98\"><a href=\"https:\/\/diagnozabam.ro\/sfaturi\/ro\/blog\/kit-ambreiaj-masa-simpla-sau-dubla-care-e-mai-bun\/\">piese auto<\/a> furate <a href=\"https:\/\/diagnozabam.ro\/sfaturi\/ro\/blog\/reguli-de-stationare-si-oprire-pe-drumurile-din-localitati-ce-trebuie-sa-stie-soferii\/\">parcare<\/a><\/b> noaptea. Avem des <b data-path-to-node=\"15\" data-index-in-node=\"142\">furturi parc\u0103ri blocuri<\/b> din cauza lipsei de paz\u0103.<\/p>\n<p data-path-to-node=\"16\">Motivul este simplu. Se acoper\u0103 un <b data-path-to-node=\"16\" data-index-in-node=\"35\">bra\u021b \u0219terg\u0103tor spate<\/b> cu un simplu clic. Piesa se demonteaz\u0103 extrem de u\u0219or. \u00cen plus, cererea pe <b data-path-to-node=\"16\" data-index-in-node=\"131\">pia\u021ba second hand <a href=\"https:\/\/diagnozabam.ro\/sfaturi\/ro\/blog\/kit-ambreiaj-masa-simpla-sau-dubla-care-e-mai-bun\/\">piese auto<\/a><\/b> este uria\u0219\u0103.<\/p>\n<div class=\"code-block ng-tns-c2095966089-174 ng-animate-disabled ng-trigger ng-trigger-codeBlockRevealAnimation\" data-hveid=\"0\" data-ved=\"0CAAQhtANahgKEwjduYfp0fKVAxUAAAAAHQAAAAAQ2wI\">\n<div class=\"formatted-code-block-internal-container ng-tns-c2095966089-174\">\n<div class=\"animated-opacity ng-tns-c2095966089-174\">\n<pre class=\"ng-tns-c2095966089-174\"><code class=\"code-container formatted ng-tns-c2095966089-174 no-decoration-radius\" role=\"text\" data-test-id=\"code-content\">[ Demontare Rapid\u0103 ]  \u2500\u2500\u2510\r\n                        \u251c\u2500\u25ba [ Atractivitate Mare ] \u2500\u2500\u25ba [ Furt \u00een C\u00e2teva Secunde ]\r\n[ Cerere Second-Hand ] \u2500\u2500\u2518\r\n<\/code><\/pre>\n<\/div>\n<\/div>\n<\/div>\n<h2 data-path-to-node=\"19\">Principalele motive din spatele furturilor<\/h2>\n<p data-path-to-node=\"20\">Acest fenomen de <b data-path-to-node=\"20\" data-index-in-node=\"17\">furt <a href=\"https:\/\/diagnozabam.ro\/sfaturi\/ro\/blog\/coeficient-aerodinamic-cx\/\">piese caroserie<\/a><\/b> are explica\u021bii <a href=\"https:\/\/diagnozabam.ro\/sfaturi\/ro\/blog\/masini-economice-pentru-incepatori-top-real-2025\/\">economice<\/a> clare. Un ho\u021b caut\u0103 o <b data-path-to-node=\"20\" data-index-in-node=\"85\">revanzare piese furate<\/b> c\u00e2t mai rapid\u0103. Iat\u0103 de ce ac\u021bioneaz\u0103 ho\u021bii:<\/p>\n<div class=\"code-block ng-tns-c2095966089-175 ng-animate-disabled ng-trigger ng-trigger-codeBlockRevealAnimation\" data-hveid=\"0\" data-ved=\"0CAAQhtANahgKEwjduYfp0fKVAxUAAAAAHQAAAAAQ3AI\">\n<div class=\"formatted-code-block-internal-container ng-tns-c2095966089-175\">\n<div class=\"animated-opacity ng-tns-c2095966089-175\">\n<pre class=\"ng-tns-c2095966089-175\"><code class=\"code-container formatted ng-tns-c2095966089-175 no-decoration-radius\" role=\"text\" data-test-id=\"code-content\">                  +-----------------------------------+\r\n                  |      DE CE SE FUR\u0102 CAPACELE?      |\r\n                  +-----------------------------------+\r\n                                    \u2502\r\n    \u250c\u2500\u2500\u2500\u2500\u2500\u2500\u2500\u2500\u2500\u2500\u2500\u2500\u2500\u2500\u2500\u2500\u252c\u2500\u2500\u2500\u2500\u2500\u2500\u2500\u2500\u2500\u2500\u2500\u2500\u2500\u2500\u2534\u2500\u2500\u2500\u2500\u2500\u2500\u2500\u2500\u2500\u2500\u2500\u2500\u2500\u2500\u252c\u2500\u2500\u2500\u2500\u2500\u2500\u2500\u2500\u2500\u2500\u2500\u2500\u2500\u2500\u2500\u2500\u2510\r\n    \u25bc                \u25bc                             \u25bc                \u25bc\r\n[ Profit Rapid ]  [ Cerere Mare ]            [ Pierderi U\u0219oare ]  [ F\u0103r\u0103 Risc ]\r\n Pret: 10-30 lei   \u0218oferii caut\u0103             Se pierd frecvent   F\u0103r\u0103 zgomot\r\n pe bucat\u0103         piese <a href=\"https:\/\/diagnozabam.ro\/sfaturi\/ro\/blog\/masini-economice-pentru-incepatori-top-real-2025\/\">ieftine<\/a>             la sp\u0103l\u0103torii       sau alarme\r\n<\/code><\/pre>\n<\/div>\n<\/div>\n<\/div>\n<h3 data-path-to-node=\"22\">1. Profit rapid pentru ho\u021bi<\/h3>\n<p data-path-to-node=\"23\">Un capac protejeaz\u0103 acea <b data-path-to-node=\"23\" data-index-in-node=\"25\">piuli\u021b\u0103 \u0219terg\u0103tor spate<\/b> \u00eempotriva ruginii. Piesa se vinde rapid pe internet. Suma pare mic\u0103 la prima vedere. Totu\u0219i, ho\u021bii adun\u0103 zeci de buc\u0103\u021bi pe lun\u0103. Astfel, ei ob\u021bin un profit rapid f\u0103r\u0103 cheltuieli.<\/p>\n<h3 data-path-to-node=\"24\">2. Piese pierdute sau deteriorate des<\/h3>\n<p data-path-to-node=\"25\">Aceste capace se pierd u\u0219or \u00een trafic. Avem adesea situa\u021bii de <b data-path-to-node=\"25\" data-index-in-node=\"63\"><a href=\"https:\/\/diagnozabam.ro\/sfaturi\/ro\/blog\/spalarea-masinii-legislatie-si-riscuri-pentru-mediu\/\">sp\u0103l\u0103torie auto<\/a> piese pierdute<\/b> din cauza periilor rotative. Uneori se rup acele <b data-path-to-node=\"25\" data-index-in-node=\"143\">cleme plastic \u0219terg\u0103tor<\/b> la sp\u0103lare.<\/p>\n<p data-path-to-node=\"26\">Mul\u021bi \u0219oferi refuz\u0103 s\u0103 cumpere <b data-path-to-node=\"26\" data-index-in-node=\"31\">piese originale reprezentan\u021b\u0103<\/b> din cauza pre\u021bului. Din acest motiv, proprietarii caut\u0103 <b data-path-to-node=\"26\" data-index-in-node=\"117\"><a href=\"https:\/\/diagnozabam.ro\/sfaturi\/ro\/blog\/kit-ambreiaj-masa-simpla-sau-dubla-care-e-mai-bun\/\">piese auto<\/a> de ocazie<\/b> sau <b data-path-to-node=\"26\" data-index-in-node=\"142\">piese <a href=\"https:\/\/diagnozabam.ro\/sfaturi\/ro\/blog\/masini-economice-pentru-incepatori-top-real-2025\/\">ieftine<\/a> second hand<\/b>.<\/p>\n<h3 data-path-to-node=\"27\">3. Furturi rapide \u00een parc\u0103ri nesupravegheate<\/h3>\n<p data-path-to-node=\"28\">Demontarea dureaz\u0103 doar c\u00e2teva secunde. Ho\u021bul trage u\u0219or de plastic \u0219i pleac\u0103. Opera\u021biunea nu face zgomot. Alarma ma\u0219inii nu se declan\u0219eaz\u0103 aproape niciodat\u0103.<\/p>\n<h2 data-path-to-node=\"30\">Ce ma\u0219ini sunt cele mai vizate?<\/h2>\n<p data-path-to-node=\"31\">Ho\u021bii vizeaz\u0103 ma\u0219inile foarte populare. Piesele lor sunt compatibile pe mai multe genera\u021bii. C\u0103ut\u0103rile pentru <b data-path-to-node=\"31\" data-index-in-node=\"110\">capace \u0219terg\u0103toare golf<\/b> \u0219i <b data-path-to-node=\"31\" data-index-in-node=\"137\">capace \u0219terg\u0103toare audi<\/b> sunt foarte numeroase.<\/p>\n<p data-path-to-node=\"32\">Aceste <b data-path-to-node=\"32\" data-index-in-node=\"7\">bra\u021be \u0219terg\u0103toare auto<\/b> sunt standardizate la Grupul VAG (Volkswagen, Audi, Skoda, Seat). La aceste autoturisme, capacul este vizibil. El se smulge extrem de u\u0219or de la exterior.<\/p>\n<h2 data-path-to-node=\"34\">Cum \u00ee\u021bi po\u021bi proteja capacul de la \u0219terg\u0103tor?<\/h2>\n<p data-path-to-node=\"35\">Procesul de <b data-path-to-node=\"35\" data-index-in-node=\"12\">prevenire furt piese<\/b> \u00ee\u021bi salveaz\u0103 timpul \u0219i banii. O bun\u0103 <b data-path-to-node=\"35\" data-index-in-node=\"70\">securizare <a href=\"https:\/\/diagnozabam.ro\/sfaturi\/ro\/blog\/kit-ambreiaj-masa-simpla-sau-dubla-care-e-mai-bun\/\">piese auto<\/a><\/b> te scap\u0103 de nepl\u0103ceri.<\/p>\n<p data-path-to-node=\"36\">Dac\u0103 vrei o <b data-path-to-node=\"36\" data-index-in-node=\"12\">protejare \u0219terg\u0103tor spate<\/b> eficient\u0103, aplic\u0103 aceste <b data-path-to-node=\"36\" data-index-in-node=\"63\">solu\u021bii <a href=\"https:\/\/diagnozabam.ro\/sfaturi\/ro\/blog\/suruburi-antifurt-la-contact-de-ce-nu-se-desfac\/\">antifurt<\/a> auto<\/b>:<\/p>\n<ol start=\"1\" data-path-to-node=\"37\">\n<li>\n<p data-path-to-node=\"37,0,0\"><b data-path-to-node=\"37,0,0\" data-index-in-node=\"0\">Cump\u0103r\u0103 capace \u0219terg\u0103toare aftermarket:<\/b> Piesele neoriginale au un aspect mai simplu. Ho\u021bii le evit\u0103 pentru c\u0103 nu le pot revinde u\u0219or.<\/p>\n<\/li>\n<li>\n<p data-path-to-node=\"37,1,0\"><b data-path-to-node=\"37,1,0\" data-index-in-node=\"0\">Folose\u0219te adeziv la montaj:<\/b> Un <b data-path-to-node=\"37,1,0\" data-index-in-node=\"31\">montaj capac \u0219terg\u0103tor<\/b> f\u0103cut cu <b data-path-to-node=\"37,1,0\" data-index-in-node=\"63\">adeziv montaj capac<\/b> (sau silicon) va \u00eengreuna demontarea. Capacul nu va mai putea fi smuls rapid f\u0103r\u0103 a se rupe.<\/p>\n<\/li>\n<li>\n<p data-path-to-node=\"37,2,0\"><b data-path-to-node=\"37,2,0\" data-index-in-node=\"0\">Parcheaz\u0103 \u00eentr-o <a href=\"https:\/\/diagnozabam.ro\/sfaturi\/ro\/blog\/reguli-de-stationare-si-oprire-pe-drumurile-din-localitati-ce-trebuie-sa-stie-soferii\/\">parcare<\/a> supravegheat\u0103 video:<\/b> Las\u0103 ma\u0219ina noaptea sub felinare sau aproape de camere.<\/p>\n<\/li>\n<li>\n<p data-path-to-node=\"37,3,0\"><b data-path-to-node=\"37,3,0\" data-index-in-node=\"0\">Lipe\u0219te un sticker de avertizare:<\/b> Un simplu <b data-path-to-node=\"37,3,0\" data-index-in-node=\"44\">sticker de avertizare<\/b> cu avertisment GPS poate descuraja ho\u021bii.<\/p>\n<\/li>\n<li>\n<p data-path-to-node=\"37,4,0\"><b data-path-to-node=\"37,4,0\" data-index-in-node=\"0\"><a href=\"https:\/\/diagnozabam.ro\/sfaturi\/ro\/blog\/debitmetru-murdar-turbina-ta-nu-e-de-vina\/\">\u00centre\u021binere preventiv\u0103<\/a>:<\/b> O verificare periodic\u0103 la <b data-path-to-node=\"37,4,0\" data-index-in-node=\"50\">\u00eentre\u021binere \u0219terg\u0103toare auto<\/b> te ajut\u0103 s\u0103 vezi dac\u0103 \u00eembinarea este fix\u0103.<\/p>\n<\/li>\n<\/ol>\n<h2 data-path-to-node=\"39\">Este considerat furt din punct de vedere legal?<\/h2>\n<p data-path-to-node=\"40\"><b data-path-to-node=\"40\" data-index-in-node=\"0\">Da!<\/b> Fapta se \u00eencadreaz\u0103 la <b data-path-to-node=\"40\" data-index-in-node=\"27\">furt calificat cod penal<\/b>. Chiar dac\u0103 avem o <b data-path-to-node=\"40\" data-index-in-node=\"71\">pagub\u0103 furt auto<\/b> redus\u0103, fapta este o infrac\u021biune.<\/p>\n<p data-path-to-node=\"41\">Po\u021bi depune o <b data-path-to-node=\"41\" data-index-in-node=\"14\">reclama\u021bie poli\u021bie furt<\/b> la sec\u021bia local\u0103. Din p\u0103cate, pu\u021bine cazuri sunt rezolvate din lips\u0103 de probe.<\/p>\n<h2 data-path-to-node=\"43\">Concluzie<\/h2>\n<p data-path-to-node=\"44\">Furtul capacelor de \u0219terg\u0103tor spate este un fenomen sup\u0103r\u0103tor. El apare din cauza cererii mari de piese <a href=\"https:\/\/diagnozabam.ro\/sfaturi\/ro\/blog\/masini-economice-pentru-incepatori-top-real-2025\/\">ieftine<\/a>. Fii vigilent! Protejeaz\u0103-\u021bi ma\u0219ina \u0219i evit\u0103 s\u0103 cumperi piese din surse incerte.<\/p>\n","protected":false},"excerpt":{"rendered":"<p>De ce se fur\u0103 capacele de la \u0219terg\u0103toarele spate? Adev\u0103rul surprinz\u0103tor! Ai mers la ma\u0219in\u0103 azi? Te \u00eentrebi de ce se fur\u0103 capacele de la \u0219terg\u0103toarele spate at\u00e2t de des? Nu e\u0219ti singurul! Tot mai mul\u021bi \u0219oferi din Rom\u00e2nia au aceast\u0103 problem\u0103 enervant\u0103. Un capac \u0219terg\u0103tor spate furat \u00ee\u021bi poate strica ziua instantaneu. Ce se [&hellip;]<\/p>\n","protected":false},"author":1,"featured_media":19204,"comment_status":"open","ping_status":"open","sticky":false,"template":"","format":"standard","meta":{"_sitemap_exclude":false,"_sitemap_priority":"","_sitemap_frequency":"","footnotes":"","jetpack_publicize_message":"","jetpack_publicize_feature_enabled":true,"jetpack_social_post_already_shared":true,"jetpack_social_options":{"image_generator_settings":{"template":"highway","default_image_id":0,"font":"","enabled":false},"version":2},"jetpack_post_was_ever_published":false},"categories":[1933],"tags":[53343,53339,53347,7553,37820,53345,13711,53341],"class_list":["post-19203","post","type-post","status-publish","format-standard","has-post-thumbnail","hentry","category-auto","tag-capac-stergator","tag-furt-piese-auto","tag-grup-vag","tag-intretinere-auto","tag-piese-second-hand","tag-prevenire-furt-auto","tag-securitate-auto","tag-stergator-spate"],"yoast_head":"<!-- This site is optimized with the Yoast SEO Premium plugin v27.7 (Yoast SEO v28.4) - https:\/\/yoast.com\/product\/yoast-seo-premium-wordpress\/ -->\n<title>De Ce Se Fur\u0103 Capacele de la \u0218terg\u0103toarele Spate? Adev\u0103rul - Diagnoza BAM<\/title>\n<meta name=\"description\" content=\"Ai r\u0103mas f\u0103r\u0103 capacul de la \u0219terg\u0103torul spate? Afl\u0103 motivele din spatele acestor furturi, ce ma\u0219ini sunt vizate \u0219i cum te...\" \/>\n<meta name=\"robots\" content=\"index, follow, max-snippet:-1, max-image-preview:large, max-video-preview:-1\" \/>\n<link rel=\"canonical\" href=\"https:\/\/diagnozabam.ro\/sfaturi\/ro\/blog\/de-ce-se-fura-capacele-de-la-stergatoarele-spate-adevarul-surprinzator\/\" \/>\n<meta property=\"og:locale\" content=\"ro_RO\" \/>\n<meta property=\"og:type\" content=\"article\" \/>\n<meta property=\"og:title\" content=\"De Ce Se Fur\u0103 Capacele de la \u0218terg\u0103toarele Spate? Adev\u0103rul\" \/>\n<meta property=\"og:description\" content=\"Ai r\u0103mas f\u0103r\u0103 capacul de la \u0219terg\u0103torul spate? Afl\u0103 motivele din spatele acestor furturi, ce ma\u0219ini sunt vizate \u0219i cum te po\u021bi proteja\" \/>\n<meta property=\"og:url\" content=\"https:\/\/diagnozabam.ro\/sfaturi\/ro\/blog\/de-ce-se-fura-capacele-de-la-stergatoarele-spate-adevarul-surprinzator\/\" \/>\n<meta property=\"og:site_name\" content=\"Diagnoza BAM\" \/>\n<meta property=\"article:publisher\" content=\"https:\/\/www.facebook.com\/diagnozabam\" \/>\n<meta property=\"article:published_time\" content=\"2025-04-24T20:58:07+00:00\" \/>\n<meta property=\"article:modified_time\" content=\"2026-07-27T10:32:32+00:00\" \/>\n<meta property=\"og:image\" content=\"https:\/\/diagnozabam.ro\/sfaturi\/wp-content\/uploads\/2025\/04\/De-ce-se-fura-capacele-de-la-stergatoarele-spate-Adevarul-surprinzator.webp\" \/>\n\t<meta property=\"og:image:width\" content=\"1536\" \/>\n\t<meta property=\"og:image:height\" content=\"1024\" \/>\n\t<meta property=\"og:image:type\" content=\"image\/jpeg\" \/>\n<meta name=\"author\" content=\"Bejenaru Alexandru Ionut\" \/>\n<meta name=\"twitter:card\" content=\"summary_large_image\" \/>\n<meta name=\"twitter:label1\" content=\"Scris de\" \/>\n\t<meta name=\"twitter:data1\" content=\"Bejenaru Alexandru Ionut\" \/>\n\t<meta name=\"twitter:label2\" content=\"Timp estimat pentru citire\" \/>\n\t<meta name=\"twitter:data2\" content=\"4 minute\" \/>\n<script type=\"application\/ld+json\" class=\"yoast-schema-graph\">{\"@context\":\"https:\\\/\\\/schema.org\",\"@graph\":[{\"@type\":\"NewsArticle\",\"@id\":\"https:\\\/\\\/diagnozabam.ro\\\/sfaturi\\\/ro\\\/blog\\\/de-ce-se-fura-capacele-de-la-stergatoarele-spate-adevarul-surprinzator\\\/#article\",\"isPartOf\":{\"@id\":\"https:\\\/\\\/diagnozabam.ro\\\/sfaturi\\\/ro\\\/blog\\\/de-ce-se-fura-capacele-de-la-stergatoarele-spate-adevarul-surprinzator\\\/\"},\"author\":{\"name\":\"Bejenaru Alexandru Ionut\",\"@id\":\"https:\\\/\\\/diagnozabam.ro\\\/sfaturi\\\/#\\\/schema\\\/person\\\/77202adf825f4528d9ba9ab5b4ffafec\"},\"headline\":\"De Ce Se Fur\u0103 Capacele de la \u0218terg\u0103toarele Spate? Adev\u0103rul\",\"datePublished\":\"2025-04-24T20:58:07+00:00\",\"dateModified\":\"2026-07-27T10:32:32+00:00\",\"mainEntityOfPage\":{\"@id\":\"https:\\\/\\\/diagnozabam.ro\\\/sfaturi\\\/ro\\\/blog\\\/de-ce-se-fura-capacele-de-la-stergatoarele-spate-adevarul-surprinzator\\\/\"},\"wordCount\":699,\"commentCount\":0,\"publisher\":{\"@id\":\"https:\\\/\\\/diagnozabam.ro\\\/sfaturi\\\/#organization\"},\"image\":{\"@id\":\"https:\\\/\\\/diagnozabam.ro\\\/sfaturi\\\/ro\\\/blog\\\/de-ce-se-fura-capacele-de-la-stergatoarele-spate-adevarul-surprinzator\\\/#primaryimage\"},\"thumbnailUrl\":\"https:\\\/\\\/diagnozabam.ro\\\/sfaturi\\\/wp-content\\\/uploads\\\/2025\\\/04\\\/De-ce-se-fura-capacele-de-la-stergatoarele-spate-Adevarul-surprinzator.webp\",\"keywords\":[\"capac stergator\",\"furt piese auto\",\"grup vag\",\"\u00eentre\u021binere auto\",\"piese second hand\",\"prevenire furt auto\",\"securitate auto\",\"stergator spate\"],\"articleSection\":[\"Auto-RO\"],\"inLanguage\":\"ro-RO\",\"potentialAction\":[{\"@type\":\"CommentAction\",\"name\":\"Comment\",\"target\":[\"https:\\\/\\\/diagnozabam.ro\\\/sfaturi\\\/ro\\\/blog\\\/de-ce-se-fura-capacele-de-la-stergatoarele-spate-adevarul-surprinzator\\\/#respond\"]}]},{\"@type\":\"WebPage\",\"@id\":\"https:\\\/\\\/diagnozabam.ro\\\/sfaturi\\\/ro\\\/blog\\\/de-ce-se-fura-capacele-de-la-stergatoarele-spate-adevarul-surprinzator\\\/\",\"url\":\"https:\\\/\\\/diagnozabam.ro\\\/sfaturi\\\/ro\\\/blog\\\/de-ce-se-fura-capacele-de-la-stergatoarele-spate-adevarul-surprinzator\\\/\",\"name\":\"De Ce Se Fur\u0103 Capacele de la \u0218terg\u0103toarele Spate? Adev\u0103rul - Diagnoza BAM\",\"isPartOf\":{\"@id\":\"https:\\\/\\\/diagnozabam.ro\\\/sfaturi\\\/#website\"},\"primaryImageOfPage\":{\"@id\":\"https:\\\/\\\/diagnozabam.ro\\\/sfaturi\\\/ro\\\/blog\\\/de-ce-se-fura-capacele-de-la-stergatoarele-spate-adevarul-surprinzator\\\/#primaryimage\"},\"image\":{\"@id\":\"https:\\\/\\\/diagnozabam.ro\\\/sfaturi\\\/ro\\\/blog\\\/de-ce-se-fura-capacele-de-la-stergatoarele-spate-adevarul-surprinzator\\\/#primaryimage\"},\"thumbnailUrl\":\"https:\\\/\\\/diagnozabam.ro\\\/sfaturi\\\/wp-content\\\/uploads\\\/2025\\\/04\\\/De-ce-se-fura-capacele-de-la-stergatoarele-spate-Adevarul-surprinzator.webp\",\"datePublished\":\"2025-04-24T20:58:07+00:00\",\"dateModified\":\"2026-07-27T10:32:32+00:00\",\"description\":\"Ai r\u0103mas f\u0103r\u0103 capacul de la \u0219terg\u0103torul spate? Afl\u0103 motivele din spatele acestor furturi, ce ma\u0219ini sunt vizate \u0219i cum te po\u021bi proteja\",\"breadcrumb\":{\"@id\":\"https:\\\/\\\/diagnozabam.ro\\\/sfaturi\\\/ro\\\/blog\\\/de-ce-se-fura-capacele-de-la-stergatoarele-spate-adevarul-surprinzator\\\/#breadcrumb\"},\"inLanguage\":\"ro-RO\",\"potentialAction\":[{\"@type\":\"ReadAction\",\"target\":[\"https:\\\/\\\/diagnozabam.ro\\\/sfaturi\\\/ro\\\/blog\\\/de-ce-se-fura-capacele-de-la-stergatoarele-spate-adevarul-surprinzator\\\/\"]}]},{\"@type\":\"ImageObject\",\"inLanguage\":\"ro-RO\",\"@id\":\"https:\\\/\\\/diagnozabam.ro\\\/sfaturi\\\/ro\\\/blog\\\/de-ce-se-fura-capacele-de-la-stergatoarele-spate-adevarul-surprinzator\\\/#primaryimage\",\"url\":\"https:\\\/\\\/diagnozabam.ro\\\/sfaturi\\\/wp-content\\\/uploads\\\/2025\\\/04\\\/De-ce-se-fura-capacele-de-la-stergatoarele-spate-Adevarul-surprinzator.webp\",\"contentUrl\":\"https:\\\/\\\/diagnozabam.ro\\\/sfaturi\\\/wp-content\\\/uploads\\\/2025\\\/04\\\/De-ce-se-fura-capacele-de-la-stergatoarele-spate-Adevarul-surprinzator.webp\",\"width\":1536,\"height\":1024,\"caption\":\"De ce se fur\u0103 capacele de la \u0219terg\u0103toarele spate Adev\u0103rul surprinz\u0103tor!\"},{\"@type\":\"BreadcrumbList\",\"@id\":\"https:\\\/\\\/diagnozabam.ro\\\/sfaturi\\\/ro\\\/blog\\\/de-ce-se-fura-capacele-de-la-stergatoarele-spate-adevarul-surprinzator\\\/#breadcrumb\",\"itemListElement\":[{\"@type\":\"ListItem\",\"position\":1,\"name\":\"Home\",\"item\":\"https:\\\/\\\/diagnozabam.ro\\\/sfaturi\\\/\"},{\"@type\":\"ListItem\",\"position\":2,\"name\":\"De Ce Se Fur\u0103 Capacele de la \u0218terg\u0103toarele Spate? Adev\u0103rul\"}]},{\"@type\":\"WebSite\",\"@id\":\"https:\\\/\\\/diagnozabam.ro\\\/sfaturi\\\/#website\",\"url\":\"https:\\\/\\\/diagnozabam.ro\\\/sfaturi\\\/\",\"name\":\"Diagnoza BAM\",\"description\":\"Independent Auto Diagnostics, Tech Analysis and Smart Insights\",\"publisher\":{\"@id\":\"https:\\\/\\\/diagnozabam.ro\\\/sfaturi\\\/#organization\"},\"alternateName\":\"DBAM\",\"potentialAction\":[{\"@type\":\"SearchAction\",\"target\":{\"@type\":\"EntryPoint\",\"urlTemplate\":\"https:\\\/\\\/diagnozabam.ro\\\/sfaturi\\\/?s={search_term_string}\"},\"query-input\":{\"@type\":\"PropertyValueSpecification\",\"valueRequired\":true,\"valueName\":\"search_term_string\"}}],\"inLanguage\":\"ro-RO\"},{\"@type\":\"Organization\",\"@id\":\"https:\\\/\\\/diagnozabam.ro\\\/sfaturi\\\/#organization\",\"name\":\"Diagnoza BAM\",\"alternateName\":\"DBAM\",\"url\":\"https:\\\/\\\/diagnozabam.ro\\\/sfaturi\\\/\",\"logo\":{\"@type\":\"ImageObject\",\"inLanguage\":\"ro-RO\",\"@id\":\"https:\\\/\\\/diagnozabam.ro\\\/sfaturi\\\/#\\\/schema\\\/logo\\\/image\\\/\",\"url\":\"https:\\\/\\\/diagnozabam.ro\\\/sfaturi\\\/wp-content\\\/uploads\\\/2025\\\/11\\\/logo-diagnoza-bam-imagine.webp\",\"contentUrl\":\"https:\\\/\\\/diagnozabam.ro\\\/sfaturi\\\/wp-content\\\/uploads\\\/2025\\\/11\\\/logo-diagnoza-bam-imagine.webp\",\"width\":512,\"height\":512,\"caption\":\"Diagnoza BAM\"},\"image\":{\"@id\":\"https:\\\/\\\/diagnozabam.ro\\\/sfaturi\\\/#\\\/schema\\\/logo\\\/image\\\/\"},\"sameAs\":[\"https:\\\/\\\/www.facebook.com\\\/diagnozabam\",\"https:\\\/\\\/mastodon.social\\\/@diagnozabam\",\"https:\\\/\\\/bsky.app\\\/profile\\\/did:plc:f4cmgfa3nv33bch7p3wgwchr\",\"https:\\\/\\\/www.tumblr.com\\\/diagbam\"],\"description\":\"Independent publishing platform focused on automotive diagnostics, OBD2 analysis, repair cost breakdowns, technology insights and practical technical guides.\",\"email\":\"redactie@diagnozabam.ro\",\"foundingDate\":\"2023-02-16\"},{\"@type\":\"Person\",\"@id\":\"https:\\\/\\\/diagnozabam.ro\\\/sfaturi\\\/#\\\/schema\\\/person\\\/77202adf825f4528d9ba9ab5b4ffafec\",\"name\":\"Bejenaru Alexandru Ionut\",\"image\":{\"@type\":\"ImageObject\",\"inLanguage\":\"ro-RO\",\"@id\":\"https:\\\/\\\/secure.gravatar.com\\\/avatar\\\/96634b44a266a571c59a5e82fc6f12edfb6876914735dbc57aa2348d11395470?s=96&d=mm&r=g\",\"url\":\"https:\\\/\\\/secure.gravatar.com\\\/avatar\\\/96634b44a266a571c59a5e82fc6f12edfb6876914735dbc57aa2348d11395470?s=96&d=mm&r=g\",\"contentUrl\":\"https:\\\/\\\/secure.gravatar.com\\\/avatar\\\/96634b44a266a571c59a5e82fc6f12edfb6876914735dbc57aa2348d11395470?s=96&d=mm&r=g\",\"caption\":\"Bejenaru Alexandru Ionut\"},\"sameAs\":[\"https:\\\/\\\/diagnozabam.ro\"],\"honorificPrefix\":\"Mr.\",\"birthDate\":\"1997-12-23\",\"url\":\"https:\\\/\\\/diagnozabam.ro\\\/sfaturi\\\/blog\\\/author\\\/bejenaru-alexandru-ionut\\\/\"}]}<\/script>\n<!-- \/ Yoast SEO Premium plugin. -->","yoast_head_json":{"title":"De Ce Se Fur\u0103 Capacele de la \u0218terg\u0103toarele Spate? Adev\u0103rul - Diagnoza BAM","description":"Ai r\u0103mas f\u0103r\u0103 capacul de la \u0219terg\u0103torul spate? Afl\u0103 motivele din spatele acestor furturi, ce ma\u0219ini sunt vizate \u0219i cum te...","robots":{"index":"index","follow":"follow","max-snippet":"max-snippet:-1","max-image-preview":"max-image-preview:large","max-video-preview":"max-video-preview:-1"},"canonical":"https:\/\/diagnozabam.ro\/sfaturi\/ro\/blog\/de-ce-se-fura-capacele-de-la-stergatoarele-spate-adevarul-surprinzator\/","og_locale":"ro_RO","og_type":"article","og_title":"De Ce Se Fur\u0103 Capacele de la \u0218terg\u0103toarele Spate? Adev\u0103rul","og_description":"Ai r\u0103mas f\u0103r\u0103 capacul de la \u0219terg\u0103torul spate? Afl\u0103 motivele din spatele acestor furturi, ce ma\u0219ini sunt vizate \u0219i cum te po\u021bi proteja","og_url":"https:\/\/diagnozabam.ro\/sfaturi\/ro\/blog\/de-ce-se-fura-capacele-de-la-stergatoarele-spate-adevarul-surprinzator\/","og_site_name":"Diagnoza BAM","article_publisher":"https:\/\/www.facebook.com\/diagnozabam","article_published_time":"2025-04-24T20:58:07+00:00","article_modified_time":"2026-07-27T10:32:32+00:00","og_image":[{"width":1536,"height":1024,"url":"https:\/\/diagnozabam.ro\/sfaturi\/wp-content\/uploads\/2025\/04\/De-ce-se-fura-capacele-de-la-stergatoarele-spate-Adevarul-surprinzator.webp","type":"image\/jpeg"}],"author":"Bejenaru Alexandru Ionut","twitter_card":"summary_large_image","twitter_misc":{"Scris de":"Bejenaru Alexandru Ionut","Timp estimat pentru citire":"4 minute"},"schema":{"@context":"https:\/\/schema.org","@graph":[{"@type":"NewsArticle","@id":"https:\/\/diagnozabam.ro\/sfaturi\/ro\/blog\/de-ce-se-fura-capacele-de-la-stergatoarele-spate-adevarul-surprinzator\/#article","isPartOf":{"@id":"https:\/\/diagnozabam.ro\/sfaturi\/ro\/blog\/de-ce-se-fura-capacele-de-la-stergatoarele-spate-adevarul-surprinzator\/"},"author":{"name":"Bejenaru Alexandru Ionut","@id":"https:\/\/diagnozabam.ro\/sfaturi\/#\/schema\/person\/77202adf825f4528d9ba9ab5b4ffafec"},"headline":"De Ce Se Fur\u0103 Capacele de la \u0218terg\u0103toarele Spate? Adev\u0103rul","datePublished":"2025-04-24T20:58:07+00:00","dateModified":"2026-07-27T10:32:32+00:00","mainEntityOfPage":{"@id":"https:\/\/diagnozabam.ro\/sfaturi\/ro\/blog\/de-ce-se-fura-capacele-de-la-stergatoarele-spate-adevarul-surprinzator\/"},"wordCount":699,"commentCount":0,"publisher":{"@id":"https:\/\/diagnozabam.ro\/sfaturi\/#organization"},"image":{"@id":"https:\/\/diagnozabam.ro\/sfaturi\/ro\/blog\/de-ce-se-fura-capacele-de-la-stergatoarele-spate-adevarul-surprinzator\/#primaryimage"},"thumbnailUrl":"https:\/\/diagnozabam.ro\/sfaturi\/wp-content\/uploads\/2025\/04\/De-ce-se-fura-capacele-de-la-stergatoarele-spate-Adevarul-surprinzator.webp","keywords":["capac stergator","furt piese auto","grup vag","\u00eentre\u021binere auto","piese second hand","prevenire furt auto","securitate auto","stergator spate"],"articleSection":["Auto-RO"],"inLanguage":"ro-RO","potentialAction":[{"@type":"CommentAction","name":"Comment","target":["https:\/\/diagnozabam.ro\/sfaturi\/ro\/blog\/de-ce-se-fura-capacele-de-la-stergatoarele-spate-adevarul-surprinzator\/#respond"]}]},{"@type":"WebPage","@id":"https:\/\/diagnozabam.ro\/sfaturi\/ro\/blog\/de-ce-se-fura-capacele-de-la-stergatoarele-spate-adevarul-surprinzator\/","url":"https:\/\/diagnozabam.ro\/sfaturi\/ro\/blog\/de-ce-se-fura-capacele-de-la-stergatoarele-spate-adevarul-surprinzator\/","name":"De Ce Se Fur\u0103 Capacele de la \u0218terg\u0103toarele Spate? Adev\u0103rul - Diagnoza BAM","isPartOf":{"@id":"https:\/\/diagnozabam.ro\/sfaturi\/#website"},"primaryImageOfPage":{"@id":"https:\/\/diagnozabam.ro\/sfaturi\/ro\/blog\/de-ce-se-fura-capacele-de-la-stergatoarele-spate-adevarul-surprinzator\/#primaryimage"},"image":{"@id":"https:\/\/diagnozabam.ro\/sfaturi\/ro\/blog\/de-ce-se-fura-capacele-de-la-stergatoarele-spate-adevarul-surprinzator\/#primaryimage"},"thumbnailUrl":"https:\/\/diagnozabam.ro\/sfaturi\/wp-content\/uploads\/2025\/04\/De-ce-se-fura-capacele-de-la-stergatoarele-spate-Adevarul-surprinzator.webp","datePublished":"2025-04-24T20:58:07+00:00","dateModified":"2026-07-27T10:32:32+00:00","description":"Ai r\u0103mas f\u0103r\u0103 capacul de la \u0219terg\u0103torul spate? Afl\u0103 motivele din spatele acestor furturi, ce ma\u0219ini sunt vizate \u0219i cum te po\u021bi proteja","breadcrumb":{"@id":"https:\/\/diagnozabam.ro\/sfaturi\/ro\/blog\/de-ce-se-fura-capacele-de-la-stergatoarele-spate-adevarul-surprinzator\/#breadcrumb"},"inLanguage":"ro-RO","potentialAction":[{"@type":"ReadAction","target":["https:\/\/diagnozabam.ro\/sfaturi\/ro\/blog\/de-ce-se-fura-capacele-de-la-stergatoarele-spate-adevarul-surprinzator\/"]}]},{"@type":"ImageObject","inLanguage":"ro-RO","@id":"https:\/\/diagnozabam.ro\/sfaturi\/ro\/blog\/de-ce-se-fura-capacele-de-la-stergatoarele-spate-adevarul-surprinzator\/#primaryimage","url":"https:\/\/diagnozabam.ro\/sfaturi\/wp-content\/uploads\/2025\/04\/De-ce-se-fura-capacele-de-la-stergatoarele-spate-Adevarul-surprinzator.webp","contentUrl":"https:\/\/diagnozabam.ro\/sfaturi\/wp-content\/uploads\/2025\/04\/De-ce-se-fura-capacele-de-la-stergatoarele-spate-Adevarul-surprinzator.webp","width":1536,"height":1024,"caption":"De ce se fur\u0103 capacele de la \u0219terg\u0103toarele spate Adev\u0103rul surprinz\u0103tor!"},{"@type":"BreadcrumbList","@id":"https:\/\/diagnozabam.ro\/sfaturi\/ro\/blog\/de-ce-se-fura-capacele-de-la-stergatoarele-spate-adevarul-surprinzator\/#breadcrumb","itemListElement":[{"@type":"ListItem","position":1,"name":"Home","item":"https:\/\/diagnozabam.ro\/sfaturi\/"},{"@type":"ListItem","position":2,"name":"De Ce Se Fur\u0103 Capacele de la \u0218terg\u0103toarele Spate? Adev\u0103rul"}]},{"@type":"WebSite","@id":"https:\/\/diagnozabam.ro\/sfaturi\/#website","url":"https:\/\/diagnozabam.ro\/sfaturi\/","name":"Diagnoza BAM","description":"Independent Auto Diagnostics, Tech Analysis and Smart Insights","publisher":{"@id":"https:\/\/diagnozabam.ro\/sfaturi\/#organization"},"alternateName":"DBAM","potentialAction":[{"@type":"SearchAction","target":{"@type":"EntryPoint","urlTemplate":"https:\/\/diagnozabam.ro\/sfaturi\/?s={search_term_string}"},"query-input":{"@type":"PropertyValueSpecification","valueRequired":true,"valueName":"search_term_string"}}],"inLanguage":"ro-RO"},{"@type":"Organization","@id":"https:\/\/diagnozabam.ro\/sfaturi\/#organization","name":"Diagnoza BAM","alternateName":"DBAM","url":"https:\/\/diagnozabam.ro\/sfaturi\/","logo":{"@type":"ImageObject","inLanguage":"ro-RO","@id":"https:\/\/diagnozabam.ro\/sfaturi\/#\/schema\/logo\/image\/","url":"https:\/\/diagnozabam.ro\/sfaturi\/wp-content\/uploads\/2025\/11\/logo-diagnoza-bam-imagine.webp","contentUrl":"https:\/\/diagnozabam.ro\/sfaturi\/wp-content\/uploads\/2025\/11\/logo-diagnoza-bam-imagine.webp","width":512,"height":512,"caption":"Diagnoza BAM"},"image":{"@id":"https:\/\/diagnozabam.ro\/sfaturi\/#\/schema\/logo\/image\/"},"sameAs":["https:\/\/www.facebook.com\/diagnozabam","https:\/\/mastodon.social\/@diagnozabam","https:\/\/bsky.app\/profile\/did:plc:f4cmgfa3nv33bch7p3wgwchr","https:\/\/www.tumblr.com\/diagbam"],"description":"Independent publishing platform focused on automotive diagnostics, OBD2 analysis, repair cost breakdowns, technology insights and practical technical guides.","email":"redactie@diagnozabam.ro","foundingDate":"2023-02-16"},{"@type":"Person","@id":"https:\/\/diagnozabam.ro\/sfaturi\/#\/schema\/person\/77202adf825f4528d9ba9ab5b4ffafec","name":"Bejenaru Alexandru Ionut","image":{"@type":"ImageObject","inLanguage":"ro-RO","@id":"https:\/\/secure.gravatar.com\/avatar\/96634b44a266a571c59a5e82fc6f12edfb6876914735dbc57aa2348d11395470?s=96&d=mm&r=g","url":"https:\/\/secure.gravatar.com\/avatar\/96634b44a266a571c59a5e82fc6f12edfb6876914735dbc57aa2348d11395470?s=96&d=mm&r=g","contentUrl":"https:\/\/secure.gravatar.com\/avatar\/96634b44a266a571c59a5e82fc6f12edfb6876914735dbc57aa2348d11395470?s=96&d=mm&r=g","caption":"Bejenaru Alexandru Ionut"},"sameAs":["https:\/\/diagnozabam.ro"],"honorificPrefix":"Mr.","birthDate":"1997-12-23","url":"https:\/\/diagnozabam.ro\/sfaturi\/blog\/author\/bejenaru-alexandru-ionut\/"}]}},"lang":"ro","translations":{"ro":19203},"jetpack_publicize_connections":[],"jetpack-related-posts":[{"id":19513,"url":"https:\/\/diagnozabam.ro\/sfaturi\/ro\/blog\/schema-completa-sigurante-relee-opel-astra-h\/","url_meta":{"origin":19203,"position":0},"title":"Schema complet\u0103 siguran\u021be &#038; relee Opel Astra H","author":"Bejenaru Alexandru Ionut","date":"27 mai 2025","format":false,"excerpt":"Schema complet\u0103 siguran\u021be & relee Opel Astra H \ud83e\udded Loca\u021bia panourilor de siguran\u021be la Opel Astra H Opel Astra H (2004\u20132010) este echipat cu dou\u0103 panouri principale de siguran\u021be: Compartimentul motor: situat \u00een partea st\u00e2ng\u0103, deasupra bateriei, sub un capac de plastic. Portbagaj (st\u00e2nga): ascuns \u00een lateralul portbagajului, sub o\u2026","rel":"","context":"\u00cen \u201e\u0218tiri\u201d","block_context":{"text":"\u0218tiri","link":"https:\/\/diagnozabam.ro\/sfaturi\/ro\/category\/stiri\/"},"img":{"alt_text":"explicatie semnificatie schema tablou sigurante relee opel astra h 2004 768x442","src":"https:\/\/i0.wp.com\/diagnozabam.ro\/sfaturi\/wp-content\/uploads\/2025\/05\/explicatie-semnificatie-schema-tablou-sigurante-relee-opel-astra-h-2004-768x442-1.webp?resize=350%2C200&ssl=1","width":350,"height":200,"srcset":"https:\/\/i0.wp.com\/diagnozabam.ro\/sfaturi\/wp-content\/uploads\/2025\/05\/explicatie-semnificatie-schema-tablou-sigurante-relee-opel-astra-h-2004-768x442-1.webp?resize=350%2C200&ssl=1 1x, https:\/\/i0.wp.com\/diagnozabam.ro\/sfaturi\/wp-content\/uploads\/2025\/05\/explicatie-semnificatie-schema-tablou-sigurante-relee-opel-astra-h-2004-768x442-1.webp?resize=525%2C300&ssl=1 1.5x, https:\/\/i0.wp.com\/diagnozabam.ro\/sfaturi\/wp-content\/uploads\/2025\/05\/explicatie-semnificatie-schema-tablou-sigurante-relee-opel-astra-h-2004-768x442-1.webp?resize=700%2C400&ssl=1 2x"},"classes":[]},{"id":37629,"url":"https:\/\/diagnozabam.ro\/sfaturi\/ro\/blog\/cum-sa-dezgheti-si-sa-incalzesti-eficient-masina-iarna\/","url_meta":{"origin":19203,"position":1},"title":"Cum sa dezgheti si sa incalzesti eficient masina iarna","author":"Bejenaru Alexandru Ionut","date":"14 ianuarie 2026","format":false,"excerpt":"Cum sa dezgheti si sa incalzesti eficient masina iarna este una dintre cele mai frecvente probleme ale soferilor in sezonul rece. Dimineata, cand gasesti parbrizul inghetat, motorul rece si habitaclul bocna, tentatia este sa pornesti masina si sa pleci imediat. Din pacate, acest obicei poate duce la uzura prematura a\u2026","rel":"","context":"\u00cen \u201e\u0218tiri\u201d","block_context":{"text":"\u0218tiri","link":"https:\/\/diagnozabam.ro\/sfaturi\/ro\/category\/stiri\/"},"img":{"alt_text":"cum sa dezgheti si sa incalzesti eficient masina iarna dimineata.webp","src":"https:\/\/i0.wp.com\/diagnozabam.ro\/sfaturi\/wp-content\/uploads\/2026\/01\/cum-sa-dezgheti-si-sa-incalzesti-eficient-masina-iarna-dimineata.webp.webp?resize=350%2C200&ssl=1","width":350,"height":200,"srcset":"https:\/\/i0.wp.com\/diagnozabam.ro\/sfaturi\/wp-content\/uploads\/2026\/01\/cum-sa-dezgheti-si-sa-incalzesti-eficient-masina-iarna-dimineata.webp.webp?resize=350%2C200&ssl=1 1x, https:\/\/i0.wp.com\/diagnozabam.ro\/sfaturi\/wp-content\/uploads\/2026\/01\/cum-sa-dezgheti-si-sa-incalzesti-eficient-masina-iarna-dimineata.webp.webp?resize=525%2C300&ssl=1 1.5x, https:\/\/i0.wp.com\/diagnozabam.ro\/sfaturi\/wp-content\/uploads\/2026\/01\/cum-sa-dezgheti-si-sa-incalzesti-eficient-masina-iarna-dimineata.webp.webp?resize=700%2C400&ssl=1 2x, https:\/\/i0.wp.com\/diagnozabam.ro\/sfaturi\/wp-content\/uploads\/2026\/01\/cum-sa-dezgheti-si-sa-incalzesti-eficient-masina-iarna-dimineata.webp.webp?resize=1050%2C600&ssl=1 3x"},"classes":[]},{"id":19452,"url":"https:\/\/diagnozabam.ro\/sfaturi\/ro\/blog\/trucuri-simple-ca-sa-treci-itp-ul-din-prima\/","url_meta":{"origin":19203,"position":2},"title":"Trucuri simple ca s\u0103 treci ITP-ul din prima!","author":"Bejenaru Alexandru Ionut","date":"20 mai 2025","format":false,"excerpt":"Trucuri simple ca s\u0103 treci ITP-ul din prima! ITP-ul (Inspec\u021bia Tehnic\u0103 Periodic\u0103) poate fi stresant dac\u0103 nu \u0219tii la ce s\u0103 te a\u0219tep\u021bi. Dar cu pu\u021bin\u0103 preg\u0103tire, po\u021bi trece testul din prima, f\u0103r\u0103 emo\u021bii sau costuri suplimentare. \u00ce\u021bi spun exact ce verific\u0103 inspectorii \u0219i cum s\u0103-\u021bi preg\u0103te\u0219ti ma\u0219ina ca un\u2026","rel":"","context":"\u00cen \u201e\u0218tiri\u201d","block_context":{"text":"\u0218tiri","link":"https:\/\/diagnozabam.ro\/sfaturi\/ro\/category\/stiri\/"},"img":{"alt_text":"Trucuri simple ca s\u0103 treci ITP ul din prima!","src":"https:\/\/i0.wp.com\/diagnozabam.ro\/sfaturi\/wp-content\/uploads\/2025\/05\/Trucuri-simple-ca-sa-treci-ITP-ul-din-prima.webp?resize=350%2C200&ssl=1","width":350,"height":200,"srcset":"https:\/\/i0.wp.com\/diagnozabam.ro\/sfaturi\/wp-content\/uploads\/2025\/05\/Trucuri-simple-ca-sa-treci-ITP-ul-din-prima.webp?resize=350%2C200&ssl=1 1x, https:\/\/i0.wp.com\/diagnozabam.ro\/sfaturi\/wp-content\/uploads\/2025\/05\/Trucuri-simple-ca-sa-treci-ITP-ul-din-prima.webp?resize=525%2C300&ssl=1 1.5x, https:\/\/i0.wp.com\/diagnozabam.ro\/sfaturi\/wp-content\/uploads\/2025\/05\/Trucuri-simple-ca-sa-treci-ITP-ul-din-prima.webp?resize=700%2C400&ssl=1 2x, https:\/\/i0.wp.com\/diagnozabam.ro\/sfaturi\/wp-content\/uploads\/2025\/05\/Trucuri-simple-ca-sa-treci-ITP-ul-din-prima.webp?resize=1050%2C600&ssl=1 3x, https:\/\/i0.wp.com\/diagnozabam.ro\/sfaturi\/wp-content\/uploads\/2025\/05\/Trucuri-simple-ca-sa-treci-ITP-ul-din-prima.webp?resize=1400%2C800&ssl=1 4x"},"classes":[]},{"id":19210,"url":"https:\/\/diagnozabam.ro\/sfaturi\/ro\/blog\/frana-de-mana-slabita-rezolv-o-in-5-pasi\/","url_meta":{"origin":19203,"position":3},"title":"Fr\u00e2na de m\u00e2n\u0103 sl\u0103bit\u0103? Rezolv-o \u00een 5 pa\u0219i!","author":"Bejenaru Alexandru Ionut","date":"30 aprilie 2025","format":false,"excerpt":"Fr\u00e2na de m\u00e2n\u0103 sl\u0103bit\u0103? Rezolv-o \u00een 5 pa\u0219i! Fr\u00e2na de m\u00e2n\u0103 este esen\u021bial\u0103 pentru siguran\u021ba oric\u0103rui \u0219ofer, mai ales atunci c\u00e2nd parchezi \u00een pant\u0103 sau pe suprafe\u021be alunecoase. Dac\u0103 ai observat c\u0103 fr\u00e2na de m\u00e2n\u0103 \u201enu mai \u021bine\u201d la fel de bine sau trebuie s\u0103 o ridici prea sus pentru\u2026","rel":"","context":"\u00cen \u201e\u0218tiri\u201d","block_context":{"text":"\u0218tiri","link":"https:\/\/diagnozabam.ro\/sfaturi\/ro\/category\/stiri\/"},"img":{"alt_text":"Fr\u00e2na de m\u00e2n\u0103 sl\u0103bit\u0103 Rezolv o \u00een 5 pa\u0219i!","src":"https:\/\/i0.wp.com\/diagnozabam.ro\/sfaturi\/wp-content\/uploads\/2025\/04\/Frana-de-mana-slabita-Rezolv-o-in-5-pasi.webp?resize=350%2C200&ssl=1","width":350,"height":200,"srcset":"https:\/\/i0.wp.com\/diagnozabam.ro\/sfaturi\/wp-content\/uploads\/2025\/04\/Frana-de-mana-slabita-Rezolv-o-in-5-pasi.webp?resize=350%2C200&ssl=1 1x, https:\/\/i0.wp.com\/diagnozabam.ro\/sfaturi\/wp-content\/uploads\/2025\/04\/Frana-de-mana-slabita-Rezolv-o-in-5-pasi.webp?resize=525%2C300&ssl=1 1.5x, https:\/\/i0.wp.com\/diagnozabam.ro\/sfaturi\/wp-content\/uploads\/2025\/04\/Frana-de-mana-slabita-Rezolv-o-in-5-pasi.webp?resize=700%2C400&ssl=1 2x, https:\/\/i0.wp.com\/diagnozabam.ro\/sfaturi\/wp-content\/uploads\/2025\/04\/Frana-de-mana-slabita-Rezolv-o-in-5-pasi.webp?resize=1050%2C600&ssl=1 3x, https:\/\/i0.wp.com\/diagnozabam.ro\/sfaturi\/wp-content\/uploads\/2025\/04\/Frana-de-mana-slabita-Rezolv-o-in-5-pasi.webp?resize=1400%2C800&ssl=1 4x"},"classes":[]},{"id":19518,"url":"https:\/\/diagnozabam.ro\/sfaturi\/ro\/blog\/schema-completa-sigurante-relee-vw-passat-b6\/","url_meta":{"origin":19203,"position":4},"title":"Schema complet\u0103 siguran\u021be &amp; relee VW Passat B6","author":"Bejenaru Alexandru Ionut","date":"28 mai 2025","format":false,"excerpt":"Schema complet\u0103 siguran\u021be & relee VW Passat B6 \ud83e\udded Loca\u021bie tablouri siguran\u021be Passat B6 VW Passat B6 (2006\u20132010) are dou\u0103 tablouri principale de siguran\u021be \u0219i relee: Interior, partea st\u00e2ng\u0103 a bordului \u2013 accesibil prin capac lateral Compartiment motor, partea st\u00e2ng\u0103 \u2013 l\u00e2ng\u0103 baterie \u26a0\ufe0f Anumite modele (B6\/B7) dispun de un\u2026","rel":"","context":"\u00cen \u201e\u0218tiri\u201d","block_context":{"text":"\u0218tiri","link":"https:\/\/diagnozabam.ro\/sfaturi\/ro\/category\/stiri\/"},"img":{"alt_text":"explicatie semnificatie tablou sigurante vw passat b6 768x432","src":"https:\/\/i0.wp.com\/diagnozabam.ro\/sfaturi\/wp-content\/uploads\/2025\/05\/explicatie-semnificatie-tablou-sigurante-vw-passat-b6-768x432-1.webp?resize=350%2C200&ssl=1","width":350,"height":200,"srcset":"https:\/\/i0.wp.com\/diagnozabam.ro\/sfaturi\/wp-content\/uploads\/2025\/05\/explicatie-semnificatie-tablou-sigurante-vw-passat-b6-768x432-1.webp?resize=350%2C200&ssl=1 1x, https:\/\/i0.wp.com\/diagnozabam.ro\/sfaturi\/wp-content\/uploads\/2025\/05\/explicatie-semnificatie-tablou-sigurante-vw-passat-b6-768x432-1.webp?resize=525%2C300&ssl=1 1.5x, https:\/\/i0.wp.com\/diagnozabam.ro\/sfaturi\/wp-content\/uploads\/2025\/05\/explicatie-semnificatie-tablou-sigurante-vw-passat-b6-768x432-1.webp?resize=700%2C400&ssl=1 2x"},"classes":[]},{"id":45932,"url":"https:\/\/diagnozabam.ro\/sfaturi\/ro\/blog\/hyundai-elantra-kombi-randarea-kelsonik-care-uimeste-fanii\/","url_meta":{"origin":19203,"position":5},"title":"Hyundai Elantra Kombi: Randarea Kelsonik care uime\u0219te fanii","author":"Bejenaru Alexandru Ionut","date":"18 iulie 2026","format":false,"excerpt":"Arta modific\u0103rilor digitale aplicat\u0103 pe o limuzin\u0103 de succes Segmentul ma\u0219inilor compacte din portofoliul m\u0103rcii sud-coreene a atras \u00eentotdeauna aten\u021bia prin designul s\u0103u avangardist, plin de linii ascu\u021bite \u0219i detalii geometrice \u00eendr\u0103zne\u021be. Cu toate acestea, limuzina Hyundai Elantra (cunoscut\u0103 pe unele pie\u021be globale \u0219i sub denumirea de Elantra Avante) a\u2026","rel":"","context":"\u00cen \u201e\u0218tiri\u201d","block_context":{"text":"\u0218tiri","link":"https:\/\/diagnozabam.ro\/sfaturi\/ro\/category\/stiri\/"},"img":{"alt_text":"Hyundai Elantra Kombi Kelsonik","src":"https:\/\/i0.wp.com\/diagnozabam.ro\/sfaturi\/wp-content\/uploads\/2026\/07\/hyundai-elantra-kombi-kelsonik_2.webp?resize=350%2C200&ssl=1","width":350,"height":200,"srcset":"https:\/\/i0.wp.com\/diagnozabam.ro\/sfaturi\/wp-content\/uploads\/2026\/07\/hyundai-elantra-kombi-kelsonik_2.webp?resize=350%2C200&ssl=1 1x, https:\/\/i0.wp.com\/diagnozabam.ro\/sfaturi\/wp-content\/uploads\/2026\/07\/hyundai-elantra-kombi-kelsonik_2.webp?resize=525%2C300&ssl=1 1.5x, https:\/\/i0.wp.com\/diagnozabam.ro\/sfaturi\/wp-content\/uploads\/2026\/07\/hyundai-elantra-kombi-kelsonik_2.webp?resize=700%2C400&ssl=1 2x, https:\/\/i0.wp.com\/diagnozabam.ro\/sfaturi\/wp-content\/uploads\/2026\/07\/hyundai-elantra-kombi-kelsonik_2.webp?resize=1050%2C600&ssl=1 3x, https:\/\/i0.wp.com\/diagnozabam.ro\/sfaturi\/wp-content\/uploads\/2026\/07\/hyundai-elantra-kombi-kelsonik_2.webp?resize=1400%2C800&ssl=1 4x"},"classes":[]}],"jetpack_shortlink":"https:\/\/wp.me\/pf97go-4ZJ","jetpack_featured_media_url":"https:\/\/diagnozabam.ro\/sfaturi\/wp-content\/uploads\/2025\/04\/De-ce-se-fura-capacele-de-la-stergatoarele-spate-Adevarul-surprinzator.webp","pll_sync_post":[],"_links":{"self":[{"href":"https:\/\/diagnozabam.ro\/sfaturi\/wp-json\/wp\/v2\/posts\/19203","targetHints":{"allow":["GET"]}}],"collection":[{"href":"https:\/\/diagnozabam.ro\/sfaturi\/wp-json\/wp\/v2\/posts"}],"about":[{"href":"https:\/\/diagnozabam.ro\/sfaturi\/wp-json\/wp\/v2\/types\/post"}],"author":[{"embeddable":true,"href":"https:\/\/diagnozabam.ro\/sfaturi\/wp-json\/wp\/v2\/users\/1"}],"replies":[{"embeddable":true,"href":"https:\/\/diagnozabam.ro\/sfaturi\/wp-json\/wp\/v2\/comments?post=19203"}],"version-history":[{"count":3,"href":"https:\/\/diagnozabam.ro\/sfaturi\/wp-json\/wp\/v2\/posts\/19203\/revisions"}],"predecessor-version":[{"id":46493,"href":"https:\/\/diagnozabam.ro\/sfaturi\/wp-json\/wp\/v2\/posts\/19203\/revisions\/46493"}],"wp:featuredmedia":[{"embeddable":true,"href":"https:\/\/diagnozabam.ro\/sfaturi\/wp-json\/wp\/v2\/media\/19204"}],"wp:attachment":[{"href":"https:\/\/diagnozabam.ro\/sfaturi\/wp-json\/wp\/v2\/media?parent=19203"}],"wp:term":[{"taxonomy":"category","embeddable":true,"href":"https:\/\/diagnozabam.ro\/sfaturi\/wp-json\/wp\/v2\/categories?post=19203"},{"taxonomy":"post_tag","embeddable":true,"href":"https:\/\/diagnozabam.ro\/sfaturi\/wp-json\/wp\/v2\/tags?post=19203"}],"curies":[{"name":"wp","href":"https:\/\/api.w.org\/{rel}","templated":true}]}}