{"id":46963,"date":"2026-09-04T23:58:53","date_gmt":"2026-09-04T20:58:53","guid":{"rendered":"https:\/\/diagnozabam.ro\/sfaturi\/?p=46963"},"modified":"2026-09-04T23:58:53","modified_gmt":"2026-09-04T20:58:53","slug":"nissan-note-aura-nismo-black-limited-racheta-de-25-000","status":"publish","type":"post","link":"https:\/\/diagnozabam.ro\/sfaturi\/ro\/blog\/nissan-note-aura-nismo-black-limited-racheta-de-25-000\/","title":{"rendered":"Nissan Note Aura Nismo Black Limited: Racheta de 25.000$!"},"content":{"rendered":"<h2 data-path-to-node=\"2\">Nissan Note Aura Nismo Black Limited: Edi\u021bia Stealth de 25.000$ Care Redefine\u0219te Stilul Hibrid Japonez<\/h2>\n<p data-path-to-node=\"3\">Constructorul nipon Nissan decide s\u0103 agite serios apele pe pia\u021ba din Japonia. \u00cen loc s\u0103 aplice o revizuire tehnic\u0103 radical\u0103, produc\u0103torul \u00ee\u0219i actualizeaz\u0103 \u00eentreaga familie compus\u0103 din modelele Note, Note Aura \u0219i flagship-ul Nismo. Rezultatul poart\u0103 numele de Black Limited \u0219i aduce un stil dark absolut spectaculos. Aceast\u0103 nou\u0103 nav\u0103 amiral a gamei combin\u0103 tehnologia hibrid\u0103 e-Power cu un design inspirat direct din motorsport.<\/p>\n<p data-path-to-node=\"4\">Noua edi\u021bie elimin\u0103 complet tonurile tradi\u021bionale pentru a adopta o imagine stealth de-a dreptul intimidant\u0103. Produc\u0103torul nu ofer\u0103 un plus de <a href=\"https:\/\/diagnozabam.ro\/sfaturi\/ro\/blog\/bmw-x5-m-g65-randare-digitala-de-750-cp\/\">cai putere<\/a> sub capot\u0103, dar compenseaz\u0103 printr-o prezen\u021b\u0103 vizual\u0103 dominant\u0103 \u0219i un pachet de dot\u0103ri de top. Ma\u0219ina demonstreaz\u0103 c\u0103 un crossover compact poate ar\u0103ta ca un vehicul scos direct de pe pistele de curse clandestine.<\/p>\n<h2 data-path-to-node=\"6\">Stil Stealth \u0219i Aerodinamic\u0103 Agresiv\u0103: Re\u021beta Vizual\u0103 Nismo<\/h2>\n<p data-path-to-node=\"7\">Noul Nissan Note Aura Nismo Black Limited preia pachetul aerodinamic consacrat al versiunii de baz\u0103 Nismo. Partea frontal\u0103 este marcat\u0103 de un splitter pronun\u021bat, fuste laterale sculptate, un difuzor de <a href=\"https:\/\/diagnozabam.ro\/sfaturi\/ro\/blog\/%e2%9a%99%ef%b8%8f-debitmetru-aer-defect-simptome-cauze-si-solutii\/\">aer<\/a> spate masiv \u0219i un <a href=\"https:\/\/diagnozabam.ro\/sfaturi\/ro\/blog\/20-de-ani-cu-opel-corsa-d-istoria-unui-campion\/\">spoiler de plafon<\/a> generos. Totu\u0219i, marea schimbare const\u0103 \u00een renun\u021barea total\u0103 la accentele ro\u0219ii tradi\u021bionale ale diviziei de performan\u021b\u0103.<\/p>\n<p data-path-to-node=\"8\">Toate aceste elemente sunt \u00eenlocuite cu detalii finisate \u00een negru lucios. Capota prime\u0219te grafic\u0103 sportiv\u0103 dedicat\u0103, iar grila frontal\u0103 \u0219i habitaclul sunt decorate cu embleme speciale. Aspectul general devine mult mai curat, mat \u0219i vizibil mai agresiv pe \u0219osea.<\/p>\n<blockquote class=\"wp-embedded-content\" data-secret=\"RGqA5Kx8VY\"><p><a href=\"https:\/\/diagnozabam.ro\/sfaturi\/ro\/blog\/audi-sport-quattro-turbo-thrust-700-cp\/\">Audi Sport Quattro Turbo Thrust: 700 CP<\/a><\/p><\/blockquote>\n<p><iframe class=\"wp-embedded-content\" sandbox=\"allow-scripts\" security=\"restricted\" style=\"position: absolute; visibility: hidden;\" title=\"\u201eAudi Sport Quattro Turbo Thrust: 700 CP\u201d \u2013 Diagnoza BAM\" src=\"https:\/\/diagnozabam.ro\/sfaturi\/ro\/blog\/audi-sport-quattro-turbo-thrust-700-cp\/embed\/#?secret=Mz29YR9fI9#?secret=RGqA5Kx8VY\" data-secret=\"RGqA5Kx8VY\" width=\"600\" height=\"338\" frameborder=\"0\" marginwidth=\"0\" marginheight=\"0\" scrolling=\"no\"><\/iframe><\/p>\n<h3 data-path-to-node=\"9\">Dot\u0103ri Standard de Clas\u0103 Premium<\/h3>\n<ul data-path-to-node=\"10\">\n<li>\n<p data-path-to-node=\"10,0,0\"><b data-path-to-node=\"10,0,0\" data-index-in-node=\"0\">Sistem Audio Bose Personal Plus:<\/b> difuzoare integrate inteligent pentru o experien\u021b\u0103 acustic\u0103 imersiv\u0103.<\/p>\n<\/li>\n<li>\n<p data-path-to-node=\"10,1,0\"><b data-path-to-node=\"10,1,0\" data-index-in-node=\"0\">Pachet de Asisten\u021b\u0103 ProPilot:<\/b> <a href=\"https:\/\/diagnozabam.ro\/sfaturi\/ro\/blog\/capcana-inteligentei-artificiale-ce-nu-iti-spune-nimeni\/\">tehnologie<\/a> avansat\u0103 de condus semi-autonom \u0219i naviga\u021bie integrat\u0103 NissanConnect.<\/p>\n<\/li>\n<li>\n<p data-path-to-node=\"10,2,0\"><b data-path-to-node=\"10,2,0\" data-index-in-node=\"0\">Elemente Interioare TailorFit:<\/b> volan multifunc\u021bional \u00eembr\u0103cat \u00eentr-un material sintetic de \u00eenalt\u0103 calitate ce \u00eenlocuie\u0219te pielea clasic\u0103.<\/p>\n<\/li>\n<li>\n<p data-path-to-node=\"10,3,0\"><b data-path-to-node=\"10,3,0\" data-index-in-node=\"0\">Scaune Sport Recaro:<\/b> sus\u021binere lateral\u0103 impecabil\u0103 \u0219i ergonomie derivat\u0103 din motorsport.<\/p>\n<\/li>\n<\/ul>\n<h2 data-path-to-node=\"12\">Sub Capot\u0103: Tehnologie e-Power \u0219i Manevrabilitate de Circuit<\/h2>\n<p data-path-to-node=\"13\">Sistemul de propulsie r\u0103m\u00e2ne cel cunoscut de pe genera\u021bia anterioar\u0103. Sub caroserie lucreaz\u0103 un <a href=\"https:\/\/diagnozabam.ro\/sfaturi\/ro\/blog\/motor-turbo-2\/\">motor<\/a> pe benzin\u0103 de 1.2 litri cu trei cilindri ce func\u021bioneaz\u0103 exclusiv ca generator electric. Propulsia efectiv\u0103 este asigurat\u0103 complet de motoare <a href=\"https:\/\/diagnozabam.ro\/sfaturi\/ro\/blog\/autonomie-masini-electrice-2026-ce-modele-conduc-topul\/\">electrice<\/a>. Versiunea cu <a href=\"https:\/\/diagnozabam.ro\/sfaturi\/ro\/blog\/citroen-2cv-sahara-masina-cu-doua-motoare\/\">trac\u021biune integral\u0103<\/a> <a href=\"https:\/\/diagnozabam.ro\/sfaturi\/ro\/blog\/intelegerea-conceptului-rav4-un-ghid-detaliat\/\">4WD<\/a> utilizeaz\u0103 un <a href=\"https:\/\/diagnozabam.ro\/sfaturi\/ro\/blog\/motor-turbo-2\/\">motor<\/a> electric frontal de 134 <a href=\"https:\/\/diagnozabam.ro\/sfaturi\/ro\/blog\/cal-putere-cp\/\">CP<\/a> \u0219i un al doilea <a href=\"https:\/\/diagnozabam.ro\/sfaturi\/ro\/blog\/motor-turbo-2\/\">motor<\/a> pe puntea spate de 67 <a href=\"https:\/\/diagnozabam.ro\/sfaturi\/ro\/blog\/cal-putere-cp\/\">CP<\/a>.<\/p>\n<p data-path-to-node=\"14\">De\u0219i puterea maxim\u0103 nu a fost majorat\u0103, comportamentul dinamic este complet schimbat fa\u021b\u0103 de un Note conven\u021bional. Modul de condus Nismo ofer\u0103 un r\u0103spuns instantaneu la pedala de accelera\u021bie, o <a href=\"https:\/\/diagnozabam.ro\/sfaturi\/ro\/blog\/motoare-hibride-masini-cum-functioneaza-cu-adevarat\/\">fr\u00e2nare regenerativ\u0103<\/a> mai intens\u0103 \u0219i set\u0103ri specifice pentru suspensie \u0219i direc\u021bie. Anvelopele de \u00eenalt\u0103 performan\u021b\u0103 Michelin Pilot Sport 5 garanteaz\u0103 un nivel masiv de aderen\u021b\u0103 pe viraje.<\/p>\n<blockquote data-path-to-node=\"15\">\n<p data-path-to-node=\"15,0\">\u2139\ufe0f Technical Note: Sistemul e-Power func\u021bioneaz\u0103 ca un hibrid serie. Motorul termic de 1.2 litri (81 <a href=\"https:\/\/diagnozabam.ro\/sfaturi\/ro\/blog\/cal-putere-cp\/\">CP<\/a>) nu antreneaz\u0103 direct ro\u021bile, ci genereaz\u0103 energie pentru bateria care alimenteaz\u0103 motoarele <a href=\"https:\/\/diagnozabam.ro\/sfaturi\/ro\/blog\/autonomie-masini-electrice-2026-ce-modele-conduc-topul\/\">electrice<\/a>. Varianta Nismo prime\u0219te o recalibrare a unit\u0103\u021bii de comand\u0103 pentru un livrare mai agresiv\u0103 a cuplului.<\/p>\n<\/blockquote>\n<h2 data-path-to-node=\"17\">Analiz\u0103 Comparativ\u0103: Gama Nissan Note (Pre\u021buri \u0219i Specifica\u021bii Japonia)<\/h2>\n<blockquote class=\"wp-embedded-content\" data-secret=\"bM7oQe5i9D\"><p><a href=\"https:\/\/diagnozabam.ro\/sfaturi\/ro\/blog\/mersul-subturat-iti-omoara-turbina-mai-rau-decat-crezi\/\">Mersul Subturat \u00ce\u021bi Omoar\u0103 Turbina Mai R\u0103u Dec\u00e2t Crezi<\/a><\/p><\/blockquote>\n<p><iframe class=\"wp-embedded-content\" sandbox=\"allow-scripts\" security=\"restricted\" style=\"position: absolute; visibility: hidden;\" title=\"\u201eMersul Subturat \u00ce\u021bi Omoar\u0103 Turbina Mai R\u0103u Dec\u00e2t Crezi\u201d \u2013 Diagnoza BAM\" src=\"https:\/\/diagnozabam.ro\/sfaturi\/ro\/blog\/mersul-subturat-iti-omoara-turbina-mai-rau-decat-crezi\/embed\/#?secret=nMC4MagYGK#?secret=bM7oQe5i9D\" data-secret=\"bM7oQe5i9D\" width=\"600\" height=\"338\" frameborder=\"0\" marginwidth=\"0\" marginheight=\"0\" scrolling=\"no\"><\/iframe><\/p>\n<table data-path-to-node=\"18\">\n<thead>\n<tr>\n<td><strong>Model \/ Versiune<\/strong><\/td>\n<td><strong>Motorizare \/ Trac\u021biune<\/strong><\/td>\n<td><strong>Putere Electric\u0103 Fa\u021b\u0103 \/ Spate<\/strong><\/td>\n<td><strong>Pre\u021b de <a href=\"https:\/\/diagnozabam.ro\/sfaturi\/ro\/blog\/greseli-frecvente-iarna-la-pornirea-masinii-lista-critica\/\">Pornire<\/a> (USD)<\/strong><\/td>\n<\/tr>\n<\/thead>\n<tbody>\n<tr>\n<td><span data-path-to-node=\"18,1,0,0\"><b data-path-to-node=\"18,1,0,0\" data-index-in-node=\"0\">Nissan Note Standard<\/b><\/span><\/td>\n<td><span data-path-to-node=\"18,1,1,0\">e-Power (FWD \/ <a href=\"https:\/\/diagnozabam.ro\/sfaturi\/ro\/blog\/intelegerea-conceptului-rav4-un-ghid-detaliat\/\">4WD<\/a>)<\/span><\/td>\n<td><span data-path-to-node=\"18,1,2,0\">114 <a href=\"https:\/\/diagnozabam.ro\/sfaturi\/ro\/blog\/cal-putere-cp\/\">CP<\/a> \/ (67 <a href=\"https:\/\/diagnozabam.ro\/sfaturi\/ro\/blog\/cal-putere-cp\/\">CP<\/a> <a href=\"https:\/\/diagnozabam.ro\/sfaturi\/ro\/blog\/intelegerea-conceptului-rav4-un-ghid-detaliat\/\">4WD<\/a>)<\/span><\/td>\n<td><span data-path-to-node=\"18,1,3,0\"><b data-path-to-node=\"18,1,3,0\" data-index-in-node=\"0\">$15.100<\/b><\/span><\/td>\n<\/tr>\n<tr>\n<td><span data-path-to-node=\"18,2,0,0\"><b data-path-to-node=\"18,2,0,0\" data-index-in-node=\"0\">Nissan Note Aura<\/b><\/span><\/td>\n<td><span data-path-to-node=\"18,2,1,0\">e-Power (FWD \/ <a href=\"https:\/\/diagnozabam.ro\/sfaturi\/ro\/blog\/intelegerea-conceptului-rav4-un-ghid-detaliat\/\">4WD<\/a>)<\/span><\/td>\n<td><span data-path-to-node=\"18,2,2,0\">134 <a href=\"https:\/\/diagnozabam.ro\/sfaturi\/ro\/blog\/cal-putere-cp\/\">CP<\/a> \/ (67 <a href=\"https:\/\/diagnozabam.ro\/sfaturi\/ro\/blog\/cal-putere-cp\/\">CP<\/a> <a href=\"https:\/\/diagnozabam.ro\/sfaturi\/ro\/blog\/intelegerea-conceptului-rav4-un-ghid-detaliat\/\">4WD<\/a>)<\/span><\/td>\n<td><span data-path-to-node=\"18,2,3,0\"><b data-path-to-node=\"18,2,3,0\" data-index-in-node=\"0\">$17.900<\/b><\/span><\/td>\n<\/tr>\n<tr>\n<td><span data-path-to-node=\"18,3,0,0\"><b data-path-to-node=\"18,3,0,0\" data-index-in-node=\"0\">Nissan Note Autech Crossover<\/b><\/span><\/td>\n<td><span data-path-to-node=\"18,3,1,0\">e-Power Stil Crossover<\/span><\/td>\n<td><span data-path-to-node=\"18,3,2,0\">114 <a href=\"https:\/\/diagnozabam.ro\/sfaturi\/ro\/blog\/cal-putere-cp\/\">CP<\/a> \/ (67 <a href=\"https:\/\/diagnozabam.ro\/sfaturi\/ro\/blog\/cal-putere-cp\/\">CP<\/a> <a href=\"https:\/\/diagnozabam.ro\/sfaturi\/ro\/blog\/intelegerea-conceptului-rav4-un-ghid-detaliat\/\">4WD<\/a>)<\/span><\/td>\n<td><span data-path-to-node=\"18,3,3,0\"><b data-path-to-node=\"18,3,3,0\" data-index-in-node=\"0\">$18.200<\/b><\/span><\/td>\n<\/tr>\n<tr>\n<td><span data-path-to-node=\"18,4,0,0\"><b data-path-to-node=\"18,4,0,0\" data-index-in-node=\"0\">Nissan Note Aura Autech<\/b><\/span><\/td>\n<td><span data-path-to-node=\"18,4,1,0\">e-Power Lux \/ Eleganta<\/span><\/td>\n<td><span data-path-to-node=\"18,4,2,0\">134 <a href=\"https:\/\/diagnozabam.ro\/sfaturi\/ro\/blog\/cal-putere-cp\/\">CP<\/a> \/ (67 <a href=\"https:\/\/diagnozabam.ro\/sfaturi\/ro\/blog\/cal-putere-cp\/\">CP<\/a> <a href=\"https:\/\/diagnozabam.ro\/sfaturi\/ro\/blog\/intelegerea-conceptului-rav4-un-ghid-detaliat\/\">4WD<\/a>)<\/span><\/td>\n<td><span data-path-to-node=\"18,4,3,0\"><b data-path-to-node=\"18,4,3,0\" data-index-in-node=\"0\">$19.700<\/b><\/span><\/td>\n<\/tr>\n<tr>\n<td><span data-path-to-node=\"18,5,0,0\"><b data-path-to-node=\"18,5,0,0\" data-index-in-node=\"0\">Nissan Note Aura Nismo<\/b><\/span><\/td>\n<td><span data-path-to-node=\"18,5,1,0\">e-Power Tuning Sport<\/span><\/td>\n<td><span data-path-to-node=\"18,5,2,0\">134 <a href=\"https:\/\/diagnozabam.ro\/sfaturi\/ro\/blog\/cal-putere-cp\/\">CP<\/a> (FWD)<\/span><\/td>\n<td><span data-path-to-node=\"18,5,3,0\"><b data-path-to-node=\"18,5,3,0\" data-index-in-node=\"0\">$19.900<\/b><\/span><\/td>\n<\/tr>\n<tr>\n<td><span data-path-to-node=\"18,6,0,0\"><b data-path-to-node=\"18,6,0,0\" data-index-in-node=\"0\">Note Aura Nismo Black Limited<\/b><\/span><\/td>\n<td><span data-path-to-node=\"18,6,1,0\"><b data-path-to-node=\"18,6,1,0\" data-index-in-node=\"0\">e-Power <a href=\"https:\/\/diagnozabam.ro\/sfaturi\/ro\/blog\/intelegerea-conceptului-rav4-un-ghid-detaliat\/\">4WD<\/a> Top Trim<\/b><\/span><\/td>\n<td><span data-path-to-node=\"18,6,2,0\"><b data-path-to-node=\"18,6,2,0\" data-index-in-node=\"0\">134 <a href=\"https:\/\/diagnozabam.ro\/sfaturi\/ro\/blog\/cal-putere-cp\/\">CP<\/a> \/ 67 <a href=\"https:\/\/diagnozabam.ro\/sfaturi\/ro\/blog\/cal-putere-cp\/\">CP<\/a> (<a href=\"https:\/\/diagnozabam.ro\/sfaturi\/ro\/blog\/intelegerea-conceptului-rav4-un-ghid-detaliat\/\">4WD<\/a>)<\/b><\/span><\/td>\n<td><span data-path-to-node=\"18,6,3,0\"><b data-path-to-node=\"18,6,3,0\" data-index-in-node=\"0\">$25.200<\/b><\/span><\/td>\n<\/tr>\n<\/tbody>\n<\/table>\n<blockquote data-path-to-node=\"19\">\n<p data-path-to-node=\"19,0\">\u26a0\ufe0f WARNING: Conceptul Nismo RS prezentat la Tokyo Auto Salon 2026 anticipa un sistem de 211 <a href=\"https:\/\/diagnozabam.ro\/sfaturi\/ro\/blog\/cal-putere-cp\/\">CP<\/a> preluat de pe X-Trail Nismo. Versiunea de serie Black Limited nu include \u00eenc\u0103 acest upgrade de putere, fanii a\u0219tept\u00e2nd \u00een continuare lansarea oficial\u0103 a variantei RS Widebody.<\/p>\n<\/blockquote>\n<h2 data-path-to-node=\"21\">Pre\u021buri, Gam\u0103 \u0219i Concluzie Editorial\u0103<\/h2>\n<p data-path-to-node=\"22\">Pia\u021ba japonez\u0103 prime\u0219te o structur\u0103 de pre\u021buri extrem de competitiv\u0103 pentru \u00eentreaga familie de modele. Versiunea de intrare \u00een gam\u0103 Nissan Note porne\u0219te de la aproximativ 15.100$, \u00een timp ce varianta mai bine echipat\u0103 Note Aura \u00eencepe de la 17.900$. Edi\u021biile stilizate Autech adaug\u0103 un plus de elegan\u021b\u0103 la pre\u021buri cuprinse \u00eentre 18.200$ \u0219i 19.700$.<\/p>\n<blockquote class=\"wp-embedded-content\" data-secret=\"avZQSqB78O\"><p><a href=\"https:\/\/diagnozabam.ro\/sfaturi\/blog\/bmw-xm-neue-klasse-lci-concept-study\/\">BMW XM Neue Klasse LCI Concept Study<\/a><\/p><\/blockquote>\n<p><iframe class=\"wp-embedded-content\" sandbox=\"allow-scripts\" security=\"restricted\" style=\"position: absolute; visibility: hidden;\" title=\"\u201eBMW XM Neue Klasse LCI Concept Study\u201d \u2013 Diagnoza BAM\" src=\"https:\/\/diagnozabam.ro\/sfaturi\/blog\/bmw-xm-neue-klasse-lci-concept-study\/embed\/#?secret=qdFqtDoIzh#?secret=avZQSqB78O\" data-secret=\"avZQSqB78O\" width=\"600\" height=\"338\" frameborder=\"0\" marginwidth=\"0\" marginheight=\"0\" scrolling=\"no\"><\/iframe><\/p>\n<p data-path-to-node=\"23\">V\u00e2rful absolut de gam\u0103 este reprezentat de modelul analizat azi. Nissan Note Aura Nismo Black Limited e-Power <a href=\"https:\/\/diagnozabam.ro\/sfaturi\/ro\/blog\/intelegerea-conceptului-rav4-un-ghid-detaliat\/\">4WD<\/a> ajunge la pre\u021bul de 25.200$. Pentru aceast\u0103 sum\u0103, clien\u021bii primesc cea mai complet\u0103 echipare tehnologic\u0103, un interior dominat de scaune Recaro \u0219i volan \u00eenc\u0103lzit, dar mai ales o prezen\u021b\u0103 vizual\u0103 imposibil de ignorat. Nissan demonstreaz\u0103 c\u0103 nu ai nevoie de sute de <a href=\"https:\/\/diagnozabam.ro\/sfaturi\/ro\/blog\/bmw-x5-m-g65-randare-digitala-de-750-cp\/\">cai putere<\/a> suplimentari pentru a oferi un hot-hatch hibrid cu o personalitate cuceritoare.<\/p>\n<p data-path-to-node=\"23\">Sursa: <a href=\"https:\/\/www.tuningblog.eu\/tuning\/nissan-note-aura-nismo-2026-791240\/\">Nissan Note Aura Nismo Black Limited: Stealth-Look statt Widebody-RS<\/a><\/p>\n<div id='gallery-1' class='gallery galleryid-46963 gallery-columns-3 gallery-size-large'><figure class='gallery-item'>\n\t\t\t<div class='gallery-icon landscape'>\n\t\t\t\t<a title=\"Nisan Note Aura Black Edition\"  href='https:\/\/diagnozabam.ro\/sfaturi\/ro\/blog\/nissan-note-aura-nismo-black-limited-racheta-de-25-000\/nisan-note-aura-black-edition-2026-3\/'><img decoding=\"async\" width=\"2048\" height=\"921\" src=\"https:\/\/diagnozabam.ro\/sfaturi\/wp-content\/uploads\/2026\/08\/nisan-note-aura-black-edition-2026-3.webp\" class=\"attachment-large size-large\" alt=\"Nisan Note Aura Black Edition\" aria-describedby=\"gallery-1-46967\" srcset=\"https:\/\/diagnozabam.ro\/sfaturi\/wp-content\/uploads\/2026\/08\/nisan-note-aura-black-edition-2026-3.webp 2048w, https:\/\/diagnozabam.ro\/sfaturi\/wp-content\/uploads\/2026\/08\/nisan-note-aura-black-edition-2026-3-768x345.webp 768w, https:\/\/diagnozabam.ro\/sfaturi\/wp-content\/uploads\/2026\/08\/nisan-note-aura-black-edition-2026-3-1536x691.webp 1536w\" sizes=\"(max-width: 2048px) 100vw, 2048px\" \/><\/a>\n\t\t\t<\/div>\n\t\t\t\t<figcaption class='wp-caption-text gallery-caption' id='gallery-1-46967'>\n\t\t\t\tNisan Note Aura Black Edition\n\t\t\t\t<\/figcaption><\/figure><figure class='gallery-item'>\n\t\t\t<div class='gallery-icon landscape'>\n\t\t\t\t<a title=\"Nisan Note Aura Black Edition\"  href='https:\/\/diagnozabam.ro\/sfaturi\/ro\/blog\/nissan-note-aura-nismo-black-limited-racheta-de-25-000\/nisan-note-aura-black-edition-2026-10\/'><img decoding=\"async\" width=\"2048\" height=\"1152\" src=\"https:\/\/diagnozabam.ro\/sfaturi\/wp-content\/uploads\/2026\/08\/nisan-note-aura-black-edition-2026-10.webp\" class=\"attachment-large size-large\" alt=\"Nisan Note Aura Black Edition\" aria-describedby=\"gallery-1-46970\" srcset=\"https:\/\/diagnozabam.ro\/sfaturi\/wp-content\/uploads\/2026\/08\/nisan-note-aura-black-edition-2026-10.webp 2048w, https:\/\/diagnozabam.ro\/sfaturi\/wp-content\/uploads\/2026\/08\/nisan-note-aura-black-edition-2026-10-768x432.webp 768w, https:\/\/diagnozabam.ro\/sfaturi\/wp-content\/uploads\/2026\/08\/nisan-note-aura-black-edition-2026-10-1536x864.webp 1536w\" sizes=\"(max-width: 2048px) 100vw, 2048px\" \/><\/a>\n\t\t\t<\/div>\n\t\t\t\t<figcaption class='wp-caption-text gallery-caption' id='gallery-1-46970'>\n\t\t\t\tNisan Note Aura Black Edition\n\t\t\t\t<\/figcaption><\/figure><figure class='gallery-item'>\n\t\t\t<div class='gallery-icon landscape'>\n\t\t\t\t<a title=\"Nisan Note Aura Black Edition\"  href='https:\/\/diagnozabam.ro\/sfaturi\/ro\/blog\/nissan-note-aura-nismo-black-limited-racheta-de-25-000\/nisan-note-aura-black-edition-2026-7\/'><img decoding=\"async\" width=\"2048\" height=\"1785\" src=\"https:\/\/diagnozabam.ro\/sfaturi\/wp-content\/uploads\/2026\/08\/nisan-note-aura-black-edition-2026-7.webp\" class=\"attachment-large size-large\" alt=\"Nisan Note Aura Black Edition\" aria-describedby=\"gallery-1-46968\" srcset=\"https:\/\/diagnozabam.ro\/sfaturi\/wp-content\/uploads\/2026\/08\/nisan-note-aura-black-edition-2026-7.webp 2048w, https:\/\/diagnozabam.ro\/sfaturi\/wp-content\/uploads\/2026\/08\/nisan-note-aura-black-edition-2026-7-768x669.webp 768w, https:\/\/diagnozabam.ro\/sfaturi\/wp-content\/uploads\/2026\/08\/nisan-note-aura-black-edition-2026-7-1536x1339.webp 1536w\" sizes=\"(max-width: 2048px) 100vw, 2048px\" \/><\/a>\n\t\t\t<\/div>\n\t\t\t\t<figcaption class='wp-caption-text gallery-caption' id='gallery-1-46968'>\n\t\t\t\tNisan Note Aura Black Edition\n\t\t\t\t<\/figcaption><\/figure><figure class='gallery-item'>\n\t\t\t<div class='gallery-icon landscape'>\n\t\t\t\t<a title=\"Nissan X Trail NISMO\"  href='https:\/\/diagnozabam.ro\/sfaturi\/ro\/blog\/nissan-note-aura-nismo-black-limited-racheta-de-25-000\/2026-nissan-x-trail-nismo-25\/'><img decoding=\"async\" width=\"1152\" height=\"768\" src=\"https:\/\/diagnozabam.ro\/sfaturi\/wp-content\/uploads\/2026\/08\/2026-nissan-x-trail-nismo-25.webp\" class=\"attachment-large size-large\" alt=\"Nissan X Trail NISMO\" aria-describedby=\"gallery-1-46966\" srcset=\"https:\/\/diagnozabam.ro\/sfaturi\/wp-content\/uploads\/2026\/08\/2026-nissan-x-trail-nismo-25.webp 1152w, https:\/\/diagnozabam.ro\/sfaturi\/wp-content\/uploads\/2026\/08\/2026-nissan-x-trail-nismo-25-768x512.webp 768w\" sizes=\"(max-width: 1152px) 100vw, 1152px\" \/><\/a>\n\t\t\t<\/div>\n\t\t\t\t<figcaption class='wp-caption-text gallery-caption' id='gallery-1-46966'>\n\t\t\t\tNissan X Trail NISMO\n\t\t\t\t<\/figcaption><\/figure><figure class='gallery-item'>\n\t\t\t<div class='gallery-icon landscape'>\n\t\t\t\t<a title=\"Nissan Note Aura Nismo Black Limited\"  href='https:\/\/diagnozabam.ro\/sfaturi\/ro\/blog\/nissan-note-aura-nismo-black-limited-racheta-de-25-000\/nissan-note-aura-nismo-black-limited-4\/'><img decoding=\"async\" width=\"2048\" height=\"1152\" src=\"https:\/\/diagnozabam.ro\/sfaturi\/wp-content\/uploads\/2026\/08\/nissan-note-aura-nismo-black-limited-4.webp\" class=\"attachment-large size-large\" alt=\"Nissan Note Aura Nismo Black Limited\" aria-describedby=\"gallery-1-46971\" srcset=\"https:\/\/diagnozabam.ro\/sfaturi\/wp-content\/uploads\/2026\/08\/nissan-note-aura-nismo-black-limited-4.webp 2048w, https:\/\/diagnozabam.ro\/sfaturi\/wp-content\/uploads\/2026\/08\/nissan-note-aura-nismo-black-limited-4-768x432.webp 768w, https:\/\/diagnozabam.ro\/sfaturi\/wp-content\/uploads\/2026\/08\/nissan-note-aura-nismo-black-limited-4-1536x864.webp 1536w\" sizes=\"(max-width: 2048px) 100vw, 2048px\" \/><\/a>\n\t\t\t<\/div>\n\t\t\t\t<figcaption class='wp-caption-text gallery-caption' id='gallery-1-46971'>\n\t\t\t\tNissan Note Aura Nismo Black Limited\n\t\t\t\t<\/figcaption><\/figure><figure class='gallery-item'>\n\t\t\t<div class='gallery-icon landscape'>\n\t\t\t\t<a title=\"Nisan Note Aura Black Edition\"  href='https:\/\/diagnozabam.ro\/sfaturi\/ro\/blog\/nissan-note-aura-nismo-black-limited-racheta-de-25-000\/nisan-note-aura-black-edition-2026-8\/'><img decoding=\"async\" width=\"2048\" height=\"1398\" src=\"https:\/\/diagnozabam.ro\/sfaturi\/wp-content\/uploads\/2026\/08\/nisan-note-aura-black-edition-2026-8.webp\" class=\"attachment-large size-large\" alt=\"Nisan Note Aura Black Edition\" aria-describedby=\"gallery-1-46969\" srcset=\"https:\/\/diagnozabam.ro\/sfaturi\/wp-content\/uploads\/2026\/08\/nisan-note-aura-black-edition-2026-8.webp 2048w, https:\/\/diagnozabam.ro\/sfaturi\/wp-content\/uploads\/2026\/08\/nisan-note-aura-black-edition-2026-8-768x524.webp 768w, https:\/\/diagnozabam.ro\/sfaturi\/wp-content\/uploads\/2026\/08\/nisan-note-aura-black-edition-2026-8-1536x1049.webp 1536w\" sizes=\"(max-width: 2048px) 100vw, 2048px\" \/><\/a>\n\t\t\t<\/div>\n\t\t\t\t<figcaption class='wp-caption-text gallery-caption' id='gallery-1-46969'>\n\t\t\t\tNisan Note Aura Black Edition\n\t\t\t\t<\/figcaption><\/figure>\n\t\t<\/div>\n\n","protected":false},"excerpt":{"rendered":"<p>Nissan Note Aura Nismo Black Limited: Edi\u021bia Stealth de 25.000$ Care Redefine\u0219te Stilul Hibrid Japonez Constructorul nipon Nissan decide s\u0103 agite serios apele pe pia\u021ba din Japonia. \u00cen loc s\u0103 aplice o revizuire tehnic\u0103 radical\u0103, produc\u0103torul \u00ee\u0219i actualizeaz\u0103 \u00eentreaga familie compus\u0103 din modelele Note, Note Aura \u0219i flagship-ul Nismo. Rezultatul poart\u0103 numele de Black Limited [&hellip;]<\/p>\n","protected":false},"author":1,"featured_media":46971,"comment_status":"open","ping_status":"open","sticky":false,"template":"","format":"standard","meta":{"_sitemap_exclude":false,"_sitemap_priority":"","_sitemap_frequency":"","footnotes":"","jetpack_publicize_message":"","jetpack_publicize_feature_enabled":true,"jetpack_social_post_already_shared":true,"jetpack_social_options":{"image_generator_settings":{"template":"highway","default_image_id":0,"font":"","enabled":false},"version":2},"jetpack_post_was_ever_published":false},"categories":[357],"tags":[54200,1776,54198,54204,978,722,54196,54202],"class_list":["post-46963","post","type-post","status-publish","format-standard","has-post-thumbnail","hentry","category-stiri","tag-blackedition","tag-hibrid","tag-hothatch","tag-jdm","tag-nismo","tag-nissan","tag-noteaura","tag-preturiauto"],"yoast_head":"<!-- This site is optimized with the Yoast SEO Premium plugin v27.7 (Yoast SEO v28.4) - https:\/\/yoast.com\/product\/yoast-seo-premium-wordpress\/ -->\n<title>Nissan Note Aura Nismo Black Limited: Racheta de 25.000$! - Diagnoza BAM<\/title>\n<meta name=\"description\" content=\"Edi\u021bia Black Limited transform\u0103 noul Nissan Note Aura Nismo \u00eentr-un monstru stealth! Vezi dot\u0103rile, pre\u021bul \u0219i detaliile...\" \/>\n<meta name=\"robots\" content=\"index, follow, max-snippet:-1, max-image-preview:large, max-video-preview:-1\" \/>\n<link rel=\"canonical\" href=\"https:\/\/diagnozabam.ro\/sfaturi\/ro\/blog\/nissan-note-aura-nismo-black-limited-racheta-de-25-000\/\" \/>\n<meta property=\"og:locale\" content=\"ro_RO\" \/>\n<meta property=\"og:type\" content=\"article\" \/>\n<meta property=\"og:title\" content=\"Nissan Note Aura Nismo Black Limited: Racheta de 25.000$!\" \/>\n<meta property=\"og:description\" content=\"Edi\u021bia Black Limited transform\u0103 noul Nissan Note Aura Nismo \u00eentr-un monstru stealth! Vezi dot\u0103rile, pre\u021bul \u0219i detaliile tehnice complet\" \/>\n<meta property=\"og:url\" content=\"https:\/\/diagnozabam.ro\/sfaturi\/ro\/blog\/nissan-note-aura-nismo-black-limited-racheta-de-25-000\/\" \/>\n<meta property=\"og:site_name\" content=\"Diagnoza BAM\" \/>\n<meta property=\"article:publisher\" content=\"https:\/\/www.facebook.com\/diagnozabam\" \/>\n<meta property=\"article:published_time\" content=\"2026-09-04T20:58:53+00:00\" \/>\n<meta property=\"og:image\" content=\"https:\/\/diagnozabam.ro\/sfaturi\/wp-content\/uploads\/2026\/08\/nissan-note-aura-nismo-black-limited-4.webp\" \/>\n\t<meta property=\"og:image:width\" content=\"2048\" \/>\n\t<meta property=\"og:image:height\" content=\"1152\" \/>\n\t<meta property=\"og:image:type\" content=\"image\/webp\" \/>\n<meta name=\"author\" content=\"Bejenaru Alexandru Ionut\" \/>\n<meta name=\"twitter:card\" content=\"summary_large_image\" \/>\n<meta name=\"twitter:label1\" content=\"Scris de\" \/>\n\t<meta name=\"twitter:data1\" content=\"Bejenaru Alexandru Ionut\" \/>\n\t<meta name=\"twitter:label2\" content=\"Timp estimat pentru citire\" \/>\n\t<meta name=\"twitter:data2\" content=\"4 minute\" \/>\n<script type=\"application\/ld+json\" class=\"yoast-schema-graph\">{\"@context\":\"https:\\\/\\\/schema.org\",\"@graph\":[{\"@type\":\"NewsArticle\",\"@id\":\"https:\\\/\\\/diagnozabam.ro\\\/sfaturi\\\/ro\\\/blog\\\/nissan-note-aura-nismo-black-limited-racheta-de-25-000\\\/#article\",\"isPartOf\":{\"@id\":\"https:\\\/\\\/diagnozabam.ro\\\/sfaturi\\\/ro\\\/blog\\\/nissan-note-aura-nismo-black-limited-racheta-de-25-000\\\/\"},\"author\":{\"name\":\"Bejenaru Alexandru Ionut\",\"@id\":\"https:\\\/\\\/diagnozabam.ro\\\/sfaturi\\\/#\\\/schema\\\/person\\\/77202adf825f4528d9ba9ab5b4ffafec\"},\"headline\":\"Nissan Note Aura Nismo Black Limited: Racheta de 25.000$!\",\"datePublished\":\"2026-09-04T20:58:53+00:00\",\"mainEntityOfPage\":{\"@id\":\"https:\\\/\\\/diagnozabam.ro\\\/sfaturi\\\/ro\\\/blog\\\/nissan-note-aura-nismo-black-limited-racheta-de-25-000\\\/\"},\"wordCount\":808,\"commentCount\":0,\"publisher\":{\"@id\":\"https:\\\/\\\/diagnozabam.ro\\\/sfaturi\\\/#organization\"},\"image\":{\"@id\":\"https:\\\/\\\/diagnozabam.ro\\\/sfaturi\\\/ro\\\/blog\\\/nissan-note-aura-nismo-black-limited-racheta-de-25-000\\\/#primaryimage\"},\"thumbnailUrl\":\"https:\\\/\\\/diagnozabam.ro\\\/sfaturi\\\/wp-content\\\/uploads\\\/2026\\\/08\\\/nissan-note-aura-nismo-black-limited-4.webp\",\"keywords\":[\"BlackEdition\",\"hibrid\",\"HotHatch\",\"JDM\",\"Nismo\",\"Nissan\",\"NoteAura\",\"PreturiAuto\"],\"articleSection\":[\"\u0218tiri\"],\"inLanguage\":\"ro-RO\",\"potentialAction\":[{\"@type\":\"CommentAction\",\"name\":\"Comment\",\"target\":[\"https:\\\/\\\/diagnozabam.ro\\\/sfaturi\\\/ro\\\/blog\\\/nissan-note-aura-nismo-black-limited-racheta-de-25-000\\\/#respond\"]}]},{\"@type\":\"WebPage\",\"@id\":\"https:\\\/\\\/diagnozabam.ro\\\/sfaturi\\\/ro\\\/blog\\\/nissan-note-aura-nismo-black-limited-racheta-de-25-000\\\/\",\"url\":\"https:\\\/\\\/diagnozabam.ro\\\/sfaturi\\\/ro\\\/blog\\\/nissan-note-aura-nismo-black-limited-racheta-de-25-000\\\/\",\"name\":\"Nissan Note Aura Nismo Black Limited: Racheta de 25.000$! - Diagnoza BAM\",\"isPartOf\":{\"@id\":\"https:\\\/\\\/diagnozabam.ro\\\/sfaturi\\\/#website\"},\"primaryImageOfPage\":{\"@id\":\"https:\\\/\\\/diagnozabam.ro\\\/sfaturi\\\/ro\\\/blog\\\/nissan-note-aura-nismo-black-limited-racheta-de-25-000\\\/#primaryimage\"},\"image\":{\"@id\":\"https:\\\/\\\/diagnozabam.ro\\\/sfaturi\\\/ro\\\/blog\\\/nissan-note-aura-nismo-black-limited-racheta-de-25-000\\\/#primaryimage\"},\"thumbnailUrl\":\"https:\\\/\\\/diagnozabam.ro\\\/sfaturi\\\/wp-content\\\/uploads\\\/2026\\\/08\\\/nissan-note-aura-nismo-black-limited-4.webp\",\"datePublished\":\"2026-09-04T20:58:53+00:00\",\"description\":\"Edi\u021bia Black Limited transform\u0103 noul Nissan Note Aura Nismo \u00eentr-un monstru stealth! Vezi dot\u0103rile, pre\u021bul \u0219i detaliile tehnice complet\",\"breadcrumb\":{\"@id\":\"https:\\\/\\\/diagnozabam.ro\\\/sfaturi\\\/ro\\\/blog\\\/nissan-note-aura-nismo-black-limited-racheta-de-25-000\\\/#breadcrumb\"},\"inLanguage\":\"ro-RO\",\"potentialAction\":[{\"@type\":\"ReadAction\",\"target\":[\"https:\\\/\\\/diagnozabam.ro\\\/sfaturi\\\/ro\\\/blog\\\/nissan-note-aura-nismo-black-limited-racheta-de-25-000\\\/\"]}]},{\"@type\":\"ImageObject\",\"inLanguage\":\"ro-RO\",\"@id\":\"https:\\\/\\\/diagnozabam.ro\\\/sfaturi\\\/ro\\\/blog\\\/nissan-note-aura-nismo-black-limited-racheta-de-25-000\\\/#primaryimage\",\"url\":\"https:\\\/\\\/diagnozabam.ro\\\/sfaturi\\\/wp-content\\\/uploads\\\/2026\\\/08\\\/nissan-note-aura-nismo-black-limited-4.webp\",\"contentUrl\":\"https:\\\/\\\/diagnozabam.ro\\\/sfaturi\\\/wp-content\\\/uploads\\\/2026\\\/08\\\/nissan-note-aura-nismo-black-limited-4.webp\",\"width\":2048,\"height\":1152,\"caption\":\"Nissan Note Aura Nismo Black Limited\"},{\"@type\":\"BreadcrumbList\",\"@id\":\"https:\\\/\\\/diagnozabam.ro\\\/sfaturi\\\/ro\\\/blog\\\/nissan-note-aura-nismo-black-limited-racheta-de-25-000\\\/#breadcrumb\",\"itemListElement\":[{\"@type\":\"ListItem\",\"position\":1,\"name\":\"Home\",\"item\":\"https:\\\/\\\/diagnozabam.ro\\\/sfaturi\\\/\"},{\"@type\":\"ListItem\",\"position\":2,\"name\":\"Nissan Note Aura Nismo Black Limited: Racheta de 25.000$!\"}]},{\"@type\":\"WebSite\",\"@id\":\"https:\\\/\\\/diagnozabam.ro\\\/sfaturi\\\/#website\",\"url\":\"https:\\\/\\\/diagnozabam.ro\\\/sfaturi\\\/\",\"name\":\"Diagnoza BAM\",\"description\":\"Independent Auto Diagnostics, Tech Analysis and Smart Insights\",\"publisher\":{\"@id\":\"https:\\\/\\\/diagnozabam.ro\\\/sfaturi\\\/#organization\"},\"alternateName\":\"DBAM\",\"potentialAction\":[{\"@type\":\"SearchAction\",\"target\":{\"@type\":\"EntryPoint\",\"urlTemplate\":\"https:\\\/\\\/diagnozabam.ro\\\/sfaturi\\\/?s={search_term_string}\"},\"query-input\":{\"@type\":\"PropertyValueSpecification\",\"valueRequired\":true,\"valueName\":\"search_term_string\"}}],\"inLanguage\":\"ro-RO\"},{\"@type\":\"Organization\",\"@id\":\"https:\\\/\\\/diagnozabam.ro\\\/sfaturi\\\/#organization\",\"name\":\"Diagnoza BAM\",\"alternateName\":\"DBAM\",\"url\":\"https:\\\/\\\/diagnozabam.ro\\\/sfaturi\\\/\",\"logo\":{\"@type\":\"ImageObject\",\"inLanguage\":\"ro-RO\",\"@id\":\"https:\\\/\\\/diagnozabam.ro\\\/sfaturi\\\/#\\\/schema\\\/logo\\\/image\\\/\",\"url\":\"https:\\\/\\\/diagnozabam.ro\\\/sfaturi\\\/wp-content\\\/uploads\\\/2025\\\/11\\\/logo-diagnoza-bam-imagine.webp\",\"contentUrl\":\"https:\\\/\\\/diagnozabam.ro\\\/sfaturi\\\/wp-content\\\/uploads\\\/2025\\\/11\\\/logo-diagnoza-bam-imagine.webp\",\"width\":512,\"height\":512,\"caption\":\"Diagnoza BAM\"},\"image\":{\"@id\":\"https:\\\/\\\/diagnozabam.ro\\\/sfaturi\\\/#\\\/schema\\\/logo\\\/image\\\/\"},\"sameAs\":[\"https:\\\/\\\/www.facebook.com\\\/diagnozabam\",\"https:\\\/\\\/mastodon.social\\\/@diagnozabam\",\"https:\\\/\\\/bsky.app\\\/profile\\\/did:plc:f4cmgfa3nv33bch7p3wgwchr\",\"https:\\\/\\\/www.tumblr.com\\\/diagbam\"],\"description\":\"Independent publishing platform focused on automotive diagnostics, OBD2 analysis, repair cost breakdowns, technology insights and practical technical guides.\",\"email\":\"redactie@diagnozabam.ro\",\"foundingDate\":\"2023-02-16\"},{\"@type\":\"Person\",\"@id\":\"https:\\\/\\\/diagnozabam.ro\\\/sfaturi\\\/#\\\/schema\\\/person\\\/77202adf825f4528d9ba9ab5b4ffafec\",\"name\":\"Bejenaru Alexandru Ionut\",\"image\":{\"@type\":\"ImageObject\",\"inLanguage\":\"ro-RO\",\"@id\":\"https:\\\/\\\/secure.gravatar.com\\\/avatar\\\/96634b44a266a571c59a5e82fc6f12edfb6876914735dbc57aa2348d11395470?s=96&d=mm&r=g\",\"url\":\"https:\\\/\\\/secure.gravatar.com\\\/avatar\\\/96634b44a266a571c59a5e82fc6f12edfb6876914735dbc57aa2348d11395470?s=96&d=mm&r=g\",\"contentUrl\":\"https:\\\/\\\/secure.gravatar.com\\\/avatar\\\/96634b44a266a571c59a5e82fc6f12edfb6876914735dbc57aa2348d11395470?s=96&d=mm&r=g\",\"caption\":\"Bejenaru Alexandru Ionut\"},\"sameAs\":[\"https:\\\/\\\/diagnozabam.ro\"],\"honorificPrefix\":\"Mr.\",\"birthDate\":\"1997-12-23\",\"url\":\"https:\\\/\\\/diagnozabam.ro\\\/sfaturi\\\/blog\\\/author\\\/bejenaru-alexandru-ionut\\\/\"}]}<\/script>\n<!-- \/ Yoast SEO Premium plugin. -->","yoast_head_json":{"title":"Nissan Note Aura Nismo Black Limited: Racheta de 25.000$! - Diagnoza BAM","description":"Edi\u021bia Black Limited transform\u0103 noul Nissan Note Aura Nismo \u00eentr-un monstru stealth! Vezi dot\u0103rile, pre\u021bul \u0219i detaliile...","robots":{"index":"index","follow":"follow","max-snippet":"max-snippet:-1","max-image-preview":"max-image-preview:large","max-video-preview":"max-video-preview:-1"},"canonical":"https:\/\/diagnozabam.ro\/sfaturi\/ro\/blog\/nissan-note-aura-nismo-black-limited-racheta-de-25-000\/","og_locale":"ro_RO","og_type":"article","og_title":"Nissan Note Aura Nismo Black Limited: Racheta de 25.000$!","og_description":"Edi\u021bia Black Limited transform\u0103 noul Nissan Note Aura Nismo \u00eentr-un monstru stealth! Vezi dot\u0103rile, pre\u021bul \u0219i detaliile tehnice complet","og_url":"https:\/\/diagnozabam.ro\/sfaturi\/ro\/blog\/nissan-note-aura-nismo-black-limited-racheta-de-25-000\/","og_site_name":"Diagnoza BAM","article_publisher":"https:\/\/www.facebook.com\/diagnozabam","article_published_time":"2026-09-04T20:58:53+00:00","og_image":[{"width":2048,"height":1152,"url":"https:\/\/diagnozabam.ro\/sfaturi\/wp-content\/uploads\/2026\/08\/nissan-note-aura-nismo-black-limited-4.webp","type":"image\/webp"}],"author":"Bejenaru Alexandru Ionut","twitter_card":"summary_large_image","twitter_misc":{"Scris de":"Bejenaru Alexandru Ionut","Timp estimat pentru citire":"4 minute"},"schema":{"@context":"https:\/\/schema.org","@graph":[{"@type":"NewsArticle","@id":"https:\/\/diagnozabam.ro\/sfaturi\/ro\/blog\/nissan-note-aura-nismo-black-limited-racheta-de-25-000\/#article","isPartOf":{"@id":"https:\/\/diagnozabam.ro\/sfaturi\/ro\/blog\/nissan-note-aura-nismo-black-limited-racheta-de-25-000\/"},"author":{"name":"Bejenaru Alexandru Ionut","@id":"https:\/\/diagnozabam.ro\/sfaturi\/#\/schema\/person\/77202adf825f4528d9ba9ab5b4ffafec"},"headline":"Nissan Note Aura Nismo Black Limited: Racheta de 25.000$!","datePublished":"2026-09-04T20:58:53+00:00","mainEntityOfPage":{"@id":"https:\/\/diagnozabam.ro\/sfaturi\/ro\/blog\/nissan-note-aura-nismo-black-limited-racheta-de-25-000\/"},"wordCount":808,"commentCount":0,"publisher":{"@id":"https:\/\/diagnozabam.ro\/sfaturi\/#organization"},"image":{"@id":"https:\/\/diagnozabam.ro\/sfaturi\/ro\/blog\/nissan-note-aura-nismo-black-limited-racheta-de-25-000\/#primaryimage"},"thumbnailUrl":"https:\/\/diagnozabam.ro\/sfaturi\/wp-content\/uploads\/2026\/08\/nissan-note-aura-nismo-black-limited-4.webp","keywords":["BlackEdition","hibrid","HotHatch","JDM","Nismo","Nissan","NoteAura","PreturiAuto"],"articleSection":["\u0218tiri"],"inLanguage":"ro-RO","potentialAction":[{"@type":"CommentAction","name":"Comment","target":["https:\/\/diagnozabam.ro\/sfaturi\/ro\/blog\/nissan-note-aura-nismo-black-limited-racheta-de-25-000\/#respond"]}]},{"@type":"WebPage","@id":"https:\/\/diagnozabam.ro\/sfaturi\/ro\/blog\/nissan-note-aura-nismo-black-limited-racheta-de-25-000\/","url":"https:\/\/diagnozabam.ro\/sfaturi\/ro\/blog\/nissan-note-aura-nismo-black-limited-racheta-de-25-000\/","name":"Nissan Note Aura Nismo Black Limited: Racheta de 25.000$! - Diagnoza BAM","isPartOf":{"@id":"https:\/\/diagnozabam.ro\/sfaturi\/#website"},"primaryImageOfPage":{"@id":"https:\/\/diagnozabam.ro\/sfaturi\/ro\/blog\/nissan-note-aura-nismo-black-limited-racheta-de-25-000\/#primaryimage"},"image":{"@id":"https:\/\/diagnozabam.ro\/sfaturi\/ro\/blog\/nissan-note-aura-nismo-black-limited-racheta-de-25-000\/#primaryimage"},"thumbnailUrl":"https:\/\/diagnozabam.ro\/sfaturi\/wp-content\/uploads\/2026\/08\/nissan-note-aura-nismo-black-limited-4.webp","datePublished":"2026-09-04T20:58:53+00:00","description":"Edi\u021bia Black Limited transform\u0103 noul Nissan Note Aura Nismo \u00eentr-un monstru stealth! Vezi dot\u0103rile, pre\u021bul \u0219i detaliile tehnice complet","breadcrumb":{"@id":"https:\/\/diagnozabam.ro\/sfaturi\/ro\/blog\/nissan-note-aura-nismo-black-limited-racheta-de-25-000\/#breadcrumb"},"inLanguage":"ro-RO","potentialAction":[{"@type":"ReadAction","target":["https:\/\/diagnozabam.ro\/sfaturi\/ro\/blog\/nissan-note-aura-nismo-black-limited-racheta-de-25-000\/"]}]},{"@type":"ImageObject","inLanguage":"ro-RO","@id":"https:\/\/diagnozabam.ro\/sfaturi\/ro\/blog\/nissan-note-aura-nismo-black-limited-racheta-de-25-000\/#primaryimage","url":"https:\/\/diagnozabam.ro\/sfaturi\/wp-content\/uploads\/2026\/08\/nissan-note-aura-nismo-black-limited-4.webp","contentUrl":"https:\/\/diagnozabam.ro\/sfaturi\/wp-content\/uploads\/2026\/08\/nissan-note-aura-nismo-black-limited-4.webp","width":2048,"height":1152,"caption":"Nissan Note Aura Nismo Black Limited"},{"@type":"BreadcrumbList","@id":"https:\/\/diagnozabam.ro\/sfaturi\/ro\/blog\/nissan-note-aura-nismo-black-limited-racheta-de-25-000\/#breadcrumb","itemListElement":[{"@type":"ListItem","position":1,"name":"Home","item":"https:\/\/diagnozabam.ro\/sfaturi\/"},{"@type":"ListItem","position":2,"name":"Nissan Note Aura Nismo Black Limited: Racheta de 25.000$!"}]},{"@type":"WebSite","@id":"https:\/\/diagnozabam.ro\/sfaturi\/#website","url":"https:\/\/diagnozabam.ro\/sfaturi\/","name":"Diagnoza BAM","description":"Independent Auto Diagnostics, Tech Analysis and Smart Insights","publisher":{"@id":"https:\/\/diagnozabam.ro\/sfaturi\/#organization"},"alternateName":"DBAM","potentialAction":[{"@type":"SearchAction","target":{"@type":"EntryPoint","urlTemplate":"https:\/\/diagnozabam.ro\/sfaturi\/?s={search_term_string}"},"query-input":{"@type":"PropertyValueSpecification","valueRequired":true,"valueName":"search_term_string"}}],"inLanguage":"ro-RO"},{"@type":"Organization","@id":"https:\/\/diagnozabam.ro\/sfaturi\/#organization","name":"Diagnoza BAM","alternateName":"DBAM","url":"https:\/\/diagnozabam.ro\/sfaturi\/","logo":{"@type":"ImageObject","inLanguage":"ro-RO","@id":"https:\/\/diagnozabam.ro\/sfaturi\/#\/schema\/logo\/image\/","url":"https:\/\/diagnozabam.ro\/sfaturi\/wp-content\/uploads\/2025\/11\/logo-diagnoza-bam-imagine.webp","contentUrl":"https:\/\/diagnozabam.ro\/sfaturi\/wp-content\/uploads\/2025\/11\/logo-diagnoza-bam-imagine.webp","width":512,"height":512,"caption":"Diagnoza BAM"},"image":{"@id":"https:\/\/diagnozabam.ro\/sfaturi\/#\/schema\/logo\/image\/"},"sameAs":["https:\/\/www.facebook.com\/diagnozabam","https:\/\/mastodon.social\/@diagnozabam","https:\/\/bsky.app\/profile\/did:plc:f4cmgfa3nv33bch7p3wgwchr","https:\/\/www.tumblr.com\/diagbam"],"description":"Independent publishing platform focused on automotive diagnostics, OBD2 analysis, repair cost breakdowns, technology insights and practical technical guides.","email":"redactie@diagnozabam.ro","foundingDate":"2023-02-16"},{"@type":"Person","@id":"https:\/\/diagnozabam.ro\/sfaturi\/#\/schema\/person\/77202adf825f4528d9ba9ab5b4ffafec","name":"Bejenaru Alexandru Ionut","image":{"@type":"ImageObject","inLanguage":"ro-RO","@id":"https:\/\/secure.gravatar.com\/avatar\/96634b44a266a571c59a5e82fc6f12edfb6876914735dbc57aa2348d11395470?s=96&d=mm&r=g","url":"https:\/\/secure.gravatar.com\/avatar\/96634b44a266a571c59a5e82fc6f12edfb6876914735dbc57aa2348d11395470?s=96&d=mm&r=g","contentUrl":"https:\/\/secure.gravatar.com\/avatar\/96634b44a266a571c59a5e82fc6f12edfb6876914735dbc57aa2348d11395470?s=96&d=mm&r=g","caption":"Bejenaru Alexandru Ionut"},"sameAs":["https:\/\/diagnozabam.ro"],"honorificPrefix":"Mr.","birthDate":"1997-12-23","url":"https:\/\/diagnozabam.ro\/sfaturi\/blog\/author\/bejenaru-alexandru-ionut\/"}]}},"lang":"ro","translations":{"ro":46963},"jetpack_publicize_connections":[],"jetpack-related-posts":[{"id":9563,"url":"https:\/\/diagnozabam.ro\/sfaturi\/ro\/blog\/nissan-dezvaluie-bomba-anului-noul-model-nismo-ariya-promite-sa-redefineasca-standardul-vehiculelor-electrice\/","url_meta":{"origin":46963,"position":0},"title":"Nissan dezv\u0103luie bomba anului: Noul model Nismo Ariya promite s\u0103 redefineasc\u0103 standardul vehiculelor electrice!","author":"Bejenaru Alexandru Ionut","date":"14 ianuarie 2024","format":false,"excerpt":"Nissan Ariya Nismo: Un Nou Standard \u00een Performan\u021b\u0103 \u0219i Design? Nissan, cunoscut pentru inova\u021biile sale \u00een domeniul auto, pare s\u0103 preg\u0103teasc\u0103 lansarea unui nou model sub emblema sportiv\u0103 Nismo. Toate\u2026","rel":"","context":"\u00cen \u201eAuto-RO\u201d","block_context":{"text":"Auto-RO","link":"https:\/\/diagnozabam.ro\/sfaturi\/ro\/category\/auto\/"},"img":{"alt_text":"nissan dezvaluie bomba anului noul model nismo ariya promite sa redefineasca standardul vehiculelor electrice mfrh original","src":"https:\/\/i0.wp.com\/diagnozabam.ro\/sfaturi\/wp-content\/uploads\/2024\/01\/nissan-dezvaluie-bomba-anului-noul-model-nismo-ariya-promite-sa-redefineasca-standardul-vehiculelor-electrice-mfrh-original.webp?resize=350%2C200&ssl=1","width":350,"height":200,"srcset":"https:\/\/i0.wp.com\/diagnozabam.ro\/sfaturi\/wp-content\/uploads\/2024\/01\/nissan-dezvaluie-bomba-anului-noul-model-nismo-ariya-promite-sa-redefineasca-standardul-vehiculelor-electrice-mfrh-original.webp?resize=350%2C200&ssl=1 1x, https:\/\/i0.wp.com\/diagnozabam.ro\/sfaturi\/wp-content\/uploads\/2024\/01\/nissan-dezvaluie-bomba-anului-noul-model-nismo-ariya-promite-sa-redefineasca-standardul-vehiculelor-electrice-mfrh-original.webp?resize=525%2C300&ssl=1 1.5x, https:\/\/i0.wp.com\/diagnozabam.ro\/sfaturi\/wp-content\/uploads\/2024\/01\/nissan-dezvaluie-bomba-anului-noul-model-nismo-ariya-promite-sa-redefineasca-standardul-vehiculelor-electrice-mfrh-original.webp?resize=700%2C400&ssl=1 2x"},"classes":[]},{"id":44664,"url":"https:\/\/diagnozabam.ro\/sfaturi\/ro\/blog\/noul-nissan-skyline-v6-biturbo-vine-in-aceasta-iarna\/","url_meta":{"origin":46963,"position":1},"title":"Noul Nissan Skyline: V6 Biturbo vine \u00een aceast\u0103 iarn\u0103","author":"Bejenaru Alexandru Ionut","date":"20 iunie 2026","format":false,"excerpt":"Rena\u0219terea unei legende JDM: Totul despre noul Nissan Skyline \u2013 Dezvoltare record \u00een 26 de luni, motor V6 Biturbo de 420 CP \u0219i op\u021biune de cutie manual\u0103 1. Introducere: Importan\u021ba numelui Skyline \u00een istoria auto universal\u0103 Pu\u021bine nume din industria cinematografic\u0103, digital\u0103 \u0219i automobilistic\u0103 rezoneaz\u0103 la fel de puternic \u00een\u2026","rel":"","context":"\u00cen \u201e\u0218tiri\u201d","block_context":{"text":"\u0218tiri","link":"https:\/\/diagnozabam.ro\/sfaturi\/ro\/category\/stiri\/"},"img":{"alt_text":"Nissan Skyline Sportlimousine","src":"https:\/\/i0.wp.com\/diagnozabam.ro\/sfaturi\/wp-content\/uploads\/2026\/06\/2027-nissan-skyline-sportlimousine_5.webp?resize=350%2C200&ssl=1","width":350,"height":200,"srcset":"https:\/\/i0.wp.com\/diagnozabam.ro\/sfaturi\/wp-content\/uploads\/2026\/06\/2027-nissan-skyline-sportlimousine_5.webp?resize=350%2C200&ssl=1 1x, https:\/\/i0.wp.com\/diagnozabam.ro\/sfaturi\/wp-content\/uploads\/2026\/06\/2027-nissan-skyline-sportlimousine_5.webp?resize=525%2C300&ssl=1 1.5x, https:\/\/i0.wp.com\/diagnozabam.ro\/sfaturi\/wp-content\/uploads\/2026\/06\/2027-nissan-skyline-sportlimousine_5.webp?resize=700%2C400&ssl=1 2x, https:\/\/i0.wp.com\/diagnozabam.ro\/sfaturi\/wp-content\/uploads\/2026\/06\/2027-nissan-skyline-sportlimousine_5.webp?resize=1050%2C600&ssl=1 3x, https:\/\/i0.wp.com\/diagnozabam.ro\/sfaturi\/wp-content\/uploads\/2026\/06\/2027-nissan-skyline-sportlimousine_5.webp?resize=1400%2C800&ssl=1 4x"},"classes":[]},{"id":9100,"url":"https:\/\/diagnozabam.ro\/sfaturi\/ro\/blog\/performanta-exceptionala-pentru-nissan-gt-r-vanzarile-au-inregistrat-o-crestere-impresionanta-de-584-in-2023\/","url_meta":{"origin":46963,"position":2},"title":"Performan\u021b\u0103 Excep\u021bional\u0103 pentru Nissan GT-R: V\u00e2nz\u0103rile Au \u00cenregistrat o Cre\u0219tere Impresionant\u0103 de 584% \u00een 2023","author":"Bejenaru Alexandru Ionut","date":"7 ianuarie 2024","format":false,"excerpt":"Nissan GT-R, cunoscut \u0219i sub numele de \"Godzilla\" datorit\u0103 performan\u021belor sale impresionante, a avut un an remarcabil \u00een 2023, cu o cre\u0219tere exponen\u021bial\u0103 a v\u00e2nz\u0103rilor de 584%. Dac\u0103 \u00een 2022\u2026","rel":"","context":"\u00cen \u201eAuto-RO\u201d","block_context":{"text":"Auto-RO","link":"https:\/\/diagnozabam.ro\/sfaturi\/ro\/category\/auto\/"},"img":{"alt_text":"performanta exceptionala pentru nissan gt r vanzarile au inregistrat o crestere impresionanta de 584 in 2023 mfrh original","src":"https:\/\/i0.wp.com\/diagnozabam.ro\/sfaturi\/wp-content\/uploads\/2024\/01\/performanta-exceptionala-pentru-nissan-gt-r-vanzarile-au-inregistrat-o-crestere-impresionanta-de-584-in-2023-mfrh-original.webp?resize=350%2C200&ssl=1","width":350,"height":200,"srcset":"https:\/\/i0.wp.com\/diagnozabam.ro\/sfaturi\/wp-content\/uploads\/2024\/01\/performanta-exceptionala-pentru-nissan-gt-r-vanzarile-au-inregistrat-o-crestere-impresionanta-de-584-in-2023-mfrh-original.webp?resize=350%2C200&ssl=1 1x, https:\/\/i0.wp.com\/diagnozabam.ro\/sfaturi\/wp-content\/uploads\/2024\/01\/performanta-exceptionala-pentru-nissan-gt-r-vanzarile-au-inregistrat-o-crestere-impresionanta-de-584-in-2023-mfrh-original.webp?resize=525%2C300&ssl=1 1.5x, https:\/\/i0.wp.com\/diagnozabam.ro\/sfaturi\/wp-content\/uploads\/2024\/01\/performanta-exceptionala-pentru-nissan-gt-r-vanzarile-au-inregistrat-o-crestere-impresionanta-de-584-in-2023-mfrh-original.webp?resize=700%2C400&ssl=1 2x"},"classes":[]},{"id":13217,"url":"https:\/\/diagnozabam.ro\/sfaturi\/ro\/blog\/mitsubishi-isi-pastreaza-independenta-nu-se-va-alatura-aliantei-honda-nissan\/","url_meta":{"origin":46963,"position":3},"title":"Mitsubishi \u00ee\u0219i p\u0103streaz\u0103 independen\u021ba: Nu se va al\u0103tura alian\u021bei Honda-Nissan","author":"Bejenaru Alexandru Ionut","date":"26 februarie 2025","format":false,"excerpt":"Mitsubishi \u00ee\u0219i p\u0103streaz\u0103 independen\u021ba: Nu se va al\u0103tura alian\u021bei Honda-Nissan Produc\u0103torul japonez Mitsubishi Motors pare s\u0103 fi luat decizia de a nu se al\u0103tura alian\u021bei strategice dintre Honda \u0219i Nissan,\u2026","rel":"","context":"\u00cen \u201e\u0218tiri\u201d","block_context":{"text":"\u0218tiri","link":"https:\/\/diagnozabam.ro\/sfaturi\/ro\/category\/stiri\/"},"img":{"alt_text":"mitsubishi isi pastreaza independenta nu se va alatura aliantei honda nissan","src":"https:\/\/i0.wp.com\/diagnozabam.ro\/sfaturi\/wp-content\/uploads\/2025\/01\/mitsubishi-isi-pastreaza-independenta-nu-se-va-alatura-aliantei-honda-nissan.webp?resize=350%2C200&ssl=1","width":350,"height":200,"srcset":"https:\/\/i0.wp.com\/diagnozabam.ro\/sfaturi\/wp-content\/uploads\/2025\/01\/mitsubishi-isi-pastreaza-independenta-nu-se-va-alatura-aliantei-honda-nissan.webp?resize=350%2C200&ssl=1 1x, https:\/\/i0.wp.com\/diagnozabam.ro\/sfaturi\/wp-content\/uploads\/2025\/01\/mitsubishi-isi-pastreaza-independenta-nu-se-va-alatura-aliantei-honda-nissan.webp?resize=525%2C300&ssl=1 1.5x, https:\/\/i0.wp.com\/diagnozabam.ro\/sfaturi\/wp-content\/uploads\/2025\/01\/mitsubishi-isi-pastreaza-independenta-nu-se-va-alatura-aliantei-honda-nissan.webp?resize=700%2C400&ssl=1 2x, https:\/\/i0.wp.com\/diagnozabam.ro\/sfaturi\/wp-content\/uploads\/2025\/01\/mitsubishi-isi-pastreaza-independenta-nu-se-va-alatura-aliantei-honda-nissan.webp?resize=1050%2C600&ssl=1 3x"},"classes":[]},{"id":14117,"url":"https:\/\/diagnozabam.ro\/sfaturi\/ro\/blog\/nissan-n7-sedanul-electric-cu-design-aerodinamic-si-performanta-puternica-pentru-piata-chinei\/","url_meta":{"origin":46963,"position":4},"title":"Nissan N7: Sedanul Electric Nissan pentru China","author":"Bejenaru Alexandru Ionut","date":"8 aprilie 2025","format":false,"excerpt":"Nissan N7: Sedanul Electric cu Design Aerodinamic \u0219i Performan\u021b\u0103 Puternic\u0103 pentru Pia\u021ba Chinei Nissan N7 este un sedan electric de ultim\u0103 genera\u021bie, prezentat la Salonul Auto de la Guangzhou. Urmeaz\u0103 s\u0103 fie lansat pe pia\u021ba din China \u00een prima jum\u0103tate a anului 2025. Modelul face parte dintr-un parteneriat \u00eentre Nissan\u2026","rel":"","context":"\u00cen \u201e\u0218tiri\u201d","block_context":{"text":"\u0218tiri","link":"https:\/\/diagnozabam.ro\/sfaturi\/ro\/category\/stiri\/"},"img":{"alt_text":"2025 Dongfeng Nissan N7 Limousine 9","src":"https:\/\/i0.wp.com\/diagnozabam.ro\/sfaturi\/wp-content\/uploads\/2025\/03\/2025-Dongfeng-Nissan-N7-Limousine-9.webp?resize=350%2C200&ssl=1","width":350,"height":200,"srcset":"https:\/\/i0.wp.com\/diagnozabam.ro\/sfaturi\/wp-content\/uploads\/2025\/03\/2025-Dongfeng-Nissan-N7-Limousine-9.webp?resize=350%2C200&ssl=1 1x, https:\/\/i0.wp.com\/diagnozabam.ro\/sfaturi\/wp-content\/uploads\/2025\/03\/2025-Dongfeng-Nissan-N7-Limousine-9.webp?resize=525%2C300&ssl=1 1.5x, https:\/\/i0.wp.com\/diagnozabam.ro\/sfaturi\/wp-content\/uploads\/2025\/03\/2025-Dongfeng-Nissan-N7-Limousine-9.webp?resize=700%2C400&ssl=1 2x"},"classes":[]},{"id":44584,"url":"https:\/\/diagnozabam.ro\/sfaturi\/ro\/blog\/rolls-royce-cullinan-series-ii-black-bison\/","url_meta":{"origin":46963,"position":5},"title":"Rolls-Royce Cullinan Series II Black Bison","author":"Bejenaru Alexandru Ionut","date":"17 iunie 2026","format":false,"excerpt":"Arogan\u021b\u0103 \u00een stil japonez! Rolls-Royce Cullinan Series II prime\u0219te tratamentul \u201eBlack Bison\u201d de la Wald International: Carbon, jante pe 24 inch \u0219i o prezen\u021b\u0103 mafiot\u0103 Introducere: Reinterpretarea radical\u0103 a faceliftului Series II De la lansarea sa oficial\u0103 \u00een 2018, Rolls-Royce Cullinan s-a impus drept regele incontestabil al SUV-urilor de ultra-lux,\u2026","rel":"","context":"\u00cen \u201e\u0218tiri\u201d","block_context":{"text":"\u0218tiri","link":"https:\/\/diagnozabam.ro\/sfaturi\/ro\/category\/stiri\/"},"img":{"alt_text":"Wald International Rolls Royce Cullinan Series II e","src":"https:\/\/i0.wp.com\/diagnozabam.ro\/sfaturi\/wp-content\/uploads\/2026\/06\/wald-international-2026-rolls-royce-cullinan-series-ii_3-e1781074446309.webp?resize=350%2C200&ssl=1","width":350,"height":200,"srcset":"https:\/\/i0.wp.com\/diagnozabam.ro\/sfaturi\/wp-content\/uploads\/2026\/06\/wald-international-2026-rolls-royce-cullinan-series-ii_3-e1781074446309.webp?resize=350%2C200&ssl=1 1x, https:\/\/i0.wp.com\/diagnozabam.ro\/sfaturi\/wp-content\/uploads\/2026\/06\/wald-international-2026-rolls-royce-cullinan-series-ii_3-e1781074446309.webp?resize=525%2C300&ssl=1 1.5x, https:\/\/i0.wp.com\/diagnozabam.ro\/sfaturi\/wp-content\/uploads\/2026\/06\/wald-international-2026-rolls-royce-cullinan-series-ii_3-e1781074446309.webp?resize=700%2C400&ssl=1 2x, https:\/\/i0.wp.com\/diagnozabam.ro\/sfaturi\/wp-content\/uploads\/2026\/06\/wald-international-2026-rolls-royce-cullinan-series-ii_3-e1781074446309.webp?resize=1050%2C600&ssl=1 3x, https:\/\/i0.wp.com\/diagnozabam.ro\/sfaturi\/wp-content\/uploads\/2026\/06\/wald-international-2026-rolls-royce-cullinan-series-ii_3-e1781074446309.webp?resize=1400%2C800&ssl=1 4x"},"classes":[]}],"jetpack_shortlink":"https:\/\/wp.me\/pf97go-cdt","jetpack_featured_media_url":"https:\/\/diagnozabam.ro\/sfaturi\/wp-content\/uploads\/2026\/08\/nissan-note-aura-nismo-black-limited-4.webp","pll_sync_post":[],"_links":{"self":[{"href":"https:\/\/diagnozabam.ro\/sfaturi\/wp-json\/wp\/v2\/posts\/46963","targetHints":{"allow":["GET"]}}],"collection":[{"href":"https:\/\/diagnozabam.ro\/sfaturi\/wp-json\/wp\/v2\/posts"}],"about":[{"href":"https:\/\/diagnozabam.ro\/sfaturi\/wp-json\/wp\/v2\/types\/post"}],"author":[{"embeddable":true,"href":"https:\/\/diagnozabam.ro\/sfaturi\/wp-json\/wp\/v2\/users\/1"}],"replies":[{"embeddable":true,"href":"https:\/\/diagnozabam.ro\/sfaturi\/wp-json\/wp\/v2\/comments?post=46963"}],"version-history":[{"count":1,"href":"https:\/\/diagnozabam.ro\/sfaturi\/wp-json\/wp\/v2\/posts\/46963\/revisions"}],"predecessor-version":[{"id":46972,"href":"https:\/\/diagnozabam.ro\/sfaturi\/wp-json\/wp\/v2\/posts\/46963\/revisions\/46972"}],"wp:featuredmedia":[{"embeddable":true,"href":"https:\/\/diagnozabam.ro\/sfaturi\/wp-json\/wp\/v2\/media\/46971"}],"wp:attachment":[{"href":"https:\/\/diagnozabam.ro\/sfaturi\/wp-json\/wp\/v2\/media?parent=46963"}],"wp:term":[{"taxonomy":"category","embeddable":true,"href":"https:\/\/diagnozabam.ro\/sfaturi\/wp-json\/wp\/v2\/categories?post=46963"},{"taxonomy":"post_tag","embeddable":true,"href":"https:\/\/diagnozabam.ro\/sfaturi\/wp-json\/wp\/v2\/tags?post=46963"}],"curies":[{"name":"wp","href":"https:\/\/api.w.org\/{rel}","templated":true}]}}