{"id":47029,"date":"2026-08-31T23:59:14","date_gmt":"2026-08-31T20:59:14","guid":{"rendered":"https:\/\/diagnozabam.ro\/sfaturi\/?p=47029"},"modified":"2026-08-31T23:59:14","modified_gmt":"2026-08-31T20:59:14","slug":"bmw-m3-touring-g81-orange-racheta-de-asfalt-cu-design-24h","status":"publish","type":"post","link":"https:\/\/diagnozabam.ro\/sfaturi\/ro\/blog\/bmw-m3-touring-g81-orange-racheta-de-asfalt-cu-design-24h\/","title":{"rendered":"BMW M3 Touring G81 Orange: Racheta de Asfalt cu Design 24H!"},"content":{"rendered":"<h2 data-path-to-node=\"2\">BMW M3 Touring G81: Monstrul Break \u00een Nuan\u021b\u0103 Metallic Orange Care R\u0103sfa\u021b\u0103 Pasiunile Motorsport<\/h2>\n<p data-path-to-node=\"3\">Aceast\u0103 genera\u021bie <a href=\"https:\/\/diagnozabam.ro\/sfaturi\/ro\/blog\/bmw-x5m-lci-putere-si-eleganta-la-superlativ\/\">BMW<\/a> <a href=\"https:\/\/diagnozabam.ro\/sfaturi\/ro\/blog\/bmw-m3-touring-electric-detalii-concept\/\">M3 Touring<\/a> (G81) refuz\u0103 definitiv s\u0103 fie discret\u0103 pe \u0219osea. \u00centr-o lume a break-urilor de performan\u021b\u0103 dominate de nuan\u021be cumin\u021bi de gri sau negru, acest exemplar aplic\u0103 o re\u021bet\u0103 vizual\u0103 extrem de \u00eendr\u0103znea\u021b\u0103. Colantarea integral\u0103 \u00een nuan\u021ba Metallic Orange (Oracal mandarin\/970) atrage instantaneu toate privirile, \u00een timp ce elementele negre de contrast ofer\u0103 o baz\u0103 muscular\u0103 \u00eentregului ansamblu.<\/p>\n<p data-path-to-node=\"4\">Rezultatul este un vehicul extrem de sportiv, modern \u0219i perfect echilibrat estetic. Combina\u021bia dintre portocaliul aprins \u0219i suprafe\u021bele \u00eentunecate ofer\u0103 break-ului o prezen\u021b\u0103 impun\u0103toare, imposibil de ignorat. Ma\u0219ina demonstreaz\u0103 cum o schimbare cromatic\u0103 executat\u0103 cu aten\u021bie poate transforma un <a href=\"https:\/\/diagnozabam.ro\/sfaturi\/ro\/blog\/hyundai-elantra-kombi-randarea-kelsonik-care-uimeste-fanii\/\">model de serie<\/a> \u00eentr-o apari\u021bie memorabil\u0103.<\/p>\n<h2 data-path-to-node=\"6\">Metallic Orange \u0219i Plafon Negru: Contrast Inspirat din Cursa de 24 de Ore<\/h2>\n<p data-path-to-node=\"7\">Subiectul central al acestui proiect este colantarea integral\u0103 de \u00eenalt\u0103 precizie. Nuan\u021ba Metallic Orange \u00eembrac\u0103 toate panourile caroseriei, oferind o ad\u00e2ncime spectaculoas\u0103 a culorii \u00een func\u021bie de modul \u00een care lumina cade pe suprafe\u021bele sculptate ale ma\u0219inii. Plafonul de culoare neagr\u0103 ofer\u0103 un contrast puternic, f\u0103c\u00e2nd silueta break-ului s\u0103 par\u0103 mult mai cobor\u00e2t\u0103 \u0219i mai agresiv\u0103.<\/p>\n<p data-path-to-node=\"8\">Elementul cu adev\u0103rat fascinant este tranzi\u021bia grafic\u0103 dintre plafonul negru \u0219i zona portocalie din spate. Aceast\u0103 linie simuleaz\u0103 vizual pozi\u021bia eleronului masiv de pe modelul de concurs <a href=\"https:\/\/diagnozabam.ro\/sfaturi\/ro\/blog\/bmw-x5m-lci-putere-si-eleganta-la-superlativ\/\">BMW<\/a> <a href=\"https:\/\/diagnozabam.ro\/sfaturi\/ro\/blog\/bmw-m3-touring-electric-detalii-concept\/\">M3 Touring<\/a> 24H. Folierea nu este doar o simpl\u0103 alegere de culoare, ci spune o poveste vizual\u0103, transform\u00e2nd acest G81 \u00eentr-o interpretare unic\u0103 orientat\u0103 c\u0103tre motorsport.<\/p>\n<blockquote class=\"wp-embedded-content\" data-secret=\"LF4gao7PPl\"><p><a href=\"https:\/\/diagnozabam.ro\/sfaturi\/blog\/new-toyota-mid-engine-prototype\/\">New Toyota Mid-Engine Prototype<\/a><\/p><\/blockquote>\n<p><iframe class=\"wp-embedded-content\" sandbox=\"allow-scripts\" security=\"restricted\" style=\"position: absolute; visibility: hidden;\" title=\"\u201eNew Toyota Mid-Engine Prototype\u201d \u2013 Diagnoza BAM\" src=\"https:\/\/diagnozabam.ro\/sfaturi\/blog\/new-toyota-mid-engine-prototype\/embed\/#?secret=bcjeaAow50#?secret=LF4gao7PPl\" data-secret=\"LF4gao7PPl\" width=\"600\" height=\"338\" frameborder=\"0\" marginwidth=\"0\" marginheight=\"0\" scrolling=\"no\"><\/iframe><\/p>\n<h3 data-path-to-node=\"9\">Detaliile Exclusiviste ale Pachetului de Colantare<\/h3>\n<ul data-path-to-node=\"10\">\n<li>\n<p data-path-to-node=\"10,0,0\"><b data-path-to-node=\"10,0,0\" data-index-in-node=\"0\">Folie Premium Oracal Mandarin (970):<\/b> finisaj metalizat de \u00eenalt\u0103 calitate cu reflexii intense la lumin\u0103 solar\u0103.<\/p>\n<\/li>\n<li>\n<p data-path-to-node=\"10,1,0\"><b data-path-to-node=\"10,1,0\" data-index-in-node=\"0\">Plafon Negru cu Tranzi\u021bie Grafic\u0103:<\/b> omagiu direct adus eleronului spate de pe versiunea de curse <a href=\"https:\/\/diagnozabam.ro\/sfaturi\/ro\/blog\/bmw-m3-touring-electric-detalii-concept\/\">M3 Touring<\/a> 24H.<\/p>\n<\/li>\n<li>\n<p data-path-to-node=\"10,2,0\"><b data-path-to-node=\"10,2,0\" data-index-in-node=\"0\">Elemente Personalizate Imprimate:<\/b> num\u0103rul de concurs 81 integrat direct \u00een structura foliei de pe caroserie.<\/p>\n<\/li>\n<li>\n<p data-path-to-node=\"10,3,0\"><b data-path-to-node=\"10,3,0\" data-index-in-node=\"0\">Simbolism Personalizat:<\/b> marcaj discret sub form\u0103 de rechin imprimat \u00een folie, reprezent\u00e2nd emblema companiei proprietarului.<\/p>\n<\/li>\n<\/ul>\n<h2 data-path-to-node=\"12\">Aten\u021bie la Detalii: Omagiu Motorsport P\u00e2n\u0103 la Ultimul Milimetru<\/h2>\n<p data-path-to-node=\"13\">Obsesia pentru perfec\u021biune se observ\u0103 cel mai bine la nivelul detaliilor secundare. Capacele centrale ale jantelor au fost personalizate \u00een culoarea caroseriei, iar carcasele oglinzilor M poart\u0103 accente portocalii integrate discret. De asemenea, emblemele <a href=\"https:\/\/diagnozabam.ro\/sfaturi\/ro\/blog\/bmw-x5m-lci-putere-si-eleganta-la-superlativ\/\">BMW<\/a> din fa\u021b\u0103 \u0219i din spate combin\u0103 nuan\u021bele de portocaliu \u0219i negru, elimin\u00e2nd orice element care ar putea p\u0103rea nepotrivit.<\/p>\n<p data-path-to-node=\"14\">Num\u0103rul de start 81 este \u0219tan\u021bat direct \u00een folie, oferind o trimitere subtil\u0103 la modelul de competi\u021bie. Proiectul nu \u00eencearc\u0103 s\u0103 fie o copie fidel\u0103 a ma\u0219inii de curse, ci mai degrab\u0103 o omagiu matur care transpune elemente legendare ale diviziei M pe un <a href=\"https:\/\/diagnozabam.ro\/sfaturi\/ro\/blog\/break-sau-berlina-alegerea-perfecta-pentru-stilul-tau-de-viata\/\">break<\/a> de strad\u0103 utilizabil zi de zi.<\/p>\n<blockquote data-path-to-node=\"15\">\n<p data-path-to-node=\"15,0\">\u2139\ufe0f Technical Note: Procedeul de emboss (imprimare\/\u0219tan\u021bare \u00een relief sub folie) permite integrarea grafic\u0103 a num\u0103rului de concurs \u0219i a logo-ului personalizat f\u0103r\u0103 a folosi stickere aplicate ulterior. Aceast\u0103 tehnic\u0103 ofer\u0103 o suprafa\u021b\u0103 perfect neted\u0103 \u0219i protejeaz\u0103 elementele grafice pe termen lung.<\/p>\n<\/blockquote>\n<h2 data-path-to-node=\"17\">Analiz\u0103 Comparativ\u0103: BMW M3 Touring Standard vs. M3 Touring G81 Custom<\/h2>\n<table data-path-to-node=\"18\">\n<thead>\n<tr>\n<td><strong>Parametru \/ Echipare<\/strong><\/td>\n<td><strong><a href=\"https:\/\/diagnozabam.ro\/sfaturi\/ro\/blog\/bmw-x5m-lci-putere-si-eleganta-la-superlativ\/\">BMW<\/a> <a href=\"https:\/\/diagnozabam.ro\/sfaturi\/ro\/blog\/bmw-m3-touring-electric-detalii-concept\/\">M3 Touring<\/a> G81 (Serie)<\/strong><\/td>\n<td><strong><a href=\"https:\/\/diagnozabam.ro\/sfaturi\/ro\/blog\/bmw-x5m-lci-putere-si-eleganta-la-superlativ\/\">BMW<\/a> <a href=\"https:\/\/diagnozabam.ro\/sfaturi\/ro\/blog\/bmw-m3-touring-electric-detalii-concept\/\">M3 Touring<\/a> G81 <a href=\"https:\/\/diagnozabam.ro\/sfaturi\/ro\/blog\/intercooler-oem-vs-custom-diferente-reale-si-performanta\/\">Custom<\/a> 24H<\/strong><\/td>\n<\/tr>\n<\/thead>\n<tbody>\n<tr>\n<td><span data-path-to-node=\"18,1,0,0\"><b data-path-to-node=\"18,1,0,0\" data-index-in-node=\"0\">Concept Cromatic<\/b><\/span><\/td>\n<td><span data-path-to-node=\"18,1,1,0\">Culori standard din gama M (M Brooklyn Grey etc.)<\/span><\/td>\n<td><span data-path-to-node=\"18,1,2,0\"><b data-path-to-node=\"18,1,2,0\" data-index-in-node=\"0\">Metallic Orange (Oracal 970) + Plafon Negru<\/b><\/span><\/td>\n<\/tr>\n<tr>\n<td><span data-path-to-node=\"18,2,0,0\"><b data-path-to-node=\"18,2,0,0\" data-index-in-node=\"0\">Grafic\u0103 Caroserie<\/b><\/span><\/td>\n<td><span data-path-to-node=\"18,2,1,0\">F\u0103r\u0103 elemente grafice speciale<\/span><\/td>\n<td><span data-path-to-node=\"18,2,2,0\"><b data-path-to-node=\"18,2,2,0\" data-index-in-node=\"0\">Tranzi\u021bie vizual\u0103 eleron 24H + Num\u0103r 81 \u0219tan\u021bat<\/b><\/span><\/td>\n<\/tr>\n<tr>\n<td><span data-path-to-node=\"18,3,0,0\"><b data-path-to-node=\"18,3,0,0\" data-index-in-node=\"0\">Oglinzi \u0219i Embleme<\/b><\/span><\/td>\n<td><span data-path-to-node=\"18,3,1,0\">Finisaj negru lucios \/ Carbon de serie<\/span><\/td>\n<td><span data-path-to-node=\"18,3,2,0\"><b data-path-to-node=\"18,3,2,0\" data-index-in-node=\"0\">Accente portocalii pe oglinzi \u0219i embleme bicolore<\/b><\/span><\/td>\n<\/tr>\n<tr>\n<td><span data-path-to-node=\"18,4,0,0\"><b data-path-to-node=\"18,4,0,0\" data-index-in-node=\"0\">Capace Central Jante<\/b><\/span><\/td>\n<td><span data-path-to-node=\"18,4,1,0\">Embleme standard <a href=\"https:\/\/diagnozabam.ro\/sfaturi\/ro\/blog\/bmw-x5m-lci-putere-si-eleganta-la-superlativ\/\">BMW<\/a> \/ M 50 Jahre<\/span><\/td>\n<td><span data-path-to-node=\"18,4,2,0\"><b data-path-to-node=\"18,4,2,0\" data-index-in-node=\"0\">Capace jante personalizate \u00een nuan\u021ba caroseriei<\/b><\/span><\/td>\n<\/tr>\n<tr>\n<td><span data-path-to-node=\"18,5,0,0\"><b data-path-to-node=\"18,5,0,0\" data-index-in-node=\"0\">Identitate Vizual\u0103<\/b><\/span><\/td>\n<td><span data-path-to-node=\"18,5,1,0\"><a href=\"https:\/\/diagnozabam.ro\/sfaturi\/ro\/blog\/break-sau-berlina-alegerea-perfecta-pentru-stilul-tau-de-viata\/\">Break<\/a> sportiv premium<\/span><\/td>\n<td><span data-path-to-node=\"18,5,2,0\"><b data-path-to-node=\"18,5,2,0\" data-index-in-node=\"0\">Exemplar unicat cu influen\u021be directe din motorsport<\/b><\/span><\/td>\n<\/tr>\n<\/tbody>\n<\/table>\n<blockquote data-path-to-node=\"19\">\n<p data-path-to-node=\"19,0\">\u26a0\ufe0f WARNING: Folierea integral\u0103 a fost realizat\u0103 la comand\u0103 pentru acest exemplar G81. Elementele reliefate \u00een folie precum num\u0103rul de concurs \u0219i sigla personalizat\u0103 necesit\u0103 tehnici speciale de aplicare pentru a p\u0103stra garan\u021bia materialului Oracal 970.<\/p>\n<\/blockquote>\n<blockquote class=\"wp-embedded-content\" data-secret=\"Rd6P0AAVjC\"><p><a href=\"https:\/\/diagnozabam.ro\/sfaturi\/ro\/blog\/bmw-i4-m-cabrio-render-neue-klasse-de-1-000-cp\/\">BMW i4 M Cabrio: Render Neue Klasse de 1.000 CP<\/a><\/p><\/blockquote>\n<p><iframe class=\"wp-embedded-content\" sandbox=\"allow-scripts\" security=\"restricted\" style=\"position: absolute; visibility: hidden;\" title=\"\u201eBMW i4 M Cabrio: Render Neue Klasse de 1.000 CP\u201d \u2013 Diagnoza BAM\" src=\"https:\/\/diagnozabam.ro\/sfaturi\/ro\/blog\/bmw-i4-m-cabrio-render-neue-klasse-de-1-000-cp\/embed\/#?secret=Yqo4MAx3rF#?secret=Rd6P0AAVjC\" data-secret=\"Rd6P0AAVjC\" width=\"600\" height=\"338\" frameborder=\"0\" marginwidth=\"0\" marginheight=\"0\" scrolling=\"no\"><\/iframe><\/p>\n<h2 data-path-to-node=\"21\">Un Break de Performan\u021b\u0103 cu Personalitate de Supercar<\/h2>\n<p data-path-to-node=\"22\"><a href=\"https:\/\/diagnozabam.ro\/sfaturi\/ro\/blog\/bmw-x5m-lci-putere-si-eleganta-la-superlativ\/\">BMW<\/a> <a href=\"https:\/\/diagnozabam.ro\/sfaturi\/ro\/blog\/bmw-m3-touring-electric-detalii-concept\/\">M3 Touring<\/a> G81 este deja recunoscut drept unul dintre cele mai versatile \u0219i rapide break-uri construite vreodat\u0103. Combin\u00e2nd un <a href=\"https:\/\/diagnozabam.ro\/sfaturi\/ro\/blog\/motor-turbo-2\/\">motor<\/a> de 3.0 litri <a href=\"https:\/\/diagnozabam.ro\/sfaturi\/ro\/blog\/mercedes-s-klasse-coupe-designul-black-out-de-700-cp\/\">biturbo<\/a> cu \u0219ase cilindri \u00een linie \u0219i sistemul de <a href=\"https:\/\/diagnozabam.ro\/sfaturi\/ro\/blog\/citroen-2cv-sahara-masina-cu-doua-motoare\/\">trac\u021biune integral\u0103<\/a> M <a href=\"https:\/\/diagnozabam.ro\/sfaturi\/ro\/blog\/bmw-x5-g65-toate-detaliile-despre-noul-suv\/\">xDrive<\/a>, ma\u0219ina ofer\u0103 performan\u021be uluitoare \u00een orice condi\u021bii meteorologice.<\/p>\n<p data-path-to-node=\"23\">Aceast\u0103 versiune colantat\u0103 demonstreaz\u0103 c\u0103 pachetul tehnic de top poate fi \u00eembr\u0103cat \u00eentr-un design la fel de spectaculos. Trecerea de la un <a href=\"https:\/\/diagnozabam.ro\/sfaturi\/ro\/blog\/hyundai-elantra-kombi-randarea-kelsonik-care-uimeste-fanii\/\">model de serie<\/a> la un vehicul care aduce omagiu ma\u0219inii de curse <a href=\"https:\/\/diagnozabam.ro\/sfaturi\/ro\/blog\/bmw-m3-touring-electric-detalii-concept\/\">M3 Touring<\/a> 24H reprezint\u0103 o demonstra\u021bie pur\u0103 de pasiune auto. Ma\u0219ina r\u0103m\u00e2ne un <a href=\"https:\/\/diagnozabam.ro\/sfaturi\/ro\/blog\/break-sau-berlina-alegerea-perfecta-pentru-stilul-tau-de-viata\/\">break<\/a> practic de familie, dar cu o prezen\u021b\u0103 vizual\u0103 demn\u0103 de un supercar exclusiv.<\/p>\n<p data-path-to-node=\"23\">Sursa: <a href=\"https:\/\/www.tuningblog.eu\/tuning\/bmw-m3-touring-folierung-791067\/\">BMW M3 Touring (G81) in Metallic Orange als starke 24H-Hommage!<\/a><\/p>\n<div id='gallery-1' class='gallery galleryid-47029 gallery-columns-3 gallery-size-large'><figure class='gallery-item'>\n\t\t\t<div class='gallery-icon landscape'>\n\t\t\t\t<a title=\"BMW M Touring G Metallic Orange Vollfolierung\"  href='https:\/\/diagnozabam.ro\/sfaturi\/ro\/blog\/bmw-m3-touring-g81-orange-racheta-de-asfalt-cu-design-24h\/bmw-m3-touring-g81-metallic-orange-vollfolierung\/'><img decoding=\"async\" width=\"1600\" height=\"1200\" src=\"https:\/\/diagnozabam.ro\/sfaturi\/wp-content\/uploads\/2026\/08\/bmw-m3-touring-g81-metallic-orange-vollfolierung.webp\" class=\"attachment-large size-large\" alt=\"BMW M Touring G Metallic Orange Vollfolierung\" aria-describedby=\"gallery-1-47031\" srcset=\"https:\/\/diagnozabam.ro\/sfaturi\/wp-content\/uploads\/2026\/08\/bmw-m3-touring-g81-metallic-orange-vollfolierung.webp 1600w, https:\/\/diagnozabam.ro\/sfaturi\/wp-content\/uploads\/2026\/08\/bmw-m3-touring-g81-metallic-orange-vollfolierung-768x576.webp 768w, https:\/\/diagnozabam.ro\/sfaturi\/wp-content\/uploads\/2026\/08\/bmw-m3-touring-g81-metallic-orange-vollfolierung-1536x1152.webp 1536w\" sizes=\"(max-width: 1600px) 100vw, 1600px\" \/><\/a>\n\t\t\t<\/div>\n\t\t\t\t<figcaption class='wp-caption-text gallery-caption' id='gallery-1-47031'>\n\t\t\t\t<a href=\"https:\/\/diagnozabam.ro\/sfaturi\/ro\/blog\/bmw-x5m-lci-putere-si-eleganta-la-superlativ\/\">BMW<\/a> M Touring G Metallic Orange Vollfolierung\n\t\t\t\t<\/figcaption><\/figure><figure class='gallery-item'>\n\t\t\t<div class='gallery-icon landscape'>\n\t\t\t\t<a title=\"BMW M Touring G Metallic Orange Vollfolierung\"  href='https:\/\/diagnozabam.ro\/sfaturi\/ro\/blog\/bmw-m3-touring-g81-orange-racheta-de-asfalt-cu-design-24h\/bmw-m3-touring-g81-metallic-orange-vollfolierung_7\/'><img decoding=\"async\" width=\"1600\" height=\"1200\" src=\"https:\/\/diagnozabam.ro\/sfaturi\/wp-content\/uploads\/2026\/08\/bmw-m3-touring-g81-metallic-orange-vollfolierung_7.webp\" class=\"attachment-large size-large\" alt=\"BMW M Touring G Metallic Orange Vollfolierung\" aria-describedby=\"gallery-1-47036\" srcset=\"https:\/\/diagnozabam.ro\/sfaturi\/wp-content\/uploads\/2026\/08\/bmw-m3-touring-g81-metallic-orange-vollfolierung_7.webp 1600w, https:\/\/diagnozabam.ro\/sfaturi\/wp-content\/uploads\/2026\/08\/bmw-m3-touring-g81-metallic-orange-vollfolierung_7-768x576.webp 768w, https:\/\/diagnozabam.ro\/sfaturi\/wp-content\/uploads\/2026\/08\/bmw-m3-touring-g81-metallic-orange-vollfolierung_7-1536x1152.webp 1536w\" sizes=\"(max-width: 1600px) 100vw, 1600px\" \/><\/a>\n\t\t\t<\/div>\n\t\t\t\t<figcaption class='wp-caption-text gallery-caption' id='gallery-1-47036'>\n\t\t\t\t<a href=\"https:\/\/diagnozabam.ro\/sfaturi\/ro\/blog\/bmw-x5m-lci-putere-si-eleganta-la-superlativ\/\">BMW<\/a> M Touring G Metallic Orange Vollfolierung\n\t\t\t\t<\/figcaption><\/figure><figure class='gallery-item'>\n\t\t\t<div class='gallery-icon landscape'>\n\t\t\t\t<a title=\"BMW M Touring G Metallic Orange Vollfolierung\"  href='https:\/\/diagnozabam.ro\/sfaturi\/ro\/blog\/bmw-m3-touring-g81-orange-racheta-de-asfalt-cu-design-24h\/bmw-m3-touring-g81-metallic-orange-vollfolierung_3\/'><img decoding=\"async\" width=\"1600\" height=\"1200\" src=\"https:\/\/diagnozabam.ro\/sfaturi\/wp-content\/uploads\/2026\/08\/bmw-m3-touring-g81-metallic-orange-vollfolierung_3.webp\" class=\"attachment-large size-large\" alt=\"BMW M Touring G Metallic Orange Vollfolierung\" aria-describedby=\"gallery-1-47033\" srcset=\"https:\/\/diagnozabam.ro\/sfaturi\/wp-content\/uploads\/2026\/08\/bmw-m3-touring-g81-metallic-orange-vollfolierung_3.webp 1600w, https:\/\/diagnozabam.ro\/sfaturi\/wp-content\/uploads\/2026\/08\/bmw-m3-touring-g81-metallic-orange-vollfolierung_3-768x576.webp 768w, https:\/\/diagnozabam.ro\/sfaturi\/wp-content\/uploads\/2026\/08\/bmw-m3-touring-g81-metallic-orange-vollfolierung_3-1536x1152.webp 1536w\" sizes=\"(max-width: 1600px) 100vw, 1600px\" \/><\/a>\n\t\t\t<\/div>\n\t\t\t\t<figcaption class='wp-caption-text gallery-caption' id='gallery-1-47033'>\n\t\t\t\t<a href=\"https:\/\/diagnozabam.ro\/sfaturi\/ro\/blog\/bmw-x5m-lci-putere-si-eleganta-la-superlativ\/\">BMW<\/a> M Touring G Metallic Orange Vollfolierung\n\t\t\t\t<\/figcaption><\/figure><figure class='gallery-item'>\n\t\t\t<div class='gallery-icon landscape'>\n\t\t\t\t<a title=\"BMW M Touring G Metallic Orange Vollfolierung\"  href='https:\/\/diagnozabam.ro\/sfaturi\/ro\/blog\/bmw-m3-touring-g81-orange-racheta-de-asfalt-cu-design-24h\/bmw-m3-touring-g81-metallic-orange-vollfolierung-1\/'><img decoding=\"async\" width=\"1600\" height=\"794\" src=\"https:\/\/diagnozabam.ro\/sfaturi\/wp-content\/uploads\/2026\/08\/bmw-m3-touring-g81-metallic-orange-vollfolierung-1.webp\" class=\"attachment-large size-large\" alt=\"BMW M Touring G Metallic Orange Vollfolierung\" aria-describedby=\"gallery-1-47037\" srcset=\"https:\/\/diagnozabam.ro\/sfaturi\/wp-content\/uploads\/2026\/08\/bmw-m3-touring-g81-metallic-orange-vollfolierung-1.webp 1600w, https:\/\/diagnozabam.ro\/sfaturi\/wp-content\/uploads\/2026\/08\/bmw-m3-touring-g81-metallic-orange-vollfolierung-1-768x381.webp 768w, https:\/\/diagnozabam.ro\/sfaturi\/wp-content\/uploads\/2026\/08\/bmw-m3-touring-g81-metallic-orange-vollfolierung-1-1536x762.webp 1536w\" sizes=\"(max-width: 1600px) 100vw, 1600px\" \/><\/a>\n\t\t\t<\/div>\n\t\t\t\t<figcaption class='wp-caption-text gallery-caption' id='gallery-1-47037'>\n\t\t\t\t<a href=\"https:\/\/diagnozabam.ro\/sfaturi\/ro\/blog\/bmw-x5m-lci-putere-si-eleganta-la-superlativ\/\">BMW<\/a> M Touring G Metallic Orange Vollfolierung\n\t\t\t\t<\/figcaption><\/figure><figure class='gallery-item'>\n\t\t\t<div class='gallery-icon landscape'>\n\t\t\t\t<a title=\"BMW M Touring G Metallic Orange Vollfolierung\"  href='https:\/\/diagnozabam.ro\/sfaturi\/ro\/blog\/bmw-m3-touring-g81-orange-racheta-de-asfalt-cu-design-24h\/bmw-m3-touring-g81-metallic-orange-vollfolierung_5\/'><img decoding=\"async\" width=\"1600\" height=\"1200\" src=\"https:\/\/diagnozabam.ro\/sfaturi\/wp-content\/uploads\/2026\/08\/bmw-m3-touring-g81-metallic-orange-vollfolierung_5.webp\" class=\"attachment-large size-large\" alt=\"BMW M Touring G Metallic Orange Vollfolierung\" aria-describedby=\"gallery-1-47035\" srcset=\"https:\/\/diagnozabam.ro\/sfaturi\/wp-content\/uploads\/2026\/08\/bmw-m3-touring-g81-metallic-orange-vollfolierung_5.webp 1600w, https:\/\/diagnozabam.ro\/sfaturi\/wp-content\/uploads\/2026\/08\/bmw-m3-touring-g81-metallic-orange-vollfolierung_5-768x576.webp 768w, https:\/\/diagnozabam.ro\/sfaturi\/wp-content\/uploads\/2026\/08\/bmw-m3-touring-g81-metallic-orange-vollfolierung_5-1536x1152.webp 1536w\" sizes=\"(max-width: 1600px) 100vw, 1600px\" \/><\/a>\n\t\t\t<\/div>\n\t\t\t\t<figcaption class='wp-caption-text gallery-caption' id='gallery-1-47035'>\n\t\t\t\t<a href=\"https:\/\/diagnozabam.ro\/sfaturi\/ro\/blog\/bmw-x5m-lci-putere-si-eleganta-la-superlativ\/\">BMW<\/a> M Touring G Metallic Orange Vollfolierung\n\t\t\t\t<\/figcaption><\/figure><figure class='gallery-item'>\n\t\t\t<div class='gallery-icon landscape'>\n\t\t\t\t<a title=\"BMW M Touring H e\"  href='https:\/\/diagnozabam.ro\/sfaturi\/ro\/blog\/bmw-m3-touring-g81-orange-racheta-de-asfalt-cu-design-24h\/bmw-m3-touring-24h_41-e1787569938178\/'><img decoding=\"async\" width=\"1600\" height=\"656\" src=\"https:\/\/diagnozabam.ro\/sfaturi\/wp-content\/uploads\/2026\/08\/bmw-m3-touring-24h_41-e1787569938178.webp\" class=\"attachment-large size-large\" alt=\"BMW M Touring H e\" aria-describedby=\"gallery-1-47030\" srcset=\"https:\/\/diagnozabam.ro\/sfaturi\/wp-content\/uploads\/2026\/08\/bmw-m3-touring-24h_41-e1787569938178.webp 1600w, https:\/\/diagnozabam.ro\/sfaturi\/wp-content\/uploads\/2026\/08\/bmw-m3-touring-24h_41-e1787569938178-768x315.webp 768w, https:\/\/diagnozabam.ro\/sfaturi\/wp-content\/uploads\/2026\/08\/bmw-m3-touring-24h_41-e1787569938178-1536x630.webp 1536w\" sizes=\"(max-width: 1600px) 100vw, 1600px\" \/><\/a>\n\t\t\t<\/div>\n\t\t\t\t<figcaption class='wp-caption-text gallery-caption' id='gallery-1-47030'>\n\t\t\t\t<a href=\"https:\/\/diagnozabam.ro\/sfaturi\/ro\/blog\/bmw-x5m-lci-putere-si-eleganta-la-superlativ\/\">BMW<\/a> M Touring H e\n\t\t\t\t<\/figcaption><\/figure><figure class='gallery-item'>\n\t\t\t<div class='gallery-icon landscape'>\n\t\t\t\t<a title=\"BMW M Touring G Metallic Orange Vollfolierung\"  href='https:\/\/diagnozabam.ro\/sfaturi\/ro\/blog\/bmw-m3-touring-g81-orange-racheta-de-asfalt-cu-design-24h\/bmw-m3-touring-g81-metallic-orange-vollfolierung_2\/'><img decoding=\"async\" width=\"1600\" height=\"1200\" src=\"https:\/\/diagnozabam.ro\/sfaturi\/wp-content\/uploads\/2026\/08\/bmw-m3-touring-g81-metallic-orange-vollfolierung_2.webp\" class=\"attachment-large size-large\" alt=\"BMW M Touring G Metallic Orange Vollfolierung\" aria-describedby=\"gallery-1-47032\" srcset=\"https:\/\/diagnozabam.ro\/sfaturi\/wp-content\/uploads\/2026\/08\/bmw-m3-touring-g81-metallic-orange-vollfolierung_2.webp 1600w, https:\/\/diagnozabam.ro\/sfaturi\/wp-content\/uploads\/2026\/08\/bmw-m3-touring-g81-metallic-orange-vollfolierung_2-768x576.webp 768w, https:\/\/diagnozabam.ro\/sfaturi\/wp-content\/uploads\/2026\/08\/bmw-m3-touring-g81-metallic-orange-vollfolierung_2-1536x1152.webp 1536w\" sizes=\"(max-width: 1600px) 100vw, 1600px\" \/><\/a>\n\t\t\t<\/div>\n\t\t\t\t<figcaption class='wp-caption-text gallery-caption' id='gallery-1-47032'>\n\t\t\t\t<a href=\"https:\/\/diagnozabam.ro\/sfaturi\/ro\/blog\/bmw-x5m-lci-putere-si-eleganta-la-superlativ\/\">BMW<\/a> M Touring G Metallic Orange Vollfolierung\n\t\t\t\t<\/figcaption><\/figure><figure class='gallery-item'>\n\t\t\t<div class='gallery-icon landscape'>\n\t\t\t\t<a title=\"BMW M Touring G Metallic Orange Vollfolierung\"  href='https:\/\/diagnozabam.ro\/sfaturi\/ro\/blog\/bmw-m3-touring-g81-orange-racheta-de-asfalt-cu-design-24h\/bmw-m3-touring-g81-metallic-orange-vollfolierung_4\/'><img decoding=\"async\" width=\"1600\" height=\"1200\" src=\"https:\/\/diagnozabam.ro\/sfaturi\/wp-content\/uploads\/2026\/08\/bmw-m3-touring-g81-metallic-orange-vollfolierung_4.webp\" class=\"attachment-large size-large\" alt=\"BMW M Touring G Metallic Orange Vollfolierung\" aria-describedby=\"gallery-1-47034\" srcset=\"https:\/\/diagnozabam.ro\/sfaturi\/wp-content\/uploads\/2026\/08\/bmw-m3-touring-g81-metallic-orange-vollfolierung_4.webp 1600w, https:\/\/diagnozabam.ro\/sfaturi\/wp-content\/uploads\/2026\/08\/bmw-m3-touring-g81-metallic-orange-vollfolierung_4-768x576.webp 768w, https:\/\/diagnozabam.ro\/sfaturi\/wp-content\/uploads\/2026\/08\/bmw-m3-touring-g81-metallic-orange-vollfolierung_4-1536x1152.webp 1536w\" sizes=\"(max-width: 1600px) 100vw, 1600px\" \/><\/a>\n\t\t\t<\/div>\n\t\t\t\t<figcaption class='wp-caption-text gallery-caption' id='gallery-1-47034'>\n\t\t\t\t<a href=\"https:\/\/diagnozabam.ro\/sfaturi\/ro\/blog\/bmw-x5m-lci-putere-si-eleganta-la-superlativ\/\">BMW<\/a> M Touring G Metallic Orange Vollfolierung\n\t\t\t\t<\/figcaption><\/figure>\n\t\t<\/div>\n\n","protected":false},"excerpt":{"rendered":"<p>BMW M3 Touring G81: Monstrul Break \u00een Nuan\u021b\u0103 Metallic Orange Care R\u0103sfa\u021b\u0103 Pasiunile Motorsport Aceast\u0103 genera\u021bie BMW M3 Touring (G81) refuz\u0103 definitiv s\u0103 fie discret\u0103 pe \u0219osea. \u00centr-o lume a break-urilor de performan\u021b\u0103 dominate de nuan\u021be cumin\u021bi de gri sau negru, acest exemplar aplic\u0103 o re\u021bet\u0103 vizual\u0103 extrem de \u00eendr\u0103znea\u021b\u0103. Colantarea integral\u0103 \u00een nuan\u021ba Metallic [&hellip;]<\/p>\n","protected":false},"author":1,"featured_media":47037,"comment_status":"open","ping_status":"open","sticky":false,"template":"","format":"standard","meta":{"_sitemap_exclude":false,"_sitemap_priority":"","_sitemap_frequency":"","footnotes":"","jetpack_publicize_message":"","jetpack_publicize_feature_enabled":true,"jetpack_social_post_already_shared":true,"jetpack_social_options":{"image_generator_settings":{"template":"highway","default_image_id":0,"font":"","enabled":false},"version":2},"jetpack_post_was_ever_published":false},"categories":[357],"tags":[179,54280,54274,54272,1112,54278,54166,54276],"class_list":["post-47029","post","type-post","status-publish","format-standard","has-post-thumbnail","hentry","category-stiri","tag-bmw","tag-breaksportiv","tag-g81","tag-m3touring","tag-motorsport","tag-oracal","tag-tuningauto","tag-wrapping"],"yoast_head":"<!-- This site is optimized with the Yoast SEO Premium plugin v27.7 (Yoast SEO v28.3) - https:\/\/yoast.com\/product\/yoast-seo-premium-wordpress\/ -->\n<title>BMW M3 Touring G81 Orange: Racheta de Asfalt cu Design 24H! - Diagnoza BAM<\/title>\n<meta name=\"description\" content=\"Metallic Orange \u0219i detalii 24H! Noul BMW M3 Touring G81 tunat impresioneaz\u0103 cu o foliere brutal\u0103 \u0219i accente motorsport. Vezi...\" \/>\n<meta name=\"robots\" content=\"index, follow, max-snippet:-1, max-image-preview:large, max-video-preview:-1\" \/>\n<link rel=\"canonical\" href=\"https:\/\/diagnozabam.ro\/sfaturi\/ro\/blog\/bmw-m3-touring-g81-orange-racheta-de-asfalt-cu-design-24h\/\" \/>\n<meta property=\"og:locale\" content=\"ro_RO\" \/>\n<meta property=\"og:type\" content=\"article\" \/>\n<meta property=\"og:title\" content=\"BMW M3 Touring G81 Orange: Racheta de Asfalt cu Design 24H!\" \/>\n<meta property=\"og:description\" content=\"Metallic Orange \u0219i detalii 24H! Noul BMW M3 Touring G81 tunat impresioneaz\u0103 cu o foliere brutal\u0103 \u0219i accente motorsport. Vezi galeria!\" \/>\n<meta property=\"og:url\" content=\"https:\/\/diagnozabam.ro\/sfaturi\/ro\/blog\/bmw-m3-touring-g81-orange-racheta-de-asfalt-cu-design-24h\/\" \/>\n<meta property=\"og:site_name\" content=\"Diagnoza BAM\" \/>\n<meta property=\"article:publisher\" content=\"https:\/\/www.facebook.com\/diagnozabam\" \/>\n<meta property=\"article:published_time\" content=\"2026-08-31T20:59:14+00:00\" \/>\n<meta property=\"og:image\" content=\"https:\/\/diagnozabam.ro\/sfaturi\/wp-content\/uploads\/2026\/08\/bmw-m3-touring-g81-metallic-orange-vollfolierung-1.webp\" \/>\n\t<meta property=\"og:image:width\" content=\"1600\" \/>\n\t<meta property=\"og:image:height\" content=\"794\" \/>\n\t<meta property=\"og:image:type\" content=\"image\/jpeg\" \/>\n<meta name=\"author\" content=\"Bejenaru Alexandru Ionut\" \/>\n<meta name=\"twitter:card\" content=\"summary_large_image\" \/>\n<meta name=\"twitter:label1\" content=\"Scris de\" \/>\n\t<meta name=\"twitter:data1\" content=\"Bejenaru Alexandru Ionut\" \/>\n\t<meta name=\"twitter:label2\" content=\"Timp estimat pentru citire\" \/>\n\t<meta name=\"twitter:data2\" content=\"4 minute\" \/>\n<script type=\"application\/ld+json\" class=\"yoast-schema-graph\">{\"@context\":\"https:\\\/\\\/schema.org\",\"@graph\":[{\"@type\":\"NewsArticle\",\"@id\":\"https:\\\/\\\/diagnozabam.ro\\\/sfaturi\\\/ro\\\/blog\\\/bmw-m3-touring-g81-orange-racheta-de-asfalt-cu-design-24h\\\/#article\",\"isPartOf\":{\"@id\":\"https:\\\/\\\/diagnozabam.ro\\\/sfaturi\\\/ro\\\/blog\\\/bmw-m3-touring-g81-orange-racheta-de-asfalt-cu-design-24h\\\/\"},\"author\":{\"name\":\"Bejenaru Alexandru Ionut\",\"@id\":\"https:\\\/\\\/diagnozabam.ro\\\/sfaturi\\\/#\\\/schema\\\/person\\\/77202adf825f4528d9ba9ab5b4ffafec\"},\"headline\":\"BMW M3 Touring G81 Orange: Racheta de Asfalt cu Design 24H!\",\"datePublished\":\"2026-08-31T20:59:14+00:00\",\"mainEntityOfPage\":{\"@id\":\"https:\\\/\\\/diagnozabam.ro\\\/sfaturi\\\/ro\\\/blog\\\/bmw-m3-touring-g81-orange-racheta-de-asfalt-cu-design-24h\\\/\"},\"wordCount\":812,\"commentCount\":0,\"publisher\":{\"@id\":\"https:\\\/\\\/diagnozabam.ro\\\/sfaturi\\\/#organization\"},\"image\":{\"@id\":\"https:\\\/\\\/diagnozabam.ro\\\/sfaturi\\\/ro\\\/blog\\\/bmw-m3-touring-g81-orange-racheta-de-asfalt-cu-design-24h\\\/#primaryimage\"},\"thumbnailUrl\":\"https:\\\/\\\/diagnozabam.ro\\\/sfaturi\\\/wp-content\\\/uploads\\\/2026\\\/08\\\/bmw-m3-touring-g81-metallic-orange-vollfolierung-1.webp\",\"keywords\":[\"bmw\",\"BreakSportiv\",\"G81\",\"M3Touring\",\"motorsport\",\"Oracal\",\"TuningAuto\",\"Wrapping\"],\"articleSection\":[\"\u0218tiri\"],\"inLanguage\":\"ro-RO\",\"potentialAction\":[{\"@type\":\"CommentAction\",\"name\":\"Comment\",\"target\":[\"https:\\\/\\\/diagnozabam.ro\\\/sfaturi\\\/ro\\\/blog\\\/bmw-m3-touring-g81-orange-racheta-de-asfalt-cu-design-24h\\\/#respond\"]}]},{\"@type\":\"WebPage\",\"@id\":\"https:\\\/\\\/diagnozabam.ro\\\/sfaturi\\\/ro\\\/blog\\\/bmw-m3-touring-g81-orange-racheta-de-asfalt-cu-design-24h\\\/\",\"url\":\"https:\\\/\\\/diagnozabam.ro\\\/sfaturi\\\/ro\\\/blog\\\/bmw-m3-touring-g81-orange-racheta-de-asfalt-cu-design-24h\\\/\",\"name\":\"BMW M3 Touring G81 Orange: Racheta de Asfalt cu Design 24H! - Diagnoza BAM\",\"isPartOf\":{\"@id\":\"https:\\\/\\\/diagnozabam.ro\\\/sfaturi\\\/#website\"},\"primaryImageOfPage\":{\"@id\":\"https:\\\/\\\/diagnozabam.ro\\\/sfaturi\\\/ro\\\/blog\\\/bmw-m3-touring-g81-orange-racheta-de-asfalt-cu-design-24h\\\/#primaryimage\"},\"image\":{\"@id\":\"https:\\\/\\\/diagnozabam.ro\\\/sfaturi\\\/ro\\\/blog\\\/bmw-m3-touring-g81-orange-racheta-de-asfalt-cu-design-24h\\\/#primaryimage\"},\"thumbnailUrl\":\"https:\\\/\\\/diagnozabam.ro\\\/sfaturi\\\/wp-content\\\/uploads\\\/2026\\\/08\\\/bmw-m3-touring-g81-metallic-orange-vollfolierung-1.webp\",\"datePublished\":\"2026-08-31T20:59:14+00:00\",\"description\":\"Metallic Orange \u0219i detalii 24H! Noul BMW M3 Touring G81 tunat impresioneaz\u0103 cu o foliere brutal\u0103 \u0219i accente motorsport. Vezi galeria!\",\"breadcrumb\":{\"@id\":\"https:\\\/\\\/diagnozabam.ro\\\/sfaturi\\\/ro\\\/blog\\\/bmw-m3-touring-g81-orange-racheta-de-asfalt-cu-design-24h\\\/#breadcrumb\"},\"inLanguage\":\"ro-RO\",\"potentialAction\":[{\"@type\":\"ReadAction\",\"target\":[\"https:\\\/\\\/diagnozabam.ro\\\/sfaturi\\\/ro\\\/blog\\\/bmw-m3-touring-g81-orange-racheta-de-asfalt-cu-design-24h\\\/\"]}]},{\"@type\":\"ImageObject\",\"inLanguage\":\"ro-RO\",\"@id\":\"https:\\\/\\\/diagnozabam.ro\\\/sfaturi\\\/ro\\\/blog\\\/bmw-m3-touring-g81-orange-racheta-de-asfalt-cu-design-24h\\\/#primaryimage\",\"url\":\"https:\\\/\\\/diagnozabam.ro\\\/sfaturi\\\/wp-content\\\/uploads\\\/2026\\\/08\\\/bmw-m3-touring-g81-metallic-orange-vollfolierung-1.webp\",\"contentUrl\":\"https:\\\/\\\/diagnozabam.ro\\\/sfaturi\\\/wp-content\\\/uploads\\\/2026\\\/08\\\/bmw-m3-touring-g81-metallic-orange-vollfolierung-1.webp\",\"width\":1600,\"height\":794,\"caption\":\"BMW M Touring G Metallic Orange Vollfolierung\"},{\"@type\":\"BreadcrumbList\",\"@id\":\"https:\\\/\\\/diagnozabam.ro\\\/sfaturi\\\/ro\\\/blog\\\/bmw-m3-touring-g81-orange-racheta-de-asfalt-cu-design-24h\\\/#breadcrumb\",\"itemListElement\":[{\"@type\":\"ListItem\",\"position\":1,\"name\":\"Home\",\"item\":\"https:\\\/\\\/diagnozabam.ro\\\/sfaturi\\\/\"},{\"@type\":\"ListItem\",\"position\":2,\"name\":\"BMW M3 Touring G81 Orange: Racheta de Asfalt cu Design 24H!\"}]},{\"@type\":\"WebSite\",\"@id\":\"https:\\\/\\\/diagnozabam.ro\\\/sfaturi\\\/#website\",\"url\":\"https:\\\/\\\/diagnozabam.ro\\\/sfaturi\\\/\",\"name\":\"Diagnoza BAM\",\"description\":\"Independent Auto Diagnostics, Tech Analysis and Smart Insights\",\"publisher\":{\"@id\":\"https:\\\/\\\/diagnozabam.ro\\\/sfaturi\\\/#organization\"},\"alternateName\":\"DBAM\",\"potentialAction\":[{\"@type\":\"SearchAction\",\"target\":{\"@type\":\"EntryPoint\",\"urlTemplate\":\"https:\\\/\\\/diagnozabam.ro\\\/sfaturi\\\/?s={search_term_string}\"},\"query-input\":{\"@type\":\"PropertyValueSpecification\",\"valueRequired\":true,\"valueName\":\"search_term_string\"}}],\"inLanguage\":\"ro-RO\"},{\"@type\":\"Organization\",\"@id\":\"https:\\\/\\\/diagnozabam.ro\\\/sfaturi\\\/#organization\",\"name\":\"Diagnoza BAM\",\"alternateName\":\"DBAM\",\"url\":\"https:\\\/\\\/diagnozabam.ro\\\/sfaturi\\\/\",\"logo\":{\"@type\":\"ImageObject\",\"inLanguage\":\"ro-RO\",\"@id\":\"https:\\\/\\\/diagnozabam.ro\\\/sfaturi\\\/#\\\/schema\\\/logo\\\/image\\\/\",\"url\":\"https:\\\/\\\/diagnozabam.ro\\\/sfaturi\\\/wp-content\\\/uploads\\\/2025\\\/11\\\/logo-diagnoza-bam-imagine.webp\",\"contentUrl\":\"https:\\\/\\\/diagnozabam.ro\\\/sfaturi\\\/wp-content\\\/uploads\\\/2025\\\/11\\\/logo-diagnoza-bam-imagine.webp\",\"width\":512,\"height\":512,\"caption\":\"Diagnoza BAM\"},\"image\":{\"@id\":\"https:\\\/\\\/diagnozabam.ro\\\/sfaturi\\\/#\\\/schema\\\/logo\\\/image\\\/\"},\"sameAs\":[\"https:\\\/\\\/www.facebook.com\\\/diagnozabam\",\"https:\\\/\\\/mastodon.social\\\/@diagnozabam\",\"https:\\\/\\\/bsky.app\\\/profile\\\/did:plc:f4cmgfa3nv33bch7p3wgwchr\",\"https:\\\/\\\/www.tumblr.com\\\/diagbam\"],\"description\":\"Independent publishing platform focused on automotive diagnostics, OBD2 analysis, repair cost breakdowns, technology insights and practical technical guides.\",\"email\":\"redactie@diagnozabam.ro\",\"foundingDate\":\"2023-02-16\"},{\"@type\":\"Person\",\"@id\":\"https:\\\/\\\/diagnozabam.ro\\\/sfaturi\\\/#\\\/schema\\\/person\\\/77202adf825f4528d9ba9ab5b4ffafec\",\"name\":\"Bejenaru Alexandru Ionut\",\"image\":{\"@type\":\"ImageObject\",\"inLanguage\":\"ro-RO\",\"@id\":\"https:\\\/\\\/secure.gravatar.com\\\/avatar\\\/96634b44a266a571c59a5e82fc6f12edfb6876914735dbc57aa2348d11395470?s=96&d=mm&r=g\",\"url\":\"https:\\\/\\\/secure.gravatar.com\\\/avatar\\\/96634b44a266a571c59a5e82fc6f12edfb6876914735dbc57aa2348d11395470?s=96&d=mm&r=g\",\"contentUrl\":\"https:\\\/\\\/secure.gravatar.com\\\/avatar\\\/96634b44a266a571c59a5e82fc6f12edfb6876914735dbc57aa2348d11395470?s=96&d=mm&r=g\",\"caption\":\"Bejenaru Alexandru Ionut\"},\"sameAs\":[\"https:\\\/\\\/diagnozabam.ro\"],\"honorificPrefix\":\"Mr.\",\"birthDate\":\"1997-12-23\",\"url\":\"https:\\\/\\\/diagnozabam.ro\\\/sfaturi\\\/blog\\\/author\\\/bejenaru-alexandru-ionut\\\/\"}]}<\/script>\n<!-- \/ Yoast SEO Premium plugin. -->","yoast_head_json":{"title":"BMW M3 Touring G81 Orange: Racheta de Asfalt cu Design 24H! - Diagnoza BAM","description":"Metallic Orange \u0219i detalii 24H! Noul BMW M3 Touring G81 tunat impresioneaz\u0103 cu o foliere brutal\u0103 \u0219i accente motorsport. Vezi...","robots":{"index":"index","follow":"follow","max-snippet":"max-snippet:-1","max-image-preview":"max-image-preview:large","max-video-preview":"max-video-preview:-1"},"canonical":"https:\/\/diagnozabam.ro\/sfaturi\/ro\/blog\/bmw-m3-touring-g81-orange-racheta-de-asfalt-cu-design-24h\/","og_locale":"ro_RO","og_type":"article","og_title":"BMW M3 Touring G81 Orange: Racheta de Asfalt cu Design 24H!","og_description":"Metallic Orange \u0219i detalii 24H! Noul BMW M3 Touring G81 tunat impresioneaz\u0103 cu o foliere brutal\u0103 \u0219i accente motorsport. Vezi galeria!","og_url":"https:\/\/diagnozabam.ro\/sfaturi\/ro\/blog\/bmw-m3-touring-g81-orange-racheta-de-asfalt-cu-design-24h\/","og_site_name":"Diagnoza BAM","article_publisher":"https:\/\/www.facebook.com\/diagnozabam","article_published_time":"2026-08-31T20:59:14+00:00","og_image":[{"width":1600,"height":794,"url":"https:\/\/diagnozabam.ro\/sfaturi\/wp-content\/uploads\/2026\/08\/bmw-m3-touring-g81-metallic-orange-vollfolierung-1.webp","type":"image\/jpeg"}],"author":"Bejenaru Alexandru Ionut","twitter_card":"summary_large_image","twitter_misc":{"Scris de":"Bejenaru Alexandru Ionut","Timp estimat pentru citire":"4 minute"},"schema":{"@context":"https:\/\/schema.org","@graph":[{"@type":"NewsArticle","@id":"https:\/\/diagnozabam.ro\/sfaturi\/ro\/blog\/bmw-m3-touring-g81-orange-racheta-de-asfalt-cu-design-24h\/#article","isPartOf":{"@id":"https:\/\/diagnozabam.ro\/sfaturi\/ro\/blog\/bmw-m3-touring-g81-orange-racheta-de-asfalt-cu-design-24h\/"},"author":{"name":"Bejenaru Alexandru Ionut","@id":"https:\/\/diagnozabam.ro\/sfaturi\/#\/schema\/person\/77202adf825f4528d9ba9ab5b4ffafec"},"headline":"BMW M3 Touring G81 Orange: Racheta de Asfalt cu Design 24H!","datePublished":"2026-08-31T20:59:14+00:00","mainEntityOfPage":{"@id":"https:\/\/diagnozabam.ro\/sfaturi\/ro\/blog\/bmw-m3-touring-g81-orange-racheta-de-asfalt-cu-design-24h\/"},"wordCount":812,"commentCount":0,"publisher":{"@id":"https:\/\/diagnozabam.ro\/sfaturi\/#organization"},"image":{"@id":"https:\/\/diagnozabam.ro\/sfaturi\/ro\/blog\/bmw-m3-touring-g81-orange-racheta-de-asfalt-cu-design-24h\/#primaryimage"},"thumbnailUrl":"https:\/\/diagnozabam.ro\/sfaturi\/wp-content\/uploads\/2026\/08\/bmw-m3-touring-g81-metallic-orange-vollfolierung-1.webp","keywords":["bmw","BreakSportiv","G81","M3Touring","motorsport","Oracal","TuningAuto","Wrapping"],"articleSection":["\u0218tiri"],"inLanguage":"ro-RO","potentialAction":[{"@type":"CommentAction","name":"Comment","target":["https:\/\/diagnozabam.ro\/sfaturi\/ro\/blog\/bmw-m3-touring-g81-orange-racheta-de-asfalt-cu-design-24h\/#respond"]}]},{"@type":"WebPage","@id":"https:\/\/diagnozabam.ro\/sfaturi\/ro\/blog\/bmw-m3-touring-g81-orange-racheta-de-asfalt-cu-design-24h\/","url":"https:\/\/diagnozabam.ro\/sfaturi\/ro\/blog\/bmw-m3-touring-g81-orange-racheta-de-asfalt-cu-design-24h\/","name":"BMW M3 Touring G81 Orange: Racheta de Asfalt cu Design 24H! - Diagnoza BAM","isPartOf":{"@id":"https:\/\/diagnozabam.ro\/sfaturi\/#website"},"primaryImageOfPage":{"@id":"https:\/\/diagnozabam.ro\/sfaturi\/ro\/blog\/bmw-m3-touring-g81-orange-racheta-de-asfalt-cu-design-24h\/#primaryimage"},"image":{"@id":"https:\/\/diagnozabam.ro\/sfaturi\/ro\/blog\/bmw-m3-touring-g81-orange-racheta-de-asfalt-cu-design-24h\/#primaryimage"},"thumbnailUrl":"https:\/\/diagnozabam.ro\/sfaturi\/wp-content\/uploads\/2026\/08\/bmw-m3-touring-g81-metallic-orange-vollfolierung-1.webp","datePublished":"2026-08-31T20:59:14+00:00","description":"Metallic Orange \u0219i detalii 24H! Noul BMW M3 Touring G81 tunat impresioneaz\u0103 cu o foliere brutal\u0103 \u0219i accente motorsport. Vezi galeria!","breadcrumb":{"@id":"https:\/\/diagnozabam.ro\/sfaturi\/ro\/blog\/bmw-m3-touring-g81-orange-racheta-de-asfalt-cu-design-24h\/#breadcrumb"},"inLanguage":"ro-RO","potentialAction":[{"@type":"ReadAction","target":["https:\/\/diagnozabam.ro\/sfaturi\/ro\/blog\/bmw-m3-touring-g81-orange-racheta-de-asfalt-cu-design-24h\/"]}]},{"@type":"ImageObject","inLanguage":"ro-RO","@id":"https:\/\/diagnozabam.ro\/sfaturi\/ro\/blog\/bmw-m3-touring-g81-orange-racheta-de-asfalt-cu-design-24h\/#primaryimage","url":"https:\/\/diagnozabam.ro\/sfaturi\/wp-content\/uploads\/2026\/08\/bmw-m3-touring-g81-metallic-orange-vollfolierung-1.webp","contentUrl":"https:\/\/diagnozabam.ro\/sfaturi\/wp-content\/uploads\/2026\/08\/bmw-m3-touring-g81-metallic-orange-vollfolierung-1.webp","width":1600,"height":794,"caption":"BMW M Touring G Metallic Orange Vollfolierung"},{"@type":"BreadcrumbList","@id":"https:\/\/diagnozabam.ro\/sfaturi\/ro\/blog\/bmw-m3-touring-g81-orange-racheta-de-asfalt-cu-design-24h\/#breadcrumb","itemListElement":[{"@type":"ListItem","position":1,"name":"Home","item":"https:\/\/diagnozabam.ro\/sfaturi\/"},{"@type":"ListItem","position":2,"name":"BMW M3 Touring G81 Orange: Racheta de Asfalt cu Design 24H!"}]},{"@type":"WebSite","@id":"https:\/\/diagnozabam.ro\/sfaturi\/#website","url":"https:\/\/diagnozabam.ro\/sfaturi\/","name":"Diagnoza BAM","description":"Independent Auto Diagnostics, Tech Analysis and Smart Insights","publisher":{"@id":"https:\/\/diagnozabam.ro\/sfaturi\/#organization"},"alternateName":"DBAM","potentialAction":[{"@type":"SearchAction","target":{"@type":"EntryPoint","urlTemplate":"https:\/\/diagnozabam.ro\/sfaturi\/?s={search_term_string}"},"query-input":{"@type":"PropertyValueSpecification","valueRequired":true,"valueName":"search_term_string"}}],"inLanguage":"ro-RO"},{"@type":"Organization","@id":"https:\/\/diagnozabam.ro\/sfaturi\/#organization","name":"Diagnoza BAM","alternateName":"DBAM","url":"https:\/\/diagnozabam.ro\/sfaturi\/","logo":{"@type":"ImageObject","inLanguage":"ro-RO","@id":"https:\/\/diagnozabam.ro\/sfaturi\/#\/schema\/logo\/image\/","url":"https:\/\/diagnozabam.ro\/sfaturi\/wp-content\/uploads\/2025\/11\/logo-diagnoza-bam-imagine.webp","contentUrl":"https:\/\/diagnozabam.ro\/sfaturi\/wp-content\/uploads\/2025\/11\/logo-diagnoza-bam-imagine.webp","width":512,"height":512,"caption":"Diagnoza BAM"},"image":{"@id":"https:\/\/diagnozabam.ro\/sfaturi\/#\/schema\/logo\/image\/"},"sameAs":["https:\/\/www.facebook.com\/diagnozabam","https:\/\/mastodon.social\/@diagnozabam","https:\/\/bsky.app\/profile\/did:plc:f4cmgfa3nv33bch7p3wgwchr","https:\/\/www.tumblr.com\/diagbam"],"description":"Independent publishing platform focused on automotive diagnostics, OBD2 analysis, repair cost breakdowns, technology insights and practical technical guides.","email":"redactie@diagnozabam.ro","foundingDate":"2023-02-16"},{"@type":"Person","@id":"https:\/\/diagnozabam.ro\/sfaturi\/#\/schema\/person\/77202adf825f4528d9ba9ab5b4ffafec","name":"Bejenaru Alexandru Ionut","image":{"@type":"ImageObject","inLanguage":"ro-RO","@id":"https:\/\/secure.gravatar.com\/avatar\/96634b44a266a571c59a5e82fc6f12edfb6876914735dbc57aa2348d11395470?s=96&d=mm&r=g","url":"https:\/\/secure.gravatar.com\/avatar\/96634b44a266a571c59a5e82fc6f12edfb6876914735dbc57aa2348d11395470?s=96&d=mm&r=g","contentUrl":"https:\/\/secure.gravatar.com\/avatar\/96634b44a266a571c59a5e82fc6f12edfb6876914735dbc57aa2348d11395470?s=96&d=mm&r=g","caption":"Bejenaru Alexandru Ionut"},"sameAs":["https:\/\/diagnozabam.ro"],"honorificPrefix":"Mr.","birthDate":"1997-12-23","url":"https:\/\/diagnozabam.ro\/sfaturi\/blog\/author\/bejenaru-alexandru-ionut\/"}]}},"lang":"ro","translations":{"ro":47029},"jetpack_publicize_connections":[],"jetpack-related-posts":[{"id":44215,"url":"https:\/\/diagnozabam.ro\/sfaturi\/ro\/blog\/bmw-m3-touring-za1-2027\/","url_meta":{"origin":47029,"position":0},"title":"BMW M3 Touring ZA1 2027","author":"Bejenaru Alexandru Ionut","date":"15 iunie 2026","format":false,"excerpt":"BMW M3 Touring (ZA1) 2027: O viziune digital\u0103 ce \u00eembin\u0103 filozofia Neue Klasse cu ADN-ul pur de motorsport Introducere: Schimbarea de paradigm\u0103 pentru divizia BMW M Segmentul breakdown-urilor de performan\u021b\u0103 trece printr-o transformare profund\u0103, unde constructorii premium trebuie s\u0103 echilibreze cerin\u021bele stricte de emisii cu dorin\u021ba pasiona\u021bilor pentru dinamic\u0103 auto\u2026","rel":"","context":"\u00cen \u201e\u0218tiri\u201d","block_context":{"text":"\u0218tiri","link":"https:\/\/diagnozabam.ro\/sfaturi\/ro\/category\/stiri\/"},"img":{"alt_text":"BMW M Touring ZA Rendering Tuning","src":"https:\/\/i0.wp.com\/diagnozabam.ro\/sfaturi\/wp-content\/uploads\/2026\/06\/2027-bmw-m3-touring-za1-rendering-tuning_5.webp?resize=350%2C200&ssl=1","width":350,"height":200,"srcset":"https:\/\/i0.wp.com\/diagnozabam.ro\/sfaturi\/wp-content\/uploads\/2026\/06\/2027-bmw-m3-touring-za1-rendering-tuning_5.webp?resize=350%2C200&ssl=1 1x, https:\/\/i0.wp.com\/diagnozabam.ro\/sfaturi\/wp-content\/uploads\/2026\/06\/2027-bmw-m3-touring-za1-rendering-tuning_5.webp?resize=525%2C300&ssl=1 1.5x, https:\/\/i0.wp.com\/diagnozabam.ro\/sfaturi\/wp-content\/uploads\/2026\/06\/2027-bmw-m3-touring-za1-rendering-tuning_5.webp?resize=700%2C400&ssl=1 2x, https:\/\/i0.wp.com\/diagnozabam.ro\/sfaturi\/wp-content\/uploads\/2026\/06\/2027-bmw-m3-touring-za1-rendering-tuning_5.webp?resize=1050%2C600&ssl=1 3x, https:\/\/i0.wp.com\/diagnozabam.ro\/sfaturi\/wp-content\/uploads\/2026\/06\/2027-bmw-m3-touring-za1-rendering-tuning_5.webp?resize=1400%2C800&ssl=1 4x"},"classes":[]},{"id":44717,"url":"https:\/\/diagnozabam.ro\/sfaturi\/ro\/blog\/bmw-m3-touring-electric-detalii-concept\/","url_meta":{"origin":47029,"position":1},"title":"BMW M3 Touring Electric: Detalii Concept","author":"Bejenaru Alexandru Ionut","date":"20 iunie 2026","format":false,"excerpt":"Noul BMW M3 Touring electric: fuziunea dintre util \u0219i ultra-performan\u021b\u0103 1. Introducere \u0219i contextul tranzi\u021biei c\u0103tre propulsia electric\u0103 Tranzi\u021bia diviziei bavareze M Power c\u0103tre electrificare complet\u0103 reprezint\u0103 una dintre cele mai mari provoc\u0103ri inginere\u0219ti din istoria recent\u0103 a m\u0103rcii. Actualul BMW M3 Touring (G81) a demonstrat deja c\u0103 re\u021beta unui\u2026","rel":"","context":"\u00cen \u201e\u0218tiri\u201d","block_context":{"text":"\u0218tiri","link":"https:\/\/diagnozabam.ro\/sfaturi\/ro\/category\/stiri\/"},"img":{"alt_text":"BMW M Touring ZA Rendering ()","src":"https:\/\/i0.wp.com\/diagnozabam.ro\/sfaturi\/wp-content\/uploads\/2026\/06\/bmw-m3-touring-za1-rendering_3-1.webp?resize=350%2C200&ssl=1","width":350,"height":200,"srcset":"https:\/\/i0.wp.com\/diagnozabam.ro\/sfaturi\/wp-content\/uploads\/2026\/06\/bmw-m3-touring-za1-rendering_3-1.webp?resize=350%2C200&ssl=1 1x, https:\/\/i0.wp.com\/diagnozabam.ro\/sfaturi\/wp-content\/uploads\/2026\/06\/bmw-m3-touring-za1-rendering_3-1.webp?resize=525%2C300&ssl=1 1.5x, https:\/\/i0.wp.com\/diagnozabam.ro\/sfaturi\/wp-content\/uploads\/2026\/06\/bmw-m3-touring-za1-rendering_3-1.webp?resize=700%2C400&ssl=1 2x, https:\/\/i0.wp.com\/diagnozabam.ro\/sfaturi\/wp-content\/uploads\/2026\/06\/bmw-m3-touring-za1-rendering_3-1.webp?resize=1050%2C600&ssl=1 3x, https:\/\/i0.wp.com\/diagnozabam.ro\/sfaturi\/wp-content\/uploads\/2026\/06\/bmw-m3-touring-za1-rendering_3-1.webp?resize=1400%2C800&ssl=1 4x"},"classes":[]},{"id":44678,"url":"https:\/\/diagnozabam.ro\/sfaturi\/ro\/blog\/noul-bovensiepen-05-gt-monstrul-de-800-cp\/","url_meta":{"origin":47029,"position":2},"title":"Noul Bovensiepen 05 GT: Monstrul de 800 CP","author":"Bejenaru Alexandru Ionut","date":"9 iulie 2026","format":false,"excerpt":"Noul Bovensiepen 05 GT: Monstrul de 800 CP care devoreaz\u0103 autostr\u0103zile! 1. Introducere: O nou\u0103 er\u0103 a exclusivit\u0103\u021bii auto pornit\u0103 din Buchloe Lumea vehiculelor de \u00eenalt\u0103 performan\u021b\u0103 asist\u0103 la o transformare profund\u0103, unde simpla putere brut\u0103 nu mai este suficient\u0103 pentru a impresiona un public ultra-exclusivist. \u00cen acest context de\u2026","rel":"","context":"\u00cen \u201e\u0218tiri\u201d","block_context":{"text":"\u0218tiri","link":"https:\/\/diagnozabam.ro\/sfaturi\/ro\/category\/stiri\/"},"img":{"alt_text":"Bovensiepen GT BMW M G Touring","src":"https:\/\/i0.wp.com\/diagnozabam.ro\/sfaturi\/wp-content\/uploads\/2026\/06\/bovensiepen-05-gt-bmw-m5-g99-touring_21.webp?resize=350%2C200&ssl=1","width":350,"height":200,"srcset":"https:\/\/i0.wp.com\/diagnozabam.ro\/sfaturi\/wp-content\/uploads\/2026\/06\/bovensiepen-05-gt-bmw-m5-g99-touring_21.webp?resize=350%2C200&ssl=1 1x, https:\/\/i0.wp.com\/diagnozabam.ro\/sfaturi\/wp-content\/uploads\/2026\/06\/bovensiepen-05-gt-bmw-m5-g99-touring_21.webp?resize=525%2C300&ssl=1 1.5x, https:\/\/i0.wp.com\/diagnozabam.ro\/sfaturi\/wp-content\/uploads\/2026\/06\/bovensiepen-05-gt-bmw-m5-g99-touring_21.webp?resize=700%2C400&ssl=1 2x, https:\/\/i0.wp.com\/diagnozabam.ro\/sfaturi\/wp-content\/uploads\/2026\/06\/bovensiepen-05-gt-bmw-m5-g99-touring_21.webp?resize=1050%2C600&ssl=1 3x, https:\/\/i0.wp.com\/diagnozabam.ro\/sfaturi\/wp-content\/uploads\/2026\/06\/bovensiepen-05-gt-bmw-m5-g99-touring_21.webp?resize=1400%2C800&ssl=1 4x"},"classes":[]},{"id":41460,"url":"https:\/\/diagnozabam.ro\/sfaturi\/ro\/blog\/bmw-m5-g99-mh5-900e-break-ul-de-900-cp\/","url_meta":{"origin":47029,"position":3},"title":"BMW M5 G99 MH5 900E: break-ul de 900 CP","author":"Bejenaru Alexandru Ionut","date":"19 aprilie 2026","format":false,"excerpt":"O noua generatie pentru M5 Noul BMW M5 G99 marcheaza o schimbare majora in lumea performantei auto. Pentru prima data, M5 devine hibrid, combinand un motor V8 cu un sistem electric. Iar tunerii deja imping limitele. Unul dintre cele mai extreme proiecte vine de la Manhart Performance. MH5 900E \u2013\u2026","rel":"","context":"\u00cen \u201e\u0218tiri\u201d","block_context":{"text":"\u0218tiri","link":"https:\/\/diagnozabam.ro\/sfaturi\/ro\/category\/stiri\/"},"img":{"alt_text":"BMW M G Touring Manhart MH E","src":"https:\/\/i0.wp.com\/diagnozabam.ro\/sfaturi\/wp-content\/uploads\/2026\/04\/bmw-m5-g99-touring-manhart-mh5-900e_11.webp?resize=350%2C200&ssl=1","width":350,"height":200,"srcset":"https:\/\/i0.wp.com\/diagnozabam.ro\/sfaturi\/wp-content\/uploads\/2026\/04\/bmw-m5-g99-touring-manhart-mh5-900e_11.webp?resize=350%2C200&ssl=1 1x, https:\/\/i0.wp.com\/diagnozabam.ro\/sfaturi\/wp-content\/uploads\/2026\/04\/bmw-m5-g99-touring-manhart-mh5-900e_11.webp?resize=525%2C300&ssl=1 1.5x, https:\/\/i0.wp.com\/diagnozabam.ro\/sfaturi\/wp-content\/uploads\/2026\/04\/bmw-m5-g99-touring-manhart-mh5-900e_11.webp?resize=700%2C400&ssl=1 2x, https:\/\/i0.wp.com\/diagnozabam.ro\/sfaturi\/wp-content\/uploads\/2026\/04\/bmw-m5-g99-touring-manhart-mh5-900e_11.webp?resize=1050%2C600&ssl=1 3x, https:\/\/i0.wp.com\/diagnozabam.ro\/sfaturi\/wp-content\/uploads\/2026\/04\/bmw-m5-g99-touring-manhart-mh5-900e_11.webp?resize=1400%2C800&ssl=1 4x"},"classes":[]},{"id":9547,"url":"https:\/\/diagnozabam.ro\/sfaturi\/ro\/blog\/fenomenul-bmw-m-explodeaza-peste-200-000-de-unitati-vandute-intr-un-singur-an\/","url_meta":{"origin":47029,"position":4},"title":"Fenomenul BMW M explodeaz\u0103: Peste 200.000 de unit\u0103\u021bi v\u00e2ndute \u00eentr-un singur an","author":"Bejenaru Alexandru Ionut","date":"24 ianuarie 2024","format":false,"excerpt":"BMW M S\u0103rb\u0103tore\u0219te Un An Excep\u021bional: Record de V\u00e2nz\u0103ri \u00een 2023 \u0219i Perspective Promi\u021b\u0103toare pentru 2024 BMW M, divizia de performan\u021b\u0103 a celebrului produc\u0103tor german, a \u00eenregistrat un succes remarcabil\u2026","rel":"","context":"\u00cen \u201eAuto-RO\u201d","block_context":{"text":"Auto-RO","link":"https:\/\/diagnozabam.ro\/sfaturi\/ro\/category\/auto\/"},"img":{"alt_text":"fenomenul bmw m explodeaza peste 200000 de unitati vandute intr un singur an mfrh original","src":"https:\/\/i0.wp.com\/diagnozabam.ro\/sfaturi\/wp-content\/uploads\/2024\/01\/fenomenul-bmw-m-explodeaza-peste-200000-de-unitati-vandute-intr-un-singur-an-mfrh-original.webp?resize=350%2C200&ssl=1","width":350,"height":200,"srcset":"https:\/\/i0.wp.com\/diagnozabam.ro\/sfaturi\/wp-content\/uploads\/2024\/01\/fenomenul-bmw-m-explodeaza-peste-200000-de-unitati-vandute-intr-un-singur-an-mfrh-original.webp?resize=350%2C200&ssl=1 1x, https:\/\/i0.wp.com\/diagnozabam.ro\/sfaturi\/wp-content\/uploads\/2024\/01\/fenomenul-bmw-m-explodeaza-peste-200000-de-unitati-vandute-intr-un-singur-an-mfrh-original.webp?resize=525%2C300&ssl=1 1.5x, https:\/\/i0.wp.com\/diagnozabam.ro\/sfaturi\/wp-content\/uploads\/2024\/01\/fenomenul-bmw-m-explodeaza-peste-200000-de-unitati-vandute-intr-un-singur-an-mfrh-original.webp?resize=700%2C400&ssl=1 2x"},"classes":[]},{"id":8596,"url":"https:\/\/diagnozabam.ro\/sfaturi\/ro\/blog\/bmw-m5-touring-imagini-recente-dezvaluie-un-design-festiv\/","url_meta":{"origin":47029,"position":5},"title":"BMW M5 Touring: Imagini recente dezv\u0103luie un design festiv","author":"Bejenaru Alexandru Ionut","date":"24 decembrie 2023","format":false,"excerpt":"BMW, unul dintre cei mai renumi\u021bi produc\u0103tori de automobile din Germania, a alimentat emo\u021bia fanilor \u0219i entuzia\u0219tilor auto prin publicarea unei imagini teaser cu viitorul s\u0103u model, M5 Touring. Acest\u2026","rel":"","context":"\u00cen \u201eAuto-RO\u201d","block_context":{"text":"Auto-RO","link":"https:\/\/diagnozabam.ro\/sfaturi\/ro\/category\/auto\/"},"img":{"alt_text":"bmw m5 touring imagini recente dezvaluie un design festiv mfrh original","src":"https:\/\/i0.wp.com\/diagnozabam.ro\/sfaturi\/wp-content\/uploads\/2023\/12\/bmw-m5-touring-imagini-recente-dezvaluie-un-design-festiv-mfrh-original.webp?resize=350%2C200&ssl=1","width":350,"height":200,"srcset":"https:\/\/i0.wp.com\/diagnozabam.ro\/sfaturi\/wp-content\/uploads\/2023\/12\/bmw-m5-touring-imagini-recente-dezvaluie-un-design-festiv-mfrh-original.webp?resize=350%2C200&ssl=1 1x, https:\/\/i0.wp.com\/diagnozabam.ro\/sfaturi\/wp-content\/uploads\/2023\/12\/bmw-m5-touring-imagini-recente-dezvaluie-un-design-festiv-mfrh-original.webp?resize=525%2C300&ssl=1 1.5x, https:\/\/i0.wp.com\/diagnozabam.ro\/sfaturi\/wp-content\/uploads\/2023\/12\/bmw-m5-touring-imagini-recente-dezvaluie-un-design-festiv-mfrh-original.webp?resize=700%2C400&ssl=1 2x"},"classes":[]}],"jetpack_shortlink":"https:\/\/wp.me\/pf97go-cex","jetpack_featured_media_url":"https:\/\/diagnozabam.ro\/sfaturi\/wp-content\/uploads\/2026\/08\/bmw-m3-touring-g81-metallic-orange-vollfolierung-1.webp","pll_sync_post":[],"_links":{"self":[{"href":"https:\/\/diagnozabam.ro\/sfaturi\/wp-json\/wp\/v2\/posts\/47029","targetHints":{"allow":["GET"]}}],"collection":[{"href":"https:\/\/diagnozabam.ro\/sfaturi\/wp-json\/wp\/v2\/posts"}],"about":[{"href":"https:\/\/diagnozabam.ro\/sfaturi\/wp-json\/wp\/v2\/types\/post"}],"author":[{"embeddable":true,"href":"https:\/\/diagnozabam.ro\/sfaturi\/wp-json\/wp\/v2\/users\/1"}],"replies":[{"embeddable":true,"href":"https:\/\/diagnozabam.ro\/sfaturi\/wp-json\/wp\/v2\/comments?post=47029"}],"version-history":[{"count":1,"href":"https:\/\/diagnozabam.ro\/sfaturi\/wp-json\/wp\/v2\/posts\/47029\/revisions"}],"predecessor-version":[{"id":47038,"href":"https:\/\/diagnozabam.ro\/sfaturi\/wp-json\/wp\/v2\/posts\/47029\/revisions\/47038"}],"wp:featuredmedia":[{"embeddable":true,"href":"https:\/\/diagnozabam.ro\/sfaturi\/wp-json\/wp\/v2\/media\/47037"}],"wp:attachment":[{"href":"https:\/\/diagnozabam.ro\/sfaturi\/wp-json\/wp\/v2\/media?parent=47029"}],"wp:term":[{"taxonomy":"category","embeddable":true,"href":"https:\/\/diagnozabam.ro\/sfaturi\/wp-json\/wp\/v2\/categories?post=47029"},{"taxonomy":"post_tag","embeddable":true,"href":"https:\/\/diagnozabam.ro\/sfaturi\/wp-json\/wp\/v2\/tags?post=47029"}],"curies":[{"name":"wp","href":"https:\/\/api.w.org\/{rel}","templated":true}]}}