{"id":616,"date":"2025-10-28T03:58:06","date_gmt":"2025-10-28T00:58:06","guid":{"rendered":"https:\/\/diagnozabam.ro\/sfaturi\/?p=616"},"modified":"2025-10-28T03:58:06","modified_gmt":"2025-10-28T00:58:06","slug":"ford-fiesta-ar-putea-reveni-ca-model-electric-construit-in-parteneriat-cu-volkswagen","status":"publish","type":"post","link":"https:\/\/diagnozabam.ro\/sfaturi\/ro\/blog\/ford-fiesta-ar-putea-reveni-ca-model-electric-construit-in-parteneriat-cu-volkswagen\/","title":{"rendered":"Ford Fiesta ar putea reveni ca model electric. Construit \u00een parteneriat cu Volkswagen"},"content":{"rendered":"<h1>Ford Fiesta ar putea reveni ca model electric. Construit \u00een parteneriat cu Volkswagen<\/h1>\n<div><img decoding=\"async\" class=\"alignnone size-full wp-image-617\" src=\"https:\/\/diagnozabam.ro\/sfaturi\/wp-content\/uploads\/2023\/07\/297431l-1000x640-b-8e52f890.webp\" alt=\"Ford Fiesta ar putea reveni ca model electric. Construit \u00een parteneriat cu Volkswagen - 297431l 1000x640 b 8e52f890\" width=\"1000\" height=\"640\" title=\"Ford Fiesta ar putea reveni ca model electric. Construit \u00een parteneriat cu Volkswagen - 297431l 1000x640 b 8e52f890\"><\/div>\n<div class=\"excerpt\">Potrivit celor mai recente zvonuri, Ford Fiesta ar putea reveni sub forma unui model cu zero <a href=\"https:\/\/diagnozabam.ro\/sfaturi\/ro\/blog\/nt301-vs-dongle-bluetooth-cine-castiga-duelul-obd2\/\">emisii<\/a>. Un alt fruct al colabor\u0103rii cu germanii de la Volkswagen.<\/div>\n<div class=\"banner_after_excerpt\"><\/div>\n<div class=\"entry\">\n<p>Dup\u0103 o carier\u0103 de aproape cinci decenii, Ford a confirmat ie\u0219irea din produc\u021bie a modelului Fiesta la finalul anului trecut. Ultimul exemplar a fost produs la uzina Ford din Koln \u00een <a href=\"https:\/\/diagnozabam.ro\/sfaturi\/ro\/blog\/peregrine-modulul-lunar-porneste-in-calatoria-sa-spre-luna-prima-nava-americana-de-acest-fel-de-la-proiectul-apollo-in-urma-a-peste-50-de-ani\/\">luna<\/a> iulie 2023, dup\u0103 cum transmiteau reprezentan\u021bii m\u0103rcii.<\/p>\n<p><strong>O nou\u0103 genera\u021bie nu intr\u0103 \u00een discu\u021bie. Chiar \u0219i a\u0219a, Fiesta ar putea reveni la un moment dat, sub forma unui model cu zero <a href=\"https:\/\/diagnozabam.ro\/sfaturi\/ro\/blog\/nt301-vs-dongle-bluetooth-cine-castiga-duelul-obd2\/\">emisii<\/a>, un nou fruct al colabor\u0103rii dintre Ford \u0219i Volkswagen.<\/strong><\/p>\n<p>\u00centr-un interviu recent, \u0219eful Ford Europa, Martin Sander, nu a exclus revenirea lui Fiesta sub aceast\u0103 form\u0103.<\/p>\n<p>Dac\u0103 \u00eentr-adev\u0103r se va \u00eent\u00e2mpla, viitorul Fiesta electric ar putea fi dezvoltat pe arhitectura MEB Entry a lui Volkswagen. Tot ea st\u0103 \u0219i la baza conceptului ID 2all.<\/p>\n<p>\u00ce\u021bi reamintim, aceste informa\u021bii sunt doar ni\u0219te zvonuri. Cel pu\u021bin pentru moment.<\/p>\n<p>via <a href=\"https:\/\/www.autoblog.it\/post\/ford-fiesta-potrebbe-tornare-sul-mercato-come-veicolo-elettrico\">Autoblog.it<\/a><\/p>\n<\/div>\n","protected":false},"excerpt":{"rendered":"<p>Potrivit celor mai recente zvonuri, Ford Fiesta ar putea reveni sub forma unui model cu zero emisii. Un alt fruct al colabor\u0103rii cu germanii de la Volkswagen. Dup\u0103 o carier\u0103&hellip;<\/p>\n","protected":false},"author":1,"featured_media":0,"comment_status":"open","ping_status":"open","sticky":false,"template":"","format":"standard","meta":{"_sitemap_exclude":false,"_sitemap_priority":"","_sitemap_frequency":"","footnotes":"","jetpack_publicize_message":"","jetpack_publicize_feature_enabled":true,"jetpack_social_post_already_shared":false,"jetpack_social_options":{"image_generator_settings":{"template":"highway","default_image_id":0,"font":"","enabled":false},"version":2},"jetpack_post_was_ever_published":false},"categories":[1933,357],"tags":[23,22,21,627,254,384,628,25,24],"class_list":["post-616","post","type-post","status-publish","format-standard","hentry","category-auto","category-stiri","tag-auto","tag-bam","tag-diagnoza","tag-fiesta-electric","tag-ford","tag-ford-fiesta","tag-ford-fiesta-electric","tag-neamt","tag-roman"],"yoast_head":"<!-- This site is optimized with the Yoast SEO Premium plugin v27.7 (Yoast SEO v28.4) - https:\/\/yoast.com\/product\/yoast-seo-premium-wordpress\/ -->\n<title>Ford Fiesta ar putea reveni ca model electric. Construit \u00een parteneriat cu Volkswagen - Diagnoza BAM<\/title>\n<meta name=\"description\" content=\"Potrivit celor mai recente zvonuri, Ford Fiesta ar putea reveni sub forma unui model cu zero emisii. Un alt fruct al...\" \/>\n<meta name=\"robots\" content=\"index, follow, max-snippet:-1, max-image-preview:large, max-video-preview:-1\" \/>\n<link rel=\"canonical\" href=\"https:\/\/diagnozabam.ro\/sfaturi\/ro\/blog\/ford-fiesta-ar-putea-reveni-ca-model-electric-construit-in-parteneriat-cu-volkswagen\/\" \/>\n<meta property=\"og:locale\" content=\"ro_RO\" \/>\n<meta property=\"og:type\" content=\"article\" \/>\n<meta property=\"og:title\" content=\"Ford Fiesta ar putea reveni ca model electric. Construit \u00een parteneriat cu Volkswagen\" \/>\n<meta property=\"og:description\" content=\"Potrivit celor mai recente zvonuri, Ford Fiesta ar putea reveni sub forma unui model cu zero emisii. Un alt fruct al colabor\u0103rii cu germanii de la Volkswagen.\" \/>\n<meta property=\"og:url\" content=\"https:\/\/diagnozabam.ro\/sfaturi\/ro\/blog\/ford-fiesta-ar-putea-reveni-ca-model-electric-construit-in-parteneriat-cu-volkswagen\/\" \/>\n<meta property=\"og:site_name\" content=\"Diagnoza BAM\" \/>\n<meta property=\"article:publisher\" content=\"https:\/\/www.facebook.com\/diagnozabam\" \/>\n<meta property=\"article:published_time\" content=\"2025-10-28T00:58:06+00:00\" \/>\n<meta property=\"og:image\" content=\"https:\/\/diagnozabam.ro\/sfaturi\/wp-content\/uploads\/2023\/07\/ford-fiesta-ar-putea-reveni-ca-model-electric-construit-in-parteneriat-cu-volkswagen-mfrh-original.webp\" \/>\n\t<meta property=\"og:image:width\" content=\"1000\" \/>\n\t<meta property=\"og:image:height\" content=\"640\" \/>\n\t<meta property=\"og:image:type\" content=\"image\/webp\" \/>\n<meta name=\"author\" content=\"Bejenaru Alexandru Ionut\" \/>\n<meta name=\"twitter:card\" content=\"summary_large_image\" \/>\n<meta name=\"twitter:label1\" content=\"Scris de\" \/>\n\t<meta name=\"twitter:data1\" content=\"Bejenaru Alexandru Ionut\" \/>\n<script type=\"application\/ld+json\" class=\"yoast-schema-graph\">{\"@context\":\"https:\\\/\\\/schema.org\",\"@graph\":[{\"@type\":\"NewsArticle\",\"@id\":\"https:\\\/\\\/diagnozabam.ro\\\/sfaturi\\\/ro\\\/blog\\\/ford-fiesta-ar-putea-reveni-ca-model-electric-construit-in-parteneriat-cu-volkswagen\\\/#article\",\"isPartOf\":{\"@id\":\"https:\\\/\\\/diagnozabam.ro\\\/sfaturi\\\/ro\\\/blog\\\/ford-fiesta-ar-putea-reveni-ca-model-electric-construit-in-parteneriat-cu-volkswagen\\\/\"},\"author\":{\"name\":\"Bejenaru Alexandru Ionut\",\"@id\":\"https:\\\/\\\/diagnozabam.ro\\\/sfaturi\\\/#\\\/schema\\\/person\\\/77202adf825f4528d9ba9ab5b4ffafec\"},\"headline\":\"Ford Fiesta ar putea reveni ca model electric. Construit \u00een parteneriat cu Volkswagen\",\"datePublished\":\"2025-10-28T00:58:06+00:00\",\"mainEntityOfPage\":{\"@id\":\"https:\\\/\\\/diagnozabam.ro\\\/sfaturi\\\/ro\\\/blog\\\/ford-fiesta-ar-putea-reveni-ca-model-electric-construit-in-parteneriat-cu-volkswagen\\\/\"},\"wordCount\":199,\"commentCount\":0,\"publisher\":{\"@id\":\"https:\\\/\\\/diagnozabam.ro\\\/sfaturi\\\/#organization\"},\"image\":{\"@id\":\"https:\\\/\\\/diagnozabam.ro\\\/sfaturi\\\/ro\\\/blog\\\/ford-fiesta-ar-putea-reveni-ca-model-electric-construit-in-parteneriat-cu-volkswagen\\\/#primaryimage\"},\"thumbnailUrl\":\"https:\\\/\\\/diagnozabam.ro\\\/sfaturi\\\/wp-content\\\/uploads\\\/2023\\\/07\\\/297431l-1000x640-b-8e52f890.webp\",\"keywords\":[\"auto\",\"bam\",\"diagnoza\",\"fiesta electric\",\"Ford\",\"Ford Fiesta\",\"ford fiesta electric\",\"neamt\",\"roman\"],\"articleSection\":[\"Auto-RO\",\"\u0218tiri\"],\"inLanguage\":\"ro-RO\",\"potentialAction\":[{\"@type\":\"CommentAction\",\"name\":\"Comment\",\"target\":[\"https:\\\/\\\/diagnozabam.ro\\\/sfaturi\\\/ro\\\/blog\\\/ford-fiesta-ar-putea-reveni-ca-model-electric-construit-in-parteneriat-cu-volkswagen\\\/#respond\"]}]},{\"@type\":\"WebPage\",\"@id\":\"https:\\\/\\\/diagnozabam.ro\\\/sfaturi\\\/ro\\\/blog\\\/ford-fiesta-ar-putea-reveni-ca-model-electric-construit-in-parteneriat-cu-volkswagen\\\/\",\"url\":\"https:\\\/\\\/diagnozabam.ro\\\/sfaturi\\\/ro\\\/blog\\\/ford-fiesta-ar-putea-reveni-ca-model-electric-construit-in-parteneriat-cu-volkswagen\\\/\",\"name\":\"Ford Fiesta ar putea reveni ca model electric. Construit \u00een parteneriat cu Volkswagen - Diagnoza BAM\",\"isPartOf\":{\"@id\":\"https:\\\/\\\/diagnozabam.ro\\\/sfaturi\\\/#website\"},\"primaryImageOfPage\":{\"@id\":\"https:\\\/\\\/diagnozabam.ro\\\/sfaturi\\\/ro\\\/blog\\\/ford-fiesta-ar-putea-reveni-ca-model-electric-construit-in-parteneriat-cu-volkswagen\\\/#primaryimage\"},\"image\":{\"@id\":\"https:\\\/\\\/diagnozabam.ro\\\/sfaturi\\\/ro\\\/blog\\\/ford-fiesta-ar-putea-reveni-ca-model-electric-construit-in-parteneriat-cu-volkswagen\\\/#primaryimage\"},\"thumbnailUrl\":\"https:\\\/\\\/diagnozabam.ro\\\/sfaturi\\\/wp-content\\\/uploads\\\/2023\\\/07\\\/297431l-1000x640-b-8e52f890.webp\",\"datePublished\":\"2025-10-28T00:58:06+00:00\",\"description\":\"Potrivit celor mai recente zvonuri, Ford Fiesta ar putea reveni sub forma unui model cu zero emisii. Un alt fruct al colabor\u0103rii cu germanii de la Volkswagen.\",\"breadcrumb\":{\"@id\":\"https:\\\/\\\/diagnozabam.ro\\\/sfaturi\\\/ro\\\/blog\\\/ford-fiesta-ar-putea-reveni-ca-model-electric-construit-in-parteneriat-cu-volkswagen\\\/#breadcrumb\"},\"inLanguage\":\"ro-RO\",\"potentialAction\":[{\"@type\":\"ReadAction\",\"target\":[\"https:\\\/\\\/diagnozabam.ro\\\/sfaturi\\\/ro\\\/blog\\\/ford-fiesta-ar-putea-reveni-ca-model-electric-construit-in-parteneriat-cu-volkswagen\\\/\"]}]},{\"@type\":\"ImageObject\",\"inLanguage\":\"ro-RO\",\"@id\":\"https:\\\/\\\/diagnozabam.ro\\\/sfaturi\\\/ro\\\/blog\\\/ford-fiesta-ar-putea-reveni-ca-model-electric-construit-in-parteneriat-cu-volkswagen\\\/#primaryimage\",\"url\":\"https:\\\/\\\/diagnozabam.ro\\\/sfaturi\\\/wp-content\\\/uploads\\\/2023\\\/07\\\/ford-fiesta-ar-putea-reveni-ca-model-electric-construit-in-parteneriat-cu-volkswagen-mfrh-original.webp\",\"contentUrl\":\"https:\\\/\\\/diagnozabam.ro\\\/sfaturi\\\/wp-content\\\/uploads\\\/2023\\\/07\\\/ford-fiesta-ar-putea-reveni-ca-model-electric-construit-in-parteneriat-cu-volkswagen-mfrh-original.webp\",\"width\":1000,\"height\":640,\"caption\":\"ford fiesta ar putea reveni ca model electric construit in parteneriat cu volkswagen mfrh original\"},{\"@type\":\"BreadcrumbList\",\"@id\":\"https:\\\/\\\/diagnozabam.ro\\\/sfaturi\\\/ro\\\/blog\\\/ford-fiesta-ar-putea-reveni-ca-model-electric-construit-in-parteneriat-cu-volkswagen\\\/#breadcrumb\",\"itemListElement\":[{\"@type\":\"ListItem\",\"position\":1,\"name\":\"Home\",\"item\":\"https:\\\/\\\/diagnozabam.ro\\\/sfaturi\\\/\"},{\"@type\":\"ListItem\",\"position\":2,\"name\":\"Ford Fiesta ar putea reveni ca model electric. Construit \u00een parteneriat cu Volkswagen\"}]},{\"@type\":\"WebSite\",\"@id\":\"https:\\\/\\\/diagnozabam.ro\\\/sfaturi\\\/#website\",\"url\":\"https:\\\/\\\/diagnozabam.ro\\\/sfaturi\\\/\",\"name\":\"Diagnoza BAM\",\"description\":\"Independent Auto Diagnostics, Tech Analysis and Smart Insights\",\"publisher\":{\"@id\":\"https:\\\/\\\/diagnozabam.ro\\\/sfaturi\\\/#organization\"},\"alternateName\":\"DBAM\",\"potentialAction\":[{\"@type\":\"SearchAction\",\"target\":{\"@type\":\"EntryPoint\",\"urlTemplate\":\"https:\\\/\\\/diagnozabam.ro\\\/sfaturi\\\/?s={search_term_string}\"},\"query-input\":{\"@type\":\"PropertyValueSpecification\",\"valueRequired\":true,\"valueName\":\"search_term_string\"}}],\"inLanguage\":\"ro-RO\"},{\"@type\":\"Organization\",\"@id\":\"https:\\\/\\\/diagnozabam.ro\\\/sfaturi\\\/#organization\",\"name\":\"Diagnoza BAM\",\"alternateName\":\"DBAM\",\"url\":\"https:\\\/\\\/diagnozabam.ro\\\/sfaturi\\\/\",\"logo\":{\"@type\":\"ImageObject\",\"inLanguage\":\"ro-RO\",\"@id\":\"https:\\\/\\\/diagnozabam.ro\\\/sfaturi\\\/#\\\/schema\\\/logo\\\/image\\\/\",\"url\":\"https:\\\/\\\/diagnozabam.ro\\\/sfaturi\\\/wp-content\\\/uploads\\\/2025\\\/11\\\/logo-diagnoza-bam-imagine.webp\",\"contentUrl\":\"https:\\\/\\\/diagnozabam.ro\\\/sfaturi\\\/wp-content\\\/uploads\\\/2025\\\/11\\\/logo-diagnoza-bam-imagine.webp\",\"width\":512,\"height\":512,\"caption\":\"Diagnoza BAM\"},\"image\":{\"@id\":\"https:\\\/\\\/diagnozabam.ro\\\/sfaturi\\\/#\\\/schema\\\/logo\\\/image\\\/\"},\"sameAs\":[\"https:\\\/\\\/www.facebook.com\\\/diagnozabam\",\"https:\\\/\\\/mastodon.social\\\/@diagnozabam\",\"https:\\\/\\\/bsky.app\\\/profile\\\/did:plc:f4cmgfa3nv33bch7p3wgwchr\",\"https:\\\/\\\/www.tumblr.com\\\/diagbam\"],\"description\":\"Independent publishing platform focused on automotive diagnostics, OBD2 analysis, repair cost breakdowns, technology insights and practical technical guides.\",\"email\":\"redactie@diagnozabam.ro\",\"foundingDate\":\"2023-02-16\"},{\"@type\":\"Person\",\"@id\":\"https:\\\/\\\/diagnozabam.ro\\\/sfaturi\\\/#\\\/schema\\\/person\\\/77202adf825f4528d9ba9ab5b4ffafec\",\"name\":\"Bejenaru Alexandru Ionut\",\"image\":{\"@type\":\"ImageObject\",\"inLanguage\":\"ro-RO\",\"@id\":\"https:\\\/\\\/secure.gravatar.com\\\/avatar\\\/96634b44a266a571c59a5e82fc6f12edfb6876914735dbc57aa2348d11395470?s=96&d=mm&r=g\",\"url\":\"https:\\\/\\\/secure.gravatar.com\\\/avatar\\\/96634b44a266a571c59a5e82fc6f12edfb6876914735dbc57aa2348d11395470?s=96&d=mm&r=g\",\"contentUrl\":\"https:\\\/\\\/secure.gravatar.com\\\/avatar\\\/96634b44a266a571c59a5e82fc6f12edfb6876914735dbc57aa2348d11395470?s=96&d=mm&r=g\",\"caption\":\"Bejenaru Alexandru Ionut\"},\"sameAs\":[\"https:\\\/\\\/diagnozabam.ro\"],\"honorificPrefix\":\"Mr.\",\"birthDate\":\"1997-12-23\",\"url\":\"https:\\\/\\\/diagnozabam.ro\\\/sfaturi\\\/blog\\\/author\\\/bejenaru-alexandru-ionut\\\/\"}]}<\/script>\n<!-- \/ Yoast SEO Premium plugin. -->","yoast_head_json":{"title":"Ford Fiesta ar putea reveni ca model electric. Construit \u00een parteneriat cu Volkswagen - Diagnoza BAM","description":"Potrivit celor mai recente zvonuri, Ford Fiesta ar putea reveni sub forma unui model cu zero emisii. Un alt fruct al...","robots":{"index":"index","follow":"follow","max-snippet":"max-snippet:-1","max-image-preview":"max-image-preview:large","max-video-preview":"max-video-preview:-1"},"canonical":"https:\/\/diagnozabam.ro\/sfaturi\/ro\/blog\/ford-fiesta-ar-putea-reveni-ca-model-electric-construit-in-parteneriat-cu-volkswagen\/","og_locale":"ro_RO","og_type":"article","og_title":"Ford Fiesta ar putea reveni ca model electric. Construit \u00een parteneriat cu Volkswagen","og_description":"Potrivit celor mai recente zvonuri, Ford Fiesta ar putea reveni sub forma unui model cu zero emisii. Un alt fruct al colabor\u0103rii cu germanii de la Volkswagen.","og_url":"https:\/\/diagnozabam.ro\/sfaturi\/ro\/blog\/ford-fiesta-ar-putea-reveni-ca-model-electric-construit-in-parteneriat-cu-volkswagen\/","og_site_name":"Diagnoza BAM","article_publisher":"https:\/\/www.facebook.com\/diagnozabam","article_published_time":"2025-10-28T00:58:06+00:00","og_image":[{"width":1000,"height":640,"url":"https:\/\/diagnozabam.ro\/sfaturi\/wp-content\/uploads\/2023\/07\/ford-fiesta-ar-putea-reveni-ca-model-electric-construit-in-parteneriat-cu-volkswagen-mfrh-original.webp","type":"image\/webp"}],"author":"Bejenaru Alexandru Ionut","twitter_card":"summary_large_image","twitter_misc":{"Scris de":"Bejenaru Alexandru Ionut"},"schema":{"@context":"https:\/\/schema.org","@graph":[{"@type":"NewsArticle","@id":"https:\/\/diagnozabam.ro\/sfaturi\/ro\/blog\/ford-fiesta-ar-putea-reveni-ca-model-electric-construit-in-parteneriat-cu-volkswagen\/#article","isPartOf":{"@id":"https:\/\/diagnozabam.ro\/sfaturi\/ro\/blog\/ford-fiesta-ar-putea-reveni-ca-model-electric-construit-in-parteneriat-cu-volkswagen\/"},"author":{"name":"Bejenaru Alexandru Ionut","@id":"https:\/\/diagnozabam.ro\/sfaturi\/#\/schema\/person\/77202adf825f4528d9ba9ab5b4ffafec"},"headline":"Ford Fiesta ar putea reveni ca model electric. Construit \u00een parteneriat cu Volkswagen","datePublished":"2025-10-28T00:58:06+00:00","mainEntityOfPage":{"@id":"https:\/\/diagnozabam.ro\/sfaturi\/ro\/blog\/ford-fiesta-ar-putea-reveni-ca-model-electric-construit-in-parteneriat-cu-volkswagen\/"},"wordCount":199,"commentCount":0,"publisher":{"@id":"https:\/\/diagnozabam.ro\/sfaturi\/#organization"},"image":{"@id":"https:\/\/diagnozabam.ro\/sfaturi\/ro\/blog\/ford-fiesta-ar-putea-reveni-ca-model-electric-construit-in-parteneriat-cu-volkswagen\/#primaryimage"},"thumbnailUrl":"https:\/\/diagnozabam.ro\/sfaturi\/wp-content\/uploads\/2023\/07\/297431l-1000x640-b-8e52f890.webp","keywords":["auto","bam","diagnoza","fiesta electric","Ford","Ford Fiesta","ford fiesta electric","neamt","roman"],"articleSection":["Auto-RO","\u0218tiri"],"inLanguage":"ro-RO","potentialAction":[{"@type":"CommentAction","name":"Comment","target":["https:\/\/diagnozabam.ro\/sfaturi\/ro\/blog\/ford-fiesta-ar-putea-reveni-ca-model-electric-construit-in-parteneriat-cu-volkswagen\/#respond"]}]},{"@type":"WebPage","@id":"https:\/\/diagnozabam.ro\/sfaturi\/ro\/blog\/ford-fiesta-ar-putea-reveni-ca-model-electric-construit-in-parteneriat-cu-volkswagen\/","url":"https:\/\/diagnozabam.ro\/sfaturi\/ro\/blog\/ford-fiesta-ar-putea-reveni-ca-model-electric-construit-in-parteneriat-cu-volkswagen\/","name":"Ford Fiesta ar putea reveni ca model electric. Construit \u00een parteneriat cu Volkswagen - Diagnoza BAM","isPartOf":{"@id":"https:\/\/diagnozabam.ro\/sfaturi\/#website"},"primaryImageOfPage":{"@id":"https:\/\/diagnozabam.ro\/sfaturi\/ro\/blog\/ford-fiesta-ar-putea-reveni-ca-model-electric-construit-in-parteneriat-cu-volkswagen\/#primaryimage"},"image":{"@id":"https:\/\/diagnozabam.ro\/sfaturi\/ro\/blog\/ford-fiesta-ar-putea-reveni-ca-model-electric-construit-in-parteneriat-cu-volkswagen\/#primaryimage"},"thumbnailUrl":"https:\/\/diagnozabam.ro\/sfaturi\/wp-content\/uploads\/2023\/07\/297431l-1000x640-b-8e52f890.webp","datePublished":"2025-10-28T00:58:06+00:00","description":"Potrivit celor mai recente zvonuri, Ford Fiesta ar putea reveni sub forma unui model cu zero emisii. Un alt fruct al colabor\u0103rii cu germanii de la Volkswagen.","breadcrumb":{"@id":"https:\/\/diagnozabam.ro\/sfaturi\/ro\/blog\/ford-fiesta-ar-putea-reveni-ca-model-electric-construit-in-parteneriat-cu-volkswagen\/#breadcrumb"},"inLanguage":"ro-RO","potentialAction":[{"@type":"ReadAction","target":["https:\/\/diagnozabam.ro\/sfaturi\/ro\/blog\/ford-fiesta-ar-putea-reveni-ca-model-electric-construit-in-parteneriat-cu-volkswagen\/"]}]},{"@type":"ImageObject","inLanguage":"ro-RO","@id":"https:\/\/diagnozabam.ro\/sfaturi\/ro\/blog\/ford-fiesta-ar-putea-reveni-ca-model-electric-construit-in-parteneriat-cu-volkswagen\/#primaryimage","url":"https:\/\/diagnozabam.ro\/sfaturi\/wp-content\/uploads\/2023\/07\/ford-fiesta-ar-putea-reveni-ca-model-electric-construit-in-parteneriat-cu-volkswagen-mfrh-original.webp","contentUrl":"https:\/\/diagnozabam.ro\/sfaturi\/wp-content\/uploads\/2023\/07\/ford-fiesta-ar-putea-reveni-ca-model-electric-construit-in-parteneriat-cu-volkswagen-mfrh-original.webp","width":1000,"height":640,"caption":"ford fiesta ar putea reveni ca model electric construit in parteneriat cu volkswagen mfrh original"},{"@type":"BreadcrumbList","@id":"https:\/\/diagnozabam.ro\/sfaturi\/ro\/blog\/ford-fiesta-ar-putea-reveni-ca-model-electric-construit-in-parteneriat-cu-volkswagen\/#breadcrumb","itemListElement":[{"@type":"ListItem","position":1,"name":"Home","item":"https:\/\/diagnozabam.ro\/sfaturi\/"},{"@type":"ListItem","position":2,"name":"Ford Fiesta ar putea reveni ca model electric. Construit \u00een parteneriat cu Volkswagen"}]},{"@type":"WebSite","@id":"https:\/\/diagnozabam.ro\/sfaturi\/#website","url":"https:\/\/diagnozabam.ro\/sfaturi\/","name":"Diagnoza BAM","description":"Independent Auto Diagnostics, Tech Analysis and Smart Insights","publisher":{"@id":"https:\/\/diagnozabam.ro\/sfaturi\/#organization"},"alternateName":"DBAM","potentialAction":[{"@type":"SearchAction","target":{"@type":"EntryPoint","urlTemplate":"https:\/\/diagnozabam.ro\/sfaturi\/?s={search_term_string}"},"query-input":{"@type":"PropertyValueSpecification","valueRequired":true,"valueName":"search_term_string"}}],"inLanguage":"ro-RO"},{"@type":"Organization","@id":"https:\/\/diagnozabam.ro\/sfaturi\/#organization","name":"Diagnoza BAM","alternateName":"DBAM","url":"https:\/\/diagnozabam.ro\/sfaturi\/","logo":{"@type":"ImageObject","inLanguage":"ro-RO","@id":"https:\/\/diagnozabam.ro\/sfaturi\/#\/schema\/logo\/image\/","url":"https:\/\/diagnozabam.ro\/sfaturi\/wp-content\/uploads\/2025\/11\/logo-diagnoza-bam-imagine.webp","contentUrl":"https:\/\/diagnozabam.ro\/sfaturi\/wp-content\/uploads\/2025\/11\/logo-diagnoza-bam-imagine.webp","width":512,"height":512,"caption":"Diagnoza BAM"},"image":{"@id":"https:\/\/diagnozabam.ro\/sfaturi\/#\/schema\/logo\/image\/"},"sameAs":["https:\/\/www.facebook.com\/diagnozabam","https:\/\/mastodon.social\/@diagnozabam","https:\/\/bsky.app\/profile\/did:plc:f4cmgfa3nv33bch7p3wgwchr","https:\/\/www.tumblr.com\/diagbam"],"description":"Independent publishing platform focused on automotive diagnostics, OBD2 analysis, repair cost breakdowns, technology insights and practical technical guides.","email":"redactie@diagnozabam.ro","foundingDate":"2023-02-16"},{"@type":"Person","@id":"https:\/\/diagnozabam.ro\/sfaturi\/#\/schema\/person\/77202adf825f4528d9ba9ab5b4ffafec","name":"Bejenaru Alexandru Ionut","image":{"@type":"ImageObject","inLanguage":"ro-RO","@id":"https:\/\/secure.gravatar.com\/avatar\/96634b44a266a571c59a5e82fc6f12edfb6876914735dbc57aa2348d11395470?s=96&d=mm&r=g","url":"https:\/\/secure.gravatar.com\/avatar\/96634b44a266a571c59a5e82fc6f12edfb6876914735dbc57aa2348d11395470?s=96&d=mm&r=g","contentUrl":"https:\/\/secure.gravatar.com\/avatar\/96634b44a266a571c59a5e82fc6f12edfb6876914735dbc57aa2348d11395470?s=96&d=mm&r=g","caption":"Bejenaru Alexandru Ionut"},"sameAs":["https:\/\/diagnozabam.ro"],"honorificPrefix":"Mr.","birthDate":"1997-12-23","url":"https:\/\/diagnozabam.ro\/sfaturi\/blog\/author\/bejenaru-alexandru-ionut\/"}]}},"lang":"ro","translations":{"ro":616},"jetpack_publicize_connections":[],"jetpack-related-posts":[{"id":1398,"url":"https:\/\/diagnozabam.ro\/sfaturi\/ro\/blog\/noul-ford-mustang-67-dintre-clienti-au-optat-pentru-motorul-v8\/","url_meta":{"origin":616,"position":0},"title":"Noul Ford Mustang: 67% dintre clien\u021bi au optat pentru motorul V8","author":"Bejenaru Alexandru Ionut","date":"24 august 2025","format":false,"excerpt":"Potrivit celor mai recente informa\u021bii, 67% dintre clien\u021bii care au comandat noua genera\u021bie Ford Mustang au optat pentru motorul V8. Totodat\u0103, 27% au bifat transmisia manual\u0103. \u00cen timp ce viitorul\u2026","rel":"","context":"\u00cen \u201eauto\u201d","block_context":{"text":"auto","link":"https:\/\/diagnozabam.ro\/sfaturi\/ro\/blog\/tag\/auto\/"},"img":{"alt_text":"Noul Ford Mustang: 67% dintre clien\u021bi au optat pentru motorul V8 - 262876l 1000x640 b 4de74d1e","src":"https:\/\/i0.wp.com\/diagnozabam.ro\/sfaturi\/wp-content\/uploads\/2023\/08\/262876l-1000x640-b-4de74d1e.webp?resize=350%2C200&ssl=1","width":350,"height":200,"srcset":"https:\/\/i0.wp.com\/diagnozabam.ro\/sfaturi\/wp-content\/uploads\/2023\/08\/262876l-1000x640-b-4de74d1e.webp?resize=350%2C200&ssl=1 1x, https:\/\/i0.wp.com\/diagnozabam.ro\/sfaturi\/wp-content\/uploads\/2023\/08\/262876l-1000x640-b-4de74d1e.webp?resize=525%2C300&ssl=1 1.5x, https:\/\/i0.wp.com\/diagnozabam.ro\/sfaturi\/wp-content\/uploads\/2023\/08\/262876l-1000x640-b-4de74d1e.webp?resize=700%2C400&ssl=1 2x"},"classes":[]},{"id":1169,"url":"https:\/\/diagnozabam.ro\/sfaturi\/ro\/blog\/motorul-v8-ar-putea-reveni-sub-capota-modelelor-mercedes-amg-c63-si-e63\/","url_meta":{"origin":616,"position":1},"title":"Motorul V8 ar putea reveni sub capota modelelor Mercedes-AMG C63 \u0219i E63","author":"Bejenaru Alexandru Ionut","date":"2 iunie 2025","format":false,"excerpt":"Potrivit celor mai recente informa\u021bii, modelele Mercedes-AMG C63 \u0219i E63 ar putea oferi din nou un motor V8. Unitatea va face parte dintr-un sistem de propulsie plug-in hybrid. \u00cen prezent,\u2026","rel":"","context":"\u00cen \u201eAuto-RO\u201d","block_context":{"text":"Auto-RO","link":"https:\/\/diagnozabam.ro\/sfaturi\/ro\/category\/auto\/"},"img":{"alt_text":"Motorul V8 ar putea reveni sub capota modelelor Mercedes-AMG C63 \u0219i E63 - 835811l 1000x640 b fe862823","src":"https:\/\/i0.wp.com\/diagnozabam.ro\/sfaturi\/wp-content\/uploads\/2023\/08\/835811l-1000x640-b-fe862823.webp?resize=350%2C200&ssl=1","width":350,"height":200,"srcset":"https:\/\/i0.wp.com\/diagnozabam.ro\/sfaturi\/wp-content\/uploads\/2023\/08\/835811l-1000x640-b-fe862823.webp?resize=350%2C200&ssl=1 1x, https:\/\/i0.wp.com\/diagnozabam.ro\/sfaturi\/wp-content\/uploads\/2023\/08\/835811l-1000x640-b-fe862823.webp?resize=525%2C300&ssl=1 1.5x, https:\/\/i0.wp.com\/diagnozabam.ro\/sfaturi\/wp-content\/uploads\/2023\/08\/835811l-1000x640-b-fe862823.webp?resize=700%2C400&ssl=1 2x"},"classes":[]},{"id":11499,"url":"https:\/\/diagnozabam.ro\/sfaturi\/ro\/blog\/volkswagen-golf-8-ar-putea-ramane-in-productie-pana-in-2035\/","url_meta":{"origin":616,"position":2},"title":"Volkswagen Golf 8 Ar Putea R\u0103m\u00e2ne \u00een Produc\u021bie p\u00e2n\u0103 \u00een 2035","author":"Bejenaru Alexandru Ionut","date":"17 octombrie 2024","format":false,"excerpt":"Volkswagen Golf 8 Ar Putea R\u0103m\u00e2ne \u00een Produc\u021bie p\u00e2n\u0103 \u00een 2035 Volkswagen Golf 8, unul dintre cele mai iconice modele ale produc\u0103torului german, ar putea r\u0103m\u00e2ne \u00een produc\u021bie p\u00e2n\u0103 \u00een\u2026","rel":"","context":"\u00cen \u201e\u0218tiri\u201d","block_context":{"text":"\u0218tiri","link":"https:\/\/diagnozabam.ro\/sfaturi\/ro\/category\/stiri\/"},"img":{"alt_text":"volkswagen golf 8 ar putea ramane in productie pana in 2035","src":"https:\/\/i0.wp.com\/diagnozabam.ro\/sfaturi\/wp-content\/uploads\/2024\/07\/volkswagen-golf-8-ar-putea-ramane-in-productie-pana-in-2035.webp?resize=350%2C200&ssl=1","width":350,"height":200,"srcset":"https:\/\/i0.wp.com\/diagnozabam.ro\/sfaturi\/wp-content\/uploads\/2024\/07\/volkswagen-golf-8-ar-putea-ramane-in-productie-pana-in-2035.webp?resize=350%2C200&ssl=1 1x, https:\/\/i0.wp.com\/diagnozabam.ro\/sfaturi\/wp-content\/uploads\/2024\/07\/volkswagen-golf-8-ar-putea-ramane-in-productie-pana-in-2035.webp?resize=525%2C300&ssl=1 1.5x, https:\/\/i0.wp.com\/diagnozabam.ro\/sfaturi\/wp-content\/uploads\/2024\/07\/volkswagen-golf-8-ar-putea-ramane-in-productie-pana-in-2035.webp?resize=700%2C400&ssl=1 2x, https:\/\/i0.wp.com\/diagnozabam.ro\/sfaturi\/wp-content\/uploads\/2024\/07\/volkswagen-golf-8-ar-putea-ramane-in-productie-pana-in-2035.webp?resize=1050%2C600&ssl=1 3x"},"classes":[]},{"id":10358,"url":"https:\/\/diagnozabam.ro\/sfaturi\/ro\/blog\/ford-intentioneaza-sa-construiasca-un-nou-suv-in-fabrica-sa-din-spania\/","url_meta":{"origin":616,"position":3},"title":"Ford inten\u021bioneaz\u0103 s\u0103 construiasc\u0103 un nou SUV \u00een fabrica sa din Spania","author":"Bejenaru Alexandru Ionut","date":"30 martie 2024","format":false,"excerpt":"Este o veste \u00eencurajatoare c\u0103 Ford ia \u00een considerare construirea unui nou SUV \u00een fabrica sa din Valencia, Spania. Aceast\u0103 decizie ar putea aduce beneficii semnificative pentru economia local\u0103 \u0219i\u2026","rel":"","context":"\u00cen \u201e\u0218tiri\u201d","block_context":{"text":"\u0218tiri","link":"https:\/\/diagnozabam.ro\/sfaturi\/ro\/category\/stiri\/"},"img":{"alt_text":"ford intentioneaza sa construiasca un nou suv in fabrica sa din spania mfrh original","src":"https:\/\/i0.wp.com\/diagnozabam.ro\/sfaturi\/wp-content\/uploads\/2024\/03\/ford-intentioneaza-sa-construiasca-un-nou-suv-in-fabrica-sa-din-spania-mfrh-original.webp?resize=350%2C200&ssl=1","width":350,"height":200,"srcset":"https:\/\/i0.wp.com\/diagnozabam.ro\/sfaturi\/wp-content\/uploads\/2024\/03\/ford-intentioneaza-sa-construiasca-un-nou-suv-in-fabrica-sa-din-spania-mfrh-original.webp?resize=350%2C200&ssl=1 1x, https:\/\/i0.wp.com\/diagnozabam.ro\/sfaturi\/wp-content\/uploads\/2024\/03\/ford-intentioneaza-sa-construiasca-un-nou-suv-in-fabrica-sa-din-spania-mfrh-original.webp?resize=525%2C300&ssl=1 1.5x, https:\/\/i0.wp.com\/diagnozabam.ro\/sfaturi\/wp-content\/uploads\/2024\/03\/ford-intentioneaza-sa-construiasca-un-nou-suv-in-fabrica-sa-din-spania-mfrh-original.webp?resize=700%2C400&ssl=1 2x"},"classes":[]},{"id":10104,"url":"https:\/\/diagnozabam.ro\/sfaturi\/ro\/blog\/ford-focus-va-fi-retras-in-2025-3-500-de-locuri-de-munca-la-uzina-din-saarlouis-germania-in-pericol\/","url_meta":{"origin":616,"position":4},"title":"Ford Focus va Fi Retras \u00een 2025: 3.500 de Locuri de Munc\u0103 la Uzina din Saarlouis, Germania, \u00een Pericol","author":"Bejenaru Alexandru Ionut","date":"10 februarie 2024","format":false,"excerpt":"Este o veste trist\u0103 c\u0103 Ford Focus va fi scos din produc\u021bie \u00een 2025, iar uzina din Saarlouis, Germania, se confrunt\u0103 cu pierderea locurilor de munc\u0103 asociate cu produc\u021bia acestui\u2026","rel":"","context":"\u00cen \u201eAuto-RO\u201d","block_context":{"text":"Auto-RO","link":"https:\/\/diagnozabam.ro\/sfaturi\/ro\/category\/auto\/"},"img":{"alt_text":"ford focus va fi retras in 2025 3500 de locuri de munca la uzina din saarlouis germania in pericol mfrh original","src":"https:\/\/i0.wp.com\/diagnozabam.ro\/sfaturi\/wp-content\/uploads\/2024\/02\/ford-focus-va-fi-retras-in-2025-3500-de-locuri-de-munca-la-uzina-din-saarlouis-germania-in-pericol-mfrh-original.webp?resize=350%2C200&ssl=1","width":350,"height":200,"srcset":"https:\/\/i0.wp.com\/diagnozabam.ro\/sfaturi\/wp-content\/uploads\/2024\/02\/ford-focus-va-fi-retras-in-2025-3500-de-locuri-de-munca-la-uzina-din-saarlouis-germania-in-pericol-mfrh-original.webp?resize=350%2C200&ssl=1 1x, https:\/\/i0.wp.com\/diagnozabam.ro\/sfaturi\/wp-content\/uploads\/2024\/02\/ford-focus-va-fi-retras-in-2025-3500-de-locuri-de-munca-la-uzina-din-saarlouis-germania-in-pericol-mfrh-original.webp?resize=525%2C300&ssl=1 1.5x, https:\/\/i0.wp.com\/diagnozabam.ro\/sfaturi\/wp-content\/uploads\/2024\/02\/ford-focus-va-fi-retras-in-2025-3500-de-locuri-de-munca-la-uzina-din-saarlouis-germania-in-pericol-mfrh-original.webp?resize=700%2C400&ssl=1 2x"},"classes":[]},{"id":9825,"url":"https:\/\/diagnozabam.ro\/sfaturi\/ro\/blog\/ford-f-150-lightning-switchgear-o-privire-in-viitorul-performantei-electrice-pentru-pick-up-uri\/","url_meta":{"origin":616,"position":5},"title":"Ford F-150 Lightning Switchgear: O Privire \u00een Viitorul Performan\u021bei Electrice pentru Pick-up-uri!","author":"Bejenaru Alexandru Ionut","date":"25 ianuarie 2024","format":false,"excerpt":"Ford a dezv\u0103luit conceptul F-150 Lightning Switchgear, un pick-up electric de teren \u0219i performan\u021b\u0103 dezvoltat \u00een colaborare cu divizia Ford Performance \u0219i RTR Vehicles. Inspirat de proiectul F-150 Fun-Haver din\u2026","rel":"","context":"\u00cen \u201eAuto-RO\u201d","block_context":{"text":"Auto-RO","link":"https:\/\/diagnozabam.ro\/sfaturi\/ro\/category\/auto\/"},"img":{"alt_text":"ford f 150 lightning switchgear o privire in viitorul performantei electrice pentru pick up uri mfrh original","src":"https:\/\/i0.wp.com\/diagnozabam.ro\/sfaturi\/wp-content\/uploads\/2024\/01\/ford-f-150-lightning-switchgear-o-privire-in-viitorul-performantei-electrice-pentru-pick-up-uri-mfrh-original.webp?resize=350%2C200&ssl=1","width":350,"height":200,"srcset":"https:\/\/i0.wp.com\/diagnozabam.ro\/sfaturi\/wp-content\/uploads\/2024\/01\/ford-f-150-lightning-switchgear-o-privire-in-viitorul-performantei-electrice-pentru-pick-up-uri-mfrh-original.webp?resize=350%2C200&ssl=1 1x, https:\/\/i0.wp.com\/diagnozabam.ro\/sfaturi\/wp-content\/uploads\/2024\/01\/ford-f-150-lightning-switchgear-o-privire-in-viitorul-performantei-electrice-pentru-pick-up-uri-mfrh-original.webp?resize=525%2C300&ssl=1 1.5x, https:\/\/i0.wp.com\/diagnozabam.ro\/sfaturi\/wp-content\/uploads\/2024\/01\/ford-f-150-lightning-switchgear-o-privire-in-viitorul-performantei-electrice-pentru-pick-up-uri-mfrh-original.webp?resize=700%2C400&ssl=1 2x"},"classes":[]}],"jetpack_shortlink":"https:\/\/wp.me\/pf97go-9W","jetpack_featured_media_url":"","pll_sync_post":[],"_links":{"self":[{"href":"https:\/\/diagnozabam.ro\/sfaturi\/wp-json\/wp\/v2\/posts\/616","targetHints":{"allow":["GET"]}}],"collection":[{"href":"https:\/\/diagnozabam.ro\/sfaturi\/wp-json\/wp\/v2\/posts"}],"about":[{"href":"https:\/\/diagnozabam.ro\/sfaturi\/wp-json\/wp\/v2\/types\/post"}],"author":[{"embeddable":true,"href":"https:\/\/diagnozabam.ro\/sfaturi\/wp-json\/wp\/v2\/users\/1"}],"replies":[{"embeddable":true,"href":"https:\/\/diagnozabam.ro\/sfaturi\/wp-json\/wp\/v2\/comments?post=616"}],"version-history":[{"count":2,"href":"https:\/\/diagnozabam.ro\/sfaturi\/wp-json\/wp\/v2\/posts\/616\/revisions"}],"predecessor-version":[{"id":17682,"href":"https:\/\/diagnozabam.ro\/sfaturi\/wp-json\/wp\/v2\/posts\/616\/revisions\/17682"}],"wp:attachment":[{"href":"https:\/\/diagnozabam.ro\/sfaturi\/wp-json\/wp\/v2\/media?parent=616"}],"wp:term":[{"taxonomy":"category","embeddable":true,"href":"https:\/\/diagnozabam.ro\/sfaturi\/wp-json\/wp\/v2\/categories?post=616"},{"taxonomy":"post_tag","embeddable":true,"href":"https:\/\/diagnozabam.ro\/sfaturi\/wp-json\/wp\/v2\/tags?post=616"}],"curies":[{"name":"wp","href":"https:\/\/api.w.org\/{rel}","templated":true}]}}