{"id":731,"date":"2025-05-19T11:59:07","date_gmt":"2025-05-19T08:59:07","guid":{"rendered":"https:\/\/diagnozabam.ro\/sfaturi\/?p=731"},"modified":"2025-05-19T11:59:07","modified_gmt":"2025-05-19T08:59:07","slug":"pretul-masinilor-second-hand-din-romania-la-un-nivel-istoric","status":"publish","type":"post","link":"https:\/\/diagnozabam.ro\/sfaturi\/ro\/blog\/pretul-masinilor-second-hand-din-romania-la-un-nivel-istoric\/","title":{"rendered":"Pre\u021bul ma\u0219inilor second hand din Rom\u00e2nia, la un nivel istoric"},"content":{"rendered":"<h1>Pre\u021bul ma\u0219inilor second hand din Rom\u00e2nia, la un nivel istoric<\/h1>\n<div><img decoding=\"async\" class=\"alignnone size-full wp-image-732\" src=\"https:\/\/diagnozabam.ro\/sfaturi\/wp-content\/uploads\/2023\/07\/622839l-1000x640-b-8d6f07de.webp\" alt=\"Pre\u021bul ma\u0219inilor second hand din Rom\u00e2nia, la un nivel istoric - 622839l 1000x640 b 8d6f07de\" width=\"1000\" height=\"640\" title=\"Pre\u021bul ma\u0219inilor second hand din Rom\u00e2nia, la un nivel istoric - 622839l 1000x640 b 8d6f07de\"><\/div>\n<div class=\"excerpt\">Potrivit unui studiu recent, rom\u00e2nii care \u0219i-au achizi\u021bionat o ma\u0219in\u0103 second hand \u00een 2023 au pl\u0103tit cu 17% mai mult fa\u021b\u0103 de anul trecut. Concret, vorbim despre o sum\u0103 care dep\u0103\u0219e\u0219te 12.800 de euro.<\/div>\n<div class=\"banner_after_excerpt\"><\/div>\n<div class=\"entry\">\n<p>Situa\u021bia economic\u0103 actual\u0103, dar \u0219i timpii de a\u0219teptare mari pentru o ma\u0219in\u0103 nou\u0103, i-a f\u0103cut pe rom\u00e2ni s\u0103 \u00ee\u0219i \u00eendrepte aten\u021bia c\u0103tre pia\u021ba ma\u0219inilor second-hand. Acest lucru a dus, implicit, la o cre\u0219tere a pre\u021burilor.<\/p>\n<p><strong>A\u0219a se face c\u0103 ma\u0219inile second hand din Rom\u00e2nia au atins cel mai mare pre\u021b din istorie, scriu cei de la Profit.ro. Concret, rom\u00e2nii pl\u0103tesc acum cu circa 17% mai mult pentru o ma\u0219in\u0103 second hand, comparativ cu 2022. Adic\u0103 peste 12.800 de euro.<\/strong><\/p>\n<p>M\u0103rcile premium, cum ar fi <a href=\"https:\/\/diagnozabam.ro\/sfaturi\/ro\/blog\/bmw-x5m-lci-putere-si-eleganta-la-superlativ\/\">BMW<\/a>, Mercedes-Benz \u0219i Audi r\u0103m\u00e2n printre preferatele rom\u00e2nilor. \u00cen clasament mai reg\u0103sim Volkswagen, Renault, Ford \u0219i Skoda. \u00cen ceea ce prive\u0219te motoriz\u0103rile, rom\u00e2nii prefer\u0103 unit\u0103\u021bile pe benzin\u0103, \u00een defavoarea celor diesel.<\/p>\n<p><strong>Dac\u0103 tot suntem la capitolul preferin\u021be, rom\u00e2nii opteaz\u0103 \u00een general pentru SUV-uri atunci c\u00e2nd vine vorba despre achizi\u021bia unei ma\u0219ini second hand. \u00cei conving abilit\u0103\u021bile pe teren accidentat \u0219i spa\u021biul de care dispun la bordul unui asemenea vehicul.<\/strong><\/p>\n<p>Acela\u0219i studiu mai arat\u0103 c\u0103 rom\u00e2nii schimb\u0103 cel mai frecvent ma\u0219ina \u00een intervalul 150.000 &#8211; 200.000 de kilometri parcur\u0219i.<\/p>\n<div class=\"in_article_banner\">\n<div id=\"teads_banner\"><\/div>\n<\/div>\n<p>Studiul a luat \u00een calcul 645.000 de ma\u0219ini rulate, produse \u00een intervalul 2010 &#8211; 2023 \u0219i listate cu inten\u021bie de v\u00e2nzare \u00een ultimii 5 ani.\u00a0<\/p>\n<p>Siguran\u021ba, tehnologia, fiabilitatea, prestigiul m\u0103rcii \u0219i consumul urban sunt doar c\u00e2teva dintre criteriile pe care le analizeaz\u0103 rom\u00e2nii atunci c\u00e2nd caut\u0103 o ma\u0219in\u0103 la m\u00e2na a doua.<\/p>\n<p>via <a href=\"https:\/\/www.profit.ro\/povesti-cu-profit\/auto-transporturi\/masinile-second-hand-din-romania-au-atins-cel-mai-mare-pret-din-istorie-21260459\">Profit.ro<\/a><\/p>\n<\/div>\n","protected":false},"excerpt":{"rendered":"<p>Potrivit unui studiu recent, rom\u00e2nii care \u0219i-au achizi\u021bionat o ma\u0219in\u0103 second hand \u00een 2023 au pl\u0103tit cu 17% mai mult fa\u021b\u0103 de anul trecut. Concret, vorbim despre o sum\u0103 care&hellip;<\/p>\n","protected":false},"author":1,"featured_media":0,"comment_status":"open","ping_status":"open","sticky":false,"template":"","format":"standard","meta":{"_sitemap_exclude":false,"_sitemap_priority":"","_sitemap_frequency":"","footnotes":"","jetpack_publicize_message":"","jetpack_publicize_feature_enabled":true,"jetpack_social_post_already_shared":false,"jetpack_social_options":{"image_generator_settings":{"template":"highway","default_image_id":0,"font":"","enabled":false},"version":2},"jetpack_post_was_ever_published":false},"categories":[357],"tags":[23,22,21,743,25,744,745,24,746],"class_list":["post-731","post","type-post","status-publish","format-standard","hentry","category-stiri","tag-auto","tag-bam","tag-diagnoza","tag-masini-second-hand","tag-neamt","tag-pret-masini-rulate","tag-pret-masini-second-hand","tag-roman","tag-studiu-masini-second-hand"],"yoast_head":"<!-- This site is optimized with the Yoast SEO Premium plugin v27.7 (Yoast SEO v28.4) - https:\/\/yoast.com\/product\/yoast-seo-premium-wordpress\/ -->\n<title>Pre\u021bul ma\u0219inilor second hand din Rom\u00e2nia, la un nivel istoric - Diagnoza BAM<\/title>\n<meta name=\"description\" content=\"Potrivit unui studiu recent, rom\u00e2nii care \u0219i-au achizi\u021bionat o ma\u0219in\u0103 second hand \u00een 2023 au pl\u0103tit cu 17% mai mult fa\u021b\u0103 de...\" \/>\n<meta name=\"robots\" content=\"index, follow, max-snippet:-1, max-image-preview:large, max-video-preview:-1\" \/>\n<link rel=\"canonical\" href=\"https:\/\/diagnozabam.ro\/sfaturi\/ro\/blog\/pretul-masinilor-second-hand-din-romania-la-un-nivel-istoric\/\" \/>\n<meta property=\"og:locale\" content=\"ro_RO\" \/>\n<meta property=\"og:type\" content=\"article\" \/>\n<meta property=\"og:title\" content=\"Pre\u021bul ma\u0219inilor second hand din Rom\u00e2nia, la un nivel istoric\" \/>\n<meta property=\"og:description\" content=\"Potrivit unui studiu recent, rom\u00e2nii care \u0219i-au achizi\u021bionat o ma\u0219in\u0103 second hand \u00een 2023 au pl\u0103tit cu 17% mai mult fa\u021b\u0103 de anul trecut. Concret, vorbim despre o sum\u0103 care dep\u0103\u0219e\u0219te 12.800 de euro.\" \/>\n<meta property=\"og:url\" content=\"https:\/\/diagnozabam.ro\/sfaturi\/ro\/blog\/pretul-masinilor-second-hand-din-romania-la-un-nivel-istoric\/\" \/>\n<meta property=\"og:site_name\" content=\"Diagnoza BAM\" \/>\n<meta property=\"article:publisher\" content=\"https:\/\/www.facebook.com\/diagnozabam\" \/>\n<meta property=\"article:published_time\" content=\"2025-05-19T08:59:07+00:00\" \/>\n<meta property=\"og:image\" content=\"https:\/\/diagnozabam.ro\/sfaturi\/wp-content\/uploads\/2023\/07\/622839l-1000x640-b-8d6f07de.webp\" \/>\n<meta name=\"author\" content=\"Bejenaru Alexandru Ionut\" \/>\n<meta name=\"twitter:card\" content=\"summary_large_image\" \/>\n<meta name=\"twitter:label1\" content=\"Scris de\" \/>\n\t<meta name=\"twitter:data1\" content=\"Bejenaru Alexandru Ionut\" \/>\n\t<meta name=\"twitter:label2\" content=\"Timp estimat pentru citire\" \/>\n\t<meta name=\"twitter:data2\" content=\"2 minute\" \/>\n<script type=\"application\/ld+json\" class=\"yoast-schema-graph\">{\"@context\":\"https:\\\/\\\/schema.org\",\"@graph\":[{\"@type\":\"NewsArticle\",\"@id\":\"https:\\\/\\\/diagnozabam.ro\\\/sfaturi\\\/ro\\\/blog\\\/pretul-masinilor-second-hand-din-romania-la-un-nivel-istoric\\\/#article\",\"isPartOf\":{\"@id\":\"https:\\\/\\\/diagnozabam.ro\\\/sfaturi\\\/ro\\\/blog\\\/pretul-masinilor-second-hand-din-romania-la-un-nivel-istoric\\\/\"},\"author\":{\"name\":\"Bejenaru Alexandru Ionut\",\"@id\":\"https:\\\/\\\/diagnozabam.ro\\\/sfaturi\\\/#\\\/schema\\\/person\\\/77202adf825f4528d9ba9ab5b4ffafec\"},\"headline\":\"Pre\u021bul ma\u0219inilor second hand din Rom\u00e2nia, la un nivel istoric\",\"datePublished\":\"2025-05-19T08:59:07+00:00\",\"mainEntityOfPage\":{\"@id\":\"https:\\\/\\\/diagnozabam.ro\\\/sfaturi\\\/ro\\\/blog\\\/pretul-masinilor-second-hand-din-romania-la-un-nivel-istoric\\\/\"},\"wordCount\":329,\"commentCount\":0,\"publisher\":{\"@id\":\"https:\\\/\\\/diagnozabam.ro\\\/sfaturi\\\/#organization\"},\"image\":{\"@id\":\"https:\\\/\\\/diagnozabam.ro\\\/sfaturi\\\/ro\\\/blog\\\/pretul-masinilor-second-hand-din-romania-la-un-nivel-istoric\\\/#primaryimage\"},\"thumbnailUrl\":\"https:\\\/\\\/diagnozabam.ro\\\/sfaturi\\\/wp-content\\\/uploads\\\/2023\\\/07\\\/622839l-1000x640-b-8d6f07de.webp\",\"keywords\":[\"auto\",\"bam\",\"diagnoza\",\"masini second hand\",\"neamt\",\"pret masini rulate\",\"pret masini second hand\",\"roman\",\"studiu masini second hand\"],\"articleSection\":[\"\u0218tiri\"],\"inLanguage\":\"ro-RO\",\"potentialAction\":[{\"@type\":\"CommentAction\",\"name\":\"Comment\",\"target\":[\"https:\\\/\\\/diagnozabam.ro\\\/sfaturi\\\/ro\\\/blog\\\/pretul-masinilor-second-hand-din-romania-la-un-nivel-istoric\\\/#respond\"]}]},{\"@type\":\"WebPage\",\"@id\":\"https:\\\/\\\/diagnozabam.ro\\\/sfaturi\\\/ro\\\/blog\\\/pretul-masinilor-second-hand-din-romania-la-un-nivel-istoric\\\/\",\"url\":\"https:\\\/\\\/diagnozabam.ro\\\/sfaturi\\\/ro\\\/blog\\\/pretul-masinilor-second-hand-din-romania-la-un-nivel-istoric\\\/\",\"name\":\"Pre\u021bul ma\u0219inilor second hand din Rom\u00e2nia, la un nivel istoric - Diagnoza BAM\",\"isPartOf\":{\"@id\":\"https:\\\/\\\/diagnozabam.ro\\\/sfaturi\\\/#website\"},\"primaryImageOfPage\":{\"@id\":\"https:\\\/\\\/diagnozabam.ro\\\/sfaturi\\\/ro\\\/blog\\\/pretul-masinilor-second-hand-din-romania-la-un-nivel-istoric\\\/#primaryimage\"},\"image\":{\"@id\":\"https:\\\/\\\/diagnozabam.ro\\\/sfaturi\\\/ro\\\/blog\\\/pretul-masinilor-second-hand-din-romania-la-un-nivel-istoric\\\/#primaryimage\"},\"thumbnailUrl\":\"https:\\\/\\\/diagnozabam.ro\\\/sfaturi\\\/wp-content\\\/uploads\\\/2023\\\/07\\\/622839l-1000x640-b-8d6f07de.webp\",\"datePublished\":\"2025-05-19T08:59:07+00:00\",\"description\":\"Potrivit unui studiu recent, rom\u00e2nii care \u0219i-au achizi\u021bionat o ma\u0219in\u0103 second hand \u00een 2023 au pl\u0103tit cu 17% mai mult fa\u021b\u0103 de anul trecut. Concret, vorbim despre o sum\u0103 care dep\u0103\u0219e\u0219te 12.800 de euro.\",\"breadcrumb\":{\"@id\":\"https:\\\/\\\/diagnozabam.ro\\\/sfaturi\\\/ro\\\/blog\\\/pretul-masinilor-second-hand-din-romania-la-un-nivel-istoric\\\/#breadcrumb\"},\"inLanguage\":\"ro-RO\",\"potentialAction\":[{\"@type\":\"ReadAction\",\"target\":[\"https:\\\/\\\/diagnozabam.ro\\\/sfaturi\\\/ro\\\/blog\\\/pretul-masinilor-second-hand-din-romania-la-un-nivel-istoric\\\/\"]}]},{\"@type\":\"ImageObject\",\"inLanguage\":\"ro-RO\",\"@id\":\"https:\\\/\\\/diagnozabam.ro\\\/sfaturi\\\/ro\\\/blog\\\/pretul-masinilor-second-hand-din-romania-la-un-nivel-istoric\\\/#primaryimage\",\"url\":\"https:\\\/\\\/diagnozabam.ro\\\/sfaturi\\\/wp-content\\\/uploads\\\/2023\\\/07\\\/pretul-masinilor-second-hand-din-romania-la-un-nivel-istoric-mfrh-original.webp\",\"contentUrl\":\"https:\\\/\\\/diagnozabam.ro\\\/sfaturi\\\/wp-content\\\/uploads\\\/2023\\\/07\\\/pretul-masinilor-second-hand-din-romania-la-un-nivel-istoric-mfrh-original.webp\",\"width\":1000,\"height\":640,\"caption\":\"pretul masinilor second hand din romania la un nivel istoric mfrh original\"},{\"@type\":\"BreadcrumbList\",\"@id\":\"https:\\\/\\\/diagnozabam.ro\\\/sfaturi\\\/ro\\\/blog\\\/pretul-masinilor-second-hand-din-romania-la-un-nivel-istoric\\\/#breadcrumb\",\"itemListElement\":[{\"@type\":\"ListItem\",\"position\":1,\"name\":\"Home\",\"item\":\"https:\\\/\\\/diagnozabam.ro\\\/sfaturi\\\/\"},{\"@type\":\"ListItem\",\"position\":2,\"name\":\"Pre\u021bul ma\u0219inilor second hand din Rom\u00e2nia, la un nivel istoric\"}]},{\"@type\":\"WebSite\",\"@id\":\"https:\\\/\\\/diagnozabam.ro\\\/sfaturi\\\/#website\",\"url\":\"https:\\\/\\\/diagnozabam.ro\\\/sfaturi\\\/\",\"name\":\"Diagnoza BAM\",\"description\":\"Independent Auto Diagnostics, Tech Analysis and Smart Insights\",\"publisher\":{\"@id\":\"https:\\\/\\\/diagnozabam.ro\\\/sfaturi\\\/#organization\"},\"alternateName\":\"DBAM\",\"potentialAction\":[{\"@type\":\"SearchAction\",\"target\":{\"@type\":\"EntryPoint\",\"urlTemplate\":\"https:\\\/\\\/diagnozabam.ro\\\/sfaturi\\\/?s={search_term_string}\"},\"query-input\":{\"@type\":\"PropertyValueSpecification\",\"valueRequired\":true,\"valueName\":\"search_term_string\"}}],\"inLanguage\":\"ro-RO\"},{\"@type\":\"Organization\",\"@id\":\"https:\\\/\\\/diagnozabam.ro\\\/sfaturi\\\/#organization\",\"name\":\"Diagnoza BAM\",\"alternateName\":\"DBAM\",\"url\":\"https:\\\/\\\/diagnozabam.ro\\\/sfaturi\\\/\",\"logo\":{\"@type\":\"ImageObject\",\"inLanguage\":\"ro-RO\",\"@id\":\"https:\\\/\\\/diagnozabam.ro\\\/sfaturi\\\/#\\\/schema\\\/logo\\\/image\\\/\",\"url\":\"https:\\\/\\\/diagnozabam.ro\\\/sfaturi\\\/wp-content\\\/uploads\\\/2025\\\/11\\\/logo-diagnoza-bam-imagine.webp\",\"contentUrl\":\"https:\\\/\\\/diagnozabam.ro\\\/sfaturi\\\/wp-content\\\/uploads\\\/2025\\\/11\\\/logo-diagnoza-bam-imagine.webp\",\"width\":512,\"height\":512,\"caption\":\"Diagnoza BAM\"},\"image\":{\"@id\":\"https:\\\/\\\/diagnozabam.ro\\\/sfaturi\\\/#\\\/schema\\\/logo\\\/image\\\/\"},\"sameAs\":[\"https:\\\/\\\/www.facebook.com\\\/diagnozabam\",\"https:\\\/\\\/mastodon.social\\\/@diagnozabam\",\"https:\\\/\\\/bsky.app\\\/profile\\\/did:plc:f4cmgfa3nv33bch7p3wgwchr\",\"https:\\\/\\\/www.tumblr.com\\\/diagbam\"],\"description\":\"Independent publishing platform focused on automotive diagnostics, OBD2 analysis, repair cost breakdowns, technology insights and practical technical guides.\",\"email\":\"redactie@diagnozabam.ro\",\"foundingDate\":\"2023-02-16\"},{\"@type\":\"Person\",\"@id\":\"https:\\\/\\\/diagnozabam.ro\\\/sfaturi\\\/#\\\/schema\\\/person\\\/77202adf825f4528d9ba9ab5b4ffafec\",\"name\":\"Bejenaru Alexandru Ionut\",\"image\":{\"@type\":\"ImageObject\",\"inLanguage\":\"ro-RO\",\"@id\":\"https:\\\/\\\/secure.gravatar.com\\\/avatar\\\/96634b44a266a571c59a5e82fc6f12edfb6876914735dbc57aa2348d11395470?s=96&d=mm&r=g\",\"url\":\"https:\\\/\\\/secure.gravatar.com\\\/avatar\\\/96634b44a266a571c59a5e82fc6f12edfb6876914735dbc57aa2348d11395470?s=96&d=mm&r=g\",\"contentUrl\":\"https:\\\/\\\/secure.gravatar.com\\\/avatar\\\/96634b44a266a571c59a5e82fc6f12edfb6876914735dbc57aa2348d11395470?s=96&d=mm&r=g\",\"caption\":\"Bejenaru Alexandru Ionut\"},\"sameAs\":[\"https:\\\/\\\/diagnozabam.ro\"],\"honorificPrefix\":\"Mr.\",\"birthDate\":\"1997-12-23\",\"url\":\"https:\\\/\\\/diagnozabam.ro\\\/sfaturi\\\/blog\\\/author\\\/bejenaru-alexandru-ionut\\\/\"}]}<\/script>\n<!-- \/ Yoast SEO Premium plugin. -->","yoast_head_json":{"title":"Pre\u021bul ma\u0219inilor second hand din Rom\u00e2nia, la un nivel istoric - Diagnoza BAM","description":"Potrivit unui studiu recent, rom\u00e2nii care \u0219i-au achizi\u021bionat o ma\u0219in\u0103 second hand \u00een 2023 au pl\u0103tit cu 17% mai mult fa\u021b\u0103 de...","robots":{"index":"index","follow":"follow","max-snippet":"max-snippet:-1","max-image-preview":"max-image-preview:large","max-video-preview":"max-video-preview:-1"},"canonical":"https:\/\/diagnozabam.ro\/sfaturi\/ro\/blog\/pretul-masinilor-second-hand-din-romania-la-un-nivel-istoric\/","og_locale":"ro_RO","og_type":"article","og_title":"Pre\u021bul ma\u0219inilor second hand din Rom\u00e2nia, la un nivel istoric","og_description":"Potrivit unui studiu recent, rom\u00e2nii care \u0219i-au achizi\u021bionat o ma\u0219in\u0103 second hand \u00een 2023 au pl\u0103tit cu 17% mai mult fa\u021b\u0103 de anul trecut. Concret, vorbim despre o sum\u0103 care dep\u0103\u0219e\u0219te 12.800 de euro.","og_url":"https:\/\/diagnozabam.ro\/sfaturi\/ro\/blog\/pretul-masinilor-second-hand-din-romania-la-un-nivel-istoric\/","og_site_name":"Diagnoza BAM","article_publisher":"https:\/\/www.facebook.com\/diagnozabam","article_published_time":"2025-05-19T08:59:07+00:00","og_image":[{"url":"https:\/\/diagnozabam.ro\/sfaturi\/wp-content\/uploads\/2023\/07\/622839l-1000x640-b-8d6f07de.webp","type":"","width":"","height":""}],"author":"Bejenaru Alexandru Ionut","twitter_card":"summary_large_image","twitter_misc":{"Scris de":"Bejenaru Alexandru Ionut","Timp estimat pentru citire":"2 minute"},"schema":{"@context":"https:\/\/schema.org","@graph":[{"@type":"NewsArticle","@id":"https:\/\/diagnozabam.ro\/sfaturi\/ro\/blog\/pretul-masinilor-second-hand-din-romania-la-un-nivel-istoric\/#article","isPartOf":{"@id":"https:\/\/diagnozabam.ro\/sfaturi\/ro\/blog\/pretul-masinilor-second-hand-din-romania-la-un-nivel-istoric\/"},"author":{"name":"Bejenaru Alexandru Ionut","@id":"https:\/\/diagnozabam.ro\/sfaturi\/#\/schema\/person\/77202adf825f4528d9ba9ab5b4ffafec"},"headline":"Pre\u021bul ma\u0219inilor second hand din Rom\u00e2nia, la un nivel istoric","datePublished":"2025-05-19T08:59:07+00:00","mainEntityOfPage":{"@id":"https:\/\/diagnozabam.ro\/sfaturi\/ro\/blog\/pretul-masinilor-second-hand-din-romania-la-un-nivel-istoric\/"},"wordCount":329,"commentCount":0,"publisher":{"@id":"https:\/\/diagnozabam.ro\/sfaturi\/#organization"},"image":{"@id":"https:\/\/diagnozabam.ro\/sfaturi\/ro\/blog\/pretul-masinilor-second-hand-din-romania-la-un-nivel-istoric\/#primaryimage"},"thumbnailUrl":"https:\/\/diagnozabam.ro\/sfaturi\/wp-content\/uploads\/2023\/07\/622839l-1000x640-b-8d6f07de.webp","keywords":["auto","bam","diagnoza","masini second hand","neamt","pret masini rulate","pret masini second hand","roman","studiu masini second hand"],"articleSection":["\u0218tiri"],"inLanguage":"ro-RO","potentialAction":[{"@type":"CommentAction","name":"Comment","target":["https:\/\/diagnozabam.ro\/sfaturi\/ro\/blog\/pretul-masinilor-second-hand-din-romania-la-un-nivel-istoric\/#respond"]}]},{"@type":"WebPage","@id":"https:\/\/diagnozabam.ro\/sfaturi\/ro\/blog\/pretul-masinilor-second-hand-din-romania-la-un-nivel-istoric\/","url":"https:\/\/diagnozabam.ro\/sfaturi\/ro\/blog\/pretul-masinilor-second-hand-din-romania-la-un-nivel-istoric\/","name":"Pre\u021bul ma\u0219inilor second hand din Rom\u00e2nia, la un nivel istoric - Diagnoza BAM","isPartOf":{"@id":"https:\/\/diagnozabam.ro\/sfaturi\/#website"},"primaryImageOfPage":{"@id":"https:\/\/diagnozabam.ro\/sfaturi\/ro\/blog\/pretul-masinilor-second-hand-din-romania-la-un-nivel-istoric\/#primaryimage"},"image":{"@id":"https:\/\/diagnozabam.ro\/sfaturi\/ro\/blog\/pretul-masinilor-second-hand-din-romania-la-un-nivel-istoric\/#primaryimage"},"thumbnailUrl":"https:\/\/diagnozabam.ro\/sfaturi\/wp-content\/uploads\/2023\/07\/622839l-1000x640-b-8d6f07de.webp","datePublished":"2025-05-19T08:59:07+00:00","description":"Potrivit unui studiu recent, rom\u00e2nii care \u0219i-au achizi\u021bionat o ma\u0219in\u0103 second hand \u00een 2023 au pl\u0103tit cu 17% mai mult fa\u021b\u0103 de anul trecut. Concret, vorbim despre o sum\u0103 care dep\u0103\u0219e\u0219te 12.800 de euro.","breadcrumb":{"@id":"https:\/\/diagnozabam.ro\/sfaturi\/ro\/blog\/pretul-masinilor-second-hand-din-romania-la-un-nivel-istoric\/#breadcrumb"},"inLanguage":"ro-RO","potentialAction":[{"@type":"ReadAction","target":["https:\/\/diagnozabam.ro\/sfaturi\/ro\/blog\/pretul-masinilor-second-hand-din-romania-la-un-nivel-istoric\/"]}]},{"@type":"ImageObject","inLanguage":"ro-RO","@id":"https:\/\/diagnozabam.ro\/sfaturi\/ro\/blog\/pretul-masinilor-second-hand-din-romania-la-un-nivel-istoric\/#primaryimage","url":"https:\/\/diagnozabam.ro\/sfaturi\/wp-content\/uploads\/2023\/07\/pretul-masinilor-second-hand-din-romania-la-un-nivel-istoric-mfrh-original.webp","contentUrl":"https:\/\/diagnozabam.ro\/sfaturi\/wp-content\/uploads\/2023\/07\/pretul-masinilor-second-hand-din-romania-la-un-nivel-istoric-mfrh-original.webp","width":1000,"height":640,"caption":"pretul masinilor second hand din romania la un nivel istoric mfrh original"},{"@type":"BreadcrumbList","@id":"https:\/\/diagnozabam.ro\/sfaturi\/ro\/blog\/pretul-masinilor-second-hand-din-romania-la-un-nivel-istoric\/#breadcrumb","itemListElement":[{"@type":"ListItem","position":1,"name":"Home","item":"https:\/\/diagnozabam.ro\/sfaturi\/"},{"@type":"ListItem","position":2,"name":"Pre\u021bul ma\u0219inilor second hand din Rom\u00e2nia, la un nivel istoric"}]},{"@type":"WebSite","@id":"https:\/\/diagnozabam.ro\/sfaturi\/#website","url":"https:\/\/diagnozabam.ro\/sfaturi\/","name":"Diagnoza BAM","description":"Independent Auto Diagnostics, Tech Analysis and Smart Insights","publisher":{"@id":"https:\/\/diagnozabam.ro\/sfaturi\/#organization"},"alternateName":"DBAM","potentialAction":[{"@type":"SearchAction","target":{"@type":"EntryPoint","urlTemplate":"https:\/\/diagnozabam.ro\/sfaturi\/?s={search_term_string}"},"query-input":{"@type":"PropertyValueSpecification","valueRequired":true,"valueName":"search_term_string"}}],"inLanguage":"ro-RO"},{"@type":"Organization","@id":"https:\/\/diagnozabam.ro\/sfaturi\/#organization","name":"Diagnoza BAM","alternateName":"DBAM","url":"https:\/\/diagnozabam.ro\/sfaturi\/","logo":{"@type":"ImageObject","inLanguage":"ro-RO","@id":"https:\/\/diagnozabam.ro\/sfaturi\/#\/schema\/logo\/image\/","url":"https:\/\/diagnozabam.ro\/sfaturi\/wp-content\/uploads\/2025\/11\/logo-diagnoza-bam-imagine.webp","contentUrl":"https:\/\/diagnozabam.ro\/sfaturi\/wp-content\/uploads\/2025\/11\/logo-diagnoza-bam-imagine.webp","width":512,"height":512,"caption":"Diagnoza BAM"},"image":{"@id":"https:\/\/diagnozabam.ro\/sfaturi\/#\/schema\/logo\/image\/"},"sameAs":["https:\/\/www.facebook.com\/diagnozabam","https:\/\/mastodon.social\/@diagnozabam","https:\/\/bsky.app\/profile\/did:plc:f4cmgfa3nv33bch7p3wgwchr","https:\/\/www.tumblr.com\/diagbam"],"description":"Independent publishing platform focused on automotive diagnostics, OBD2 analysis, repair cost breakdowns, technology insights and practical technical guides.","email":"redactie@diagnozabam.ro","foundingDate":"2023-02-16"},{"@type":"Person","@id":"https:\/\/diagnozabam.ro\/sfaturi\/#\/schema\/person\/77202adf825f4528d9ba9ab5b4ffafec","name":"Bejenaru Alexandru Ionut","image":{"@type":"ImageObject","inLanguage":"ro-RO","@id":"https:\/\/secure.gravatar.com\/avatar\/96634b44a266a571c59a5e82fc6f12edfb6876914735dbc57aa2348d11395470?s=96&d=mm&r=g","url":"https:\/\/secure.gravatar.com\/avatar\/96634b44a266a571c59a5e82fc6f12edfb6876914735dbc57aa2348d11395470?s=96&d=mm&r=g","contentUrl":"https:\/\/secure.gravatar.com\/avatar\/96634b44a266a571c59a5e82fc6f12edfb6876914735dbc57aa2348d11395470?s=96&d=mm&r=g","caption":"Bejenaru Alexandru Ionut"},"sameAs":["https:\/\/diagnozabam.ro"],"honorificPrefix":"Mr.","birthDate":"1997-12-23","url":"https:\/\/diagnozabam.ro\/sfaturi\/blog\/author\/bejenaru-alexandru-ionut\/"}]}},"lang":"ro","translations":{"ro":731},"jetpack_publicize_connections":[],"jetpack-related-posts":[{"id":13502,"url":"https:\/\/diagnozabam.ro\/sfaturi\/ro\/blog\/de-ce-este-esential-sa-verifici-istoricul-masinii-inainte-de-a-cumpara-carvertical-iti-dezvaluie-tot-ce-vrei-sa-stii\/","url_meta":{"origin":731,"position":0},"title":"Istoricul ma\u0219inii: afl\u0103 adev\u0103rul \u00eenainte de cump\u0103rare","author":"Bejenaru Alexandru Ionut","date":"22 februarie 2025","format":false,"excerpt":"De ce este esen\u021bial s\u0103 verifici istoricul ma\u0219inii \u00eenainte de a cump\u0103ra? CarVertical \u00ee\u021bi dezv\u0103luie tot ce vrei s\u0103 \u0219tii! Cump\u0103rarea unei ma\u0219ini second-hand poate fi o loterie. Chiar dac\u0103\u2026","rel":"","context":"\u00cen \u201e\u0218tiri\u201d","block_context":{"text":"\u0218tiri","link":"https:\/\/diagnozabam.ro\/sfaturi\/ro\/category\/stiri\/"},"img":{"alt_text":"reclama creata pe 6 februarie 2025 1133 mfrh original","src":"https:\/\/i0.wp.com\/diagnozabam.ro\/sfaturi\/wp-content\/uploads\/2025\/02\/reclama-creata-pe-6-februarie-2025-1133-mfrh-original.webp?resize=350%2C200&ssl=1","width":350,"height":200,"srcset":"https:\/\/i0.wp.com\/diagnozabam.ro\/sfaturi\/wp-content\/uploads\/2025\/02\/reclama-creata-pe-6-februarie-2025-1133-mfrh-original.webp?resize=350%2C200&ssl=1 1x, https:\/\/i0.wp.com\/diagnozabam.ro\/sfaturi\/wp-content\/uploads\/2025\/02\/reclama-creata-pe-6-februarie-2025-1133-mfrh-original.webp?resize=525%2C300&ssl=1 1.5x, https:\/\/i0.wp.com\/diagnozabam.ro\/sfaturi\/wp-content\/uploads\/2025\/02\/reclama-creata-pe-6-februarie-2025-1133-mfrh-original.webp?resize=700%2C400&ssl=1 2x, https:\/\/i0.wp.com\/diagnozabam.ro\/sfaturi\/wp-content\/uploads\/2025\/02\/reclama-creata-pe-6-februarie-2025-1133-mfrh-original.webp?resize=1050%2C600&ssl=1 3x"},"classes":[]},{"id":12513,"url":"https:\/\/diagnozabam.ro\/sfaturi\/ro\/blog\/10-masini-second-hand-greu-de-vandut-costuri-mari-si-probleme-tehnice\/","url_meta":{"origin":731,"position":1},"title":"10 Ma\u0219ini SH Capcan\u0103: Costuri \u0219i Probleme","author":"Bejenaru Alexandru Ionut","date":"30 noiembrie 2024","format":false,"excerpt":"10 ma\u0219ini second-hand greu de v\u00e2ndut: costuri mari \u0219i probleme tehnice Achizi\u021bionarea unei ma\u0219ini second-hand poate p\u0103rea o op\u021biune avantajoas\u0103, \u00eens\u0103 nu toate modelele sunt investi\u021bii bune. Unele vehicule, de\u0219i\u2026","rel":"","context":"\u00cen \u201eAuto-RO\u201d","block_context":{"text":"Auto-RO","link":"https:\/\/diagnozabam.ro\/sfaturi\/ro\/category\/auto\/"},"img":{"alt_text":"10 masini second hand greu de vandut costuri mari si probleme tehnice","src":"https:\/\/i0.wp.com\/diagnozabam.ro\/sfaturi\/wp-content\/uploads\/2024\/11\/10-masini-second-hand-greu-de-vandut-costuri-mari-si-probleme-tehnice.webp?resize=350%2C200&ssl=1","width":350,"height":200,"srcset":"https:\/\/i0.wp.com\/diagnozabam.ro\/sfaturi\/wp-content\/uploads\/2024\/11\/10-masini-second-hand-greu-de-vandut-costuri-mari-si-probleme-tehnice.webp?resize=350%2C200&ssl=1 1x, https:\/\/i0.wp.com\/diagnozabam.ro\/sfaturi\/wp-content\/uploads\/2024\/11\/10-masini-second-hand-greu-de-vandut-costuri-mari-si-probleme-tehnice.webp?resize=525%2C300&ssl=1 1.5x, https:\/\/i0.wp.com\/diagnozabam.ro\/sfaturi\/wp-content\/uploads\/2024\/11\/10-masini-second-hand-greu-de-vandut-costuri-mari-si-probleme-tehnice.webp?resize=700%2C400&ssl=1 2x, https:\/\/i0.wp.com\/diagnozabam.ro\/sfaturi\/wp-content\/uploads\/2024\/11\/10-masini-second-hand-greu-de-vandut-costuri-mari-si-probleme-tehnice.webp?resize=1050%2C600&ssl=1 3x"},"classes":[]},{"id":21854,"url":"https:\/\/diagnozabam.ro\/sfaturi\/ro\/blog\/top-5-masini-sh-fiabile-pentru-romania\/","url_meta":{"origin":731,"position":2},"title":"Top 5 ma\u0219ini second-hand de \u00eencredere \u00een Rom\u00e2nia","author":"Bejenaru Alexandru Ionut","date":"24 iulie 2025","format":false,"excerpt":"Top 5 cele mai fiabile ma\u0219ini second-hand pentru drumurile din Rom\u00e2nia Cump\u0103rarea unei ma\u0219ini second-hand \u00een Rom\u00e2nia vine cu un set de priorit\u0103\u021bi diferit fa\u021b\u0103 de achizi\u021bia uneia noi. Fiabilitatea nu este un moft \u2014 este \u00eentregul scop al achizi\u021biei. O ma\u0219in\u0103 second-hand care se defecteaz\u0103 constant, are nevoie de\u2026","rel":"","context":"\u00cen \u201e\u0218tiri\u201d","block_context":{"text":"\u0218tiri","link":"https:\/\/diagnozabam.ro\/sfaturi\/ro\/category\/stiri\/"},"img":{"alt_text":"Top 5 ma\u0219ini SH fiabile pentru Rom\u00e2nia!","src":"https:\/\/i0.wp.com\/diagnozabam.ro\/sfaturi\/wp-content\/uploads\/2025\/07\/Top-5-masini-SH-fiabile-pentru-Romania.webp?resize=350%2C200&ssl=1","width":350,"height":200,"srcset":"https:\/\/i0.wp.com\/diagnozabam.ro\/sfaturi\/wp-content\/uploads\/2025\/07\/Top-5-masini-SH-fiabile-pentru-Romania.webp?resize=350%2C200&ssl=1 1x, https:\/\/i0.wp.com\/diagnozabam.ro\/sfaturi\/wp-content\/uploads\/2025\/07\/Top-5-masini-SH-fiabile-pentru-Romania.webp?resize=525%2C300&ssl=1 1.5x, https:\/\/i0.wp.com\/diagnozabam.ro\/sfaturi\/wp-content\/uploads\/2025\/07\/Top-5-masini-SH-fiabile-pentru-Romania.webp?resize=700%2C400&ssl=1 2x, https:\/\/i0.wp.com\/diagnozabam.ro\/sfaturi\/wp-content\/uploads\/2025\/07\/Top-5-masini-SH-fiabile-pentru-Romania.webp?resize=1050%2C600&ssl=1 3x, https:\/\/i0.wp.com\/diagnozabam.ro\/sfaturi\/wp-content\/uploads\/2025\/07\/Top-5-masini-SH-fiabile-pentru-Romania.webp?resize=1400%2C800&ssl=1 4x"},"classes":[]},{"id":19203,"url":"https:\/\/diagnozabam.ro\/sfaturi\/ro\/blog\/de-ce-se-fura-capacele-de-la-stergatoarele-spate-adevarul-surprinzator\/","url_meta":{"origin":731,"position":3},"title":"De Ce Se Fur\u0103 Capacele de la \u0218terg\u0103toarele Spate? Adev\u0103rul","author":"Bejenaru Alexandru Ionut","date":"24 aprilie 2025","format":false,"excerpt":"De ce se fur\u0103 capacele de la \u0219terg\u0103toarele spate? Adev\u0103rul surprinz\u0103tor! Ai mers la ma\u0219in\u0103 azi? Te \u00eentrebi de ce se fur\u0103 capacele de la \u0219terg\u0103toarele spate at\u00e2t de des? Nu e\u0219ti singurul! Tot mai mul\u021bi \u0219oferi din Rom\u00e2nia au aceast\u0103 problem\u0103 enervant\u0103. Un capac \u0219terg\u0103tor spate furat \u00ee\u021bi poate\u2026","rel":"","context":"\u00cen \u201eAuto-RO\u201d","block_context":{"text":"Auto-RO","link":"https:\/\/diagnozabam.ro\/sfaturi\/ro\/category\/auto\/"},"img":{"alt_text":"De ce se fur\u0103 capacele de la \u0219terg\u0103toarele spate Adev\u0103rul surprinz\u0103tor!","src":"https:\/\/i0.wp.com\/diagnozabam.ro\/sfaturi\/wp-content\/uploads\/2025\/04\/De-ce-se-fura-capacele-de-la-stergatoarele-spate-Adevarul-surprinzator.webp?resize=350%2C200&ssl=1","width":350,"height":200,"srcset":"https:\/\/i0.wp.com\/diagnozabam.ro\/sfaturi\/wp-content\/uploads\/2025\/04\/De-ce-se-fura-capacele-de-la-stergatoarele-spate-Adevarul-surprinzator.webp?resize=350%2C200&ssl=1 1x, https:\/\/i0.wp.com\/diagnozabam.ro\/sfaturi\/wp-content\/uploads\/2025\/04\/De-ce-se-fura-capacele-de-la-stergatoarele-spate-Adevarul-surprinzator.webp?resize=525%2C300&ssl=1 1.5x, https:\/\/i0.wp.com\/diagnozabam.ro\/sfaturi\/wp-content\/uploads\/2025\/04\/De-ce-se-fura-capacele-de-la-stergatoarele-spate-Adevarul-surprinzator.webp?resize=700%2C400&ssl=1 2x, https:\/\/i0.wp.com\/diagnozabam.ro\/sfaturi\/wp-content\/uploads\/2025\/04\/De-ce-se-fura-capacele-de-la-stergatoarele-spate-Adevarul-surprinzator.webp?resize=1050%2C600&ssl=1 3x, https:\/\/i0.wp.com\/diagnozabam.ro\/sfaturi\/wp-content\/uploads\/2025\/04\/De-ce-se-fura-capacele-de-la-stergatoarele-spate-Adevarul-surprinzator.webp?resize=1400%2C800&ssl=1 4x"},"classes":[]},{"id":23835,"url":"https:\/\/diagnozabam.ro\/sfaturi\/ro\/blog\/%f0%9f%94%a5-top-10-cele-mai-fiabile-suv-uri-second-hand\/","url_meta":{"origin":731,"position":4},"title":"Top 10 SUV-uri Fiabile Second Hand","author":"Bejenaru Alexandru Ionut","date":"29 septembrie 2025","format":false,"excerpt":"Top 10 SUV-uri Fiabile Second Hand \u00een 2026: Ghid Complet cu Costuri Reale Achizi\u021bia unui SUV nou r\u0103m\u00e2ne, pentru majoritatea bugetelor, un compromis greu de justificat \u2014 pre\u021burile de list\u0103 pentru modele cu dot\u0103ri complete dep\u0103\u0219esc frecvent 40.000-50.000 de euro. Pia\u021ba second hand ofer\u0103 o alternativ\u0103 ra\u021bional\u0103: acelea\u0219i calit\u0103\u021bi de\u2026","rel":"","context":"\u00cen \u201e\u0218tiri\u201d","block_context":{"text":"\u0218tiri","link":"https:\/\/diagnozabam.ro\/sfaturi\/ro\/category\/stiri\/"},"img":{"alt_text":"top 10 most reliable used SUVs","src":"https:\/\/i0.wp.com\/diagnozabam.ro\/sfaturi\/wp-content\/uploads\/2025\/09\/top-10-most-reliable-used-SUVs.webp?resize=350%2C200&ssl=1","width":350,"height":200,"srcset":"https:\/\/i0.wp.com\/diagnozabam.ro\/sfaturi\/wp-content\/uploads\/2025\/09\/top-10-most-reliable-used-SUVs.webp?resize=350%2C200&ssl=1 1x, https:\/\/i0.wp.com\/diagnozabam.ro\/sfaturi\/wp-content\/uploads\/2025\/09\/top-10-most-reliable-used-SUVs.webp?resize=525%2C300&ssl=1 1.5x, https:\/\/i0.wp.com\/diagnozabam.ro\/sfaturi\/wp-content\/uploads\/2025\/09\/top-10-most-reliable-used-SUVs.webp?resize=700%2C400&ssl=1 2x, https:\/\/i0.wp.com\/diagnozabam.ro\/sfaturi\/wp-content\/uploads\/2025\/09\/top-10-most-reliable-used-SUVs.webp?resize=1050%2C600&ssl=1 3x, https:\/\/i0.wp.com\/diagnozabam.ro\/sfaturi\/wp-content\/uploads\/2025\/09\/top-10-most-reliable-used-SUVs.webp?resize=1400%2C800&ssl=1 4x"},"classes":[]},{"id":19636,"url":"https:\/\/diagnozabam.ro\/sfaturi\/ro\/blog\/adio-itp-pentru-masinile-cu-volan-pe-dreapta\/","url_meta":{"origin":731,"position":5},"title":"Adio ITP pentru ma\u0219inile cu volan pe dreapta?","author":"Bejenaru Alexandru Ionut","date":"7 iunie 2025","format":false,"excerpt":"Aten\u021bie \u0219oferi! ITP-ul pentru ma\u0219inile cu volan pe dreapta a devenit o problem\u0103 real\u0103 \u00een 2025! Dac\u0103 ai adus o ma\u0219in\u0103 din UK sau Irlanda, afl\u0103 de ce nu mai po\u021bi trece ITP-ul \u00een Rom\u00e2nia f\u0103r\u0103 modific\u0103ri majore. \ud83d\uded1 Ce spune legisla\u021bia? \u00cencep\u00e2nd cu ianuarie 2023, legisla\u021bia rom\u00e2neasc\u0103 s-a aliniat\u2026","rel":"","context":"\u00cen \u201e\u0218tiri\u201d","block_context":{"text":"\u0218tiri","link":"https:\/\/diagnozabam.ro\/sfaturi\/ro\/category\/stiri\/"},"img":{"alt_text":"Adio ITP pentru ma\u0219inile cu volan pe dreapta","src":"https:\/\/i0.wp.com\/diagnozabam.ro\/sfaturi\/wp-content\/uploads\/2025\/06\/Adio-ITP-pentru-masinile-cu-volan-pe-dreapta.webp?resize=350%2C200&ssl=1","width":350,"height":200,"srcset":"https:\/\/i0.wp.com\/diagnozabam.ro\/sfaturi\/wp-content\/uploads\/2025\/06\/Adio-ITP-pentru-masinile-cu-volan-pe-dreapta.webp?resize=350%2C200&ssl=1 1x, https:\/\/i0.wp.com\/diagnozabam.ro\/sfaturi\/wp-content\/uploads\/2025\/06\/Adio-ITP-pentru-masinile-cu-volan-pe-dreapta.webp?resize=525%2C300&ssl=1 1.5x, https:\/\/i0.wp.com\/diagnozabam.ro\/sfaturi\/wp-content\/uploads\/2025\/06\/Adio-ITP-pentru-masinile-cu-volan-pe-dreapta.webp?resize=700%2C400&ssl=1 2x, https:\/\/i0.wp.com\/diagnozabam.ro\/sfaturi\/wp-content\/uploads\/2025\/06\/Adio-ITP-pentru-masinile-cu-volan-pe-dreapta.webp?resize=1050%2C600&ssl=1 3x, https:\/\/i0.wp.com\/diagnozabam.ro\/sfaturi\/wp-content\/uploads\/2025\/06\/Adio-ITP-pentru-masinile-cu-volan-pe-dreapta.webp?resize=1400%2C800&ssl=1 4x"},"classes":[]}],"jetpack_shortlink":"https:\/\/wp.me\/pf97go-bN","jetpack_featured_media_url":"","pll_sync_post":[],"_links":{"self":[{"href":"https:\/\/diagnozabam.ro\/sfaturi\/wp-json\/wp\/v2\/posts\/731","targetHints":{"allow":["GET"]}}],"collection":[{"href":"https:\/\/diagnozabam.ro\/sfaturi\/wp-json\/wp\/v2\/posts"}],"about":[{"href":"https:\/\/diagnozabam.ro\/sfaturi\/wp-json\/wp\/v2\/types\/post"}],"author":[{"embeddable":true,"href":"https:\/\/diagnozabam.ro\/sfaturi\/wp-json\/wp\/v2\/users\/1"}],"replies":[{"embeddable":true,"href":"https:\/\/diagnozabam.ro\/sfaturi\/wp-json\/wp\/v2\/comments?post=731"}],"version-history":[{"count":2,"href":"https:\/\/diagnozabam.ro\/sfaturi\/wp-json\/wp\/v2\/posts\/731\/revisions"}],"predecessor-version":[{"id":17824,"href":"https:\/\/diagnozabam.ro\/sfaturi\/wp-json\/wp\/v2\/posts\/731\/revisions\/17824"}],"wp:attachment":[{"href":"https:\/\/diagnozabam.ro\/sfaturi\/wp-json\/wp\/v2\/media?parent=731"}],"wp:term":[{"taxonomy":"category","embeddable":true,"href":"https:\/\/diagnozabam.ro\/sfaturi\/wp-json\/wp\/v2\/categories?post=731"},{"taxonomy":"post_tag","embeddable":true,"href":"https:\/\/diagnozabam.ro\/sfaturi\/wp-json\/wp\/v2\/tags?post=731"}],"curies":[{"name":"wp","href":"https:\/\/api.w.org\/{rel}","templated":true}]}}