{"id":9425,"date":"2024-01-29T21:00:52","date_gmt":"2024-01-29T18:00:52","guid":{"rendered":"https:\/\/diagnozabam.ro\/sfaturi\/?p=9425"},"modified":"2025-04-02T13:48:12","modified_gmt":"2025-04-02T10:48:12","slug":"rivalitatea-continua-audi-se-lanseaza-in-lupta-cu-bmw-x7-pregatindu-se-sa-dezlantuie-q9-pe-piata","status":"publish","type":"post","link":"https:\/\/diagnozabam.ro\/sfaturi\/ro\/blog\/rivalitatea-continua-audi-se-lanseaza-in-lupta-cu-bmw-x7-pregatindu-se-sa-dezlantuie-q9-pe-piata\/","title":{"rendered":"Rivalitatea Continu\u0103: Audi Se Lanseaz\u0103 \u00een Lupta cu BMW X7, Preg\u0103tindu-se s\u0103 Dezl\u0103n\u021buie Q9 pe Pia\u021b\u0103!"},"content":{"rendered":"<h1>Rivalitatea Continu\u0103: Audi Se Lanseaz\u0103 \u00een Lupta cu BMW X7, Preg\u0103tindu-se s\u0103 Dezl\u0103n\u021buie Q9 pe Pia\u021b\u0103!<\/h1>\n<p><img decoding=\"async\" class=\"alignnone size-full wp-image-9426\" src=\"https:\/\/diagnozabam.ro\/sfaturi\/wp-content\/uploads\/2024\/01\/391939l-1000x640-b-f13f02db.webp\" alt=\"Rivalitatea Continu\u0103: Audi Se Lanseaz\u0103 \u00een Lupta cu BMW X7, Preg\u0103tindu-se s\u0103 Dezl\u0103n\u021buie Q9 pe Pia\u021b\u0103! - 391939l 1000x640 b f13f02db\" width=\"1000\" height=\"640\" title=\"Rivalitatea Continu\u0103: Audi Se Lanseaz\u0103 \u00een Lupta cu BMW X7, Preg\u0103tindu-se s\u0103 Dezl\u0103n\u021buie Q9 pe Pia\u021b\u0103! - 391939l 1000x640 b f13f02db\"><\/p>\n<div class=\"flex flex-grow flex-col max-w-full\">\n<div class=\"min-h-[20px] text-message flex flex-col items-start gap-3 whitespace-pre-wrap break-words [.text-message+&amp;]:mt-5 overflow-x-auto\" data-message-author-role=\"assistant\" data-message-id=\"f965e624-7a56-413e-a04a-b65ce0b51216\">\n<div class=\"markdown prose w-full break-words dark:prose-invert dark\">\n<h3>Revolu\u021bie \u00een Lumea Auto: Audi Dezv\u0103luie Planurile pentru un Gigant al Luxului SUV &#8211; Q9!<\/h3>\n<p>\u00centr-un anun\u021b care a zguduit <a href=\"https:\/\/diagnozabam.ro\/sfaturi\/ro\/blog\/dictionar-de-termeni-pentru-bateriile-vehiculelor-electrice\/\">industria auto<\/a> de la temelii, Audi, titanul german al automobilelor de lux, a dezv\u0103luit inten\u021biile sale ambi\u021bioase de a lansa un monstru <a href=\"https:\/\/diagnozabam.ro\/sfaturi\/ro\/blog\/break-sau-berlina-alegerea-perfecta-pentru-stilul-tau-de-viata\/\">SUV<\/a> care va face valuri \u00een competi\u021bia cu <a href=\"https:\/\/diagnozabam.ro\/sfaturi\/ro\/blog\/bmw-x5m-lci-putere-si-eleganta-la-superlativ\/\">BMW<\/a> X7 \u0219i Mercedes-Benz Clasa GLS. Acest nu este doar un <a href=\"https:\/\/diagnozabam.ro\/sfaturi\/ro\/blog\/break-sau-berlina-alegerea-perfecta-pentru-stilul-tau-de-viata\/\">SUV<\/a>; este Q9, uria\u0219ul pe patru ro\u021bi care promite s\u0103 redefineasc\u0103 standardele de lux \u0219i performan\u021b\u0103 \u00een segmentul SUV-urilor.<\/p>\n<h4>Ce Face Q9 At\u00e2t de Special?<\/h4>\n<ol>\n<li><strong>Dimensiuni Colosale<\/strong>: G\u00e2ndi\u021bi-v\u0103 la Q7 \u0219i Q8 ca la precursorii s\u0103i. Q9 va fi mai mult dec\u00e2t o extindere; va fi o revolu\u021bie \u00een termeni de dimensiuni, lux \u0219i <a href=\"https:\/\/diagnozabam.ro\/sfaturi\/ro\/blog\/capcana-inteligentei-artificiale-ce-nu-iti-spune-nimeni\/\">tehnologie<\/a>. Imaginea\u021bi-v\u0103 un <a href=\"https:\/\/diagnozabam.ro\/sfaturi\/ro\/blog\/break-sau-berlina-alegerea-perfecta-pentru-stilul-tau-de-viata\/\">SUV<\/a> cu o prezen\u021b\u0103 pe drum at\u00e2t de impresionant\u0103 \u00eenc\u00e2t va schimba definitiv peisajul str\u0103zilor.<\/li>\n<li><strong>Nume cu Greutate<\/strong>: Q9 nu este doar un nume; este un testament al viziunii Audi de a se impune ca lider incontestabil \u00een lumea SUV-urilor de lux. Lansarea sa, programat\u0103 cu mare m\u0103iestrie pentru 2026, este a\u0219teptat\u0103 cu sufletul la gur\u0103 de fanii m\u0103rcii \u0219i criticii auto deopotriv\u0103.<\/li>\n<li><strong>Dezv\u0103luiri de la V\u00e2rful Piramidei Audi<\/strong>: Jeff Mannering, directorul carismatic al filialei Audi din Australia, a aruncat o bomb\u0103 cu declara\u021biile sale recente. \u00centr-un interviu exploziv acordat CarSales, el nu numai c\u0103 a confirmat zvonurile, dar a \u0219i ad\u0103ugat combustibil pe foc, insinu\u00e2nd c\u0103 surprizele sunt iminente \u0219i c\u0103 urm\u0103toarele 24 de luni vor fi de neuitat pentru pasiona\u021bii auto.<\/li>\n<li><strong>O Schimbare de Paradigm\u0103<\/strong>: Nu este doar despre lux \u0219i dimensiuni; este \u0219i despre viitor. Audi nu pare s\u0103 se opreasc\u0103 aici. \u00centr-o mi\u0219care \u00eendr\u0103znea\u021b\u0103 \u0219i vizionar\u0103, se a\u0219teapt\u0103 ca Q9 s\u0103 fie unul dintre ultimele modele Audi cu motorizare tradi\u021bional\u0103. Da, a\u021bi auzit bine! \u00cencep\u00e2nd cu 2026, motoarele <a href=\"https:\/\/diagnozabam.ro\/sfaturi\/ro\/blog\/autonomie-masini-electrice-2026-ce-modele-conduc-topul\/\">electrice<\/a> vor fi norma, marc\u00e2nd o er\u0103 nou\u0103 de inova\u021bie \u0219i sustenabilitate.<\/li>\n<\/ol>\n<h3>Concluzie:<\/h3>\n<p>\u00centr-o lume a automobilelor unde fiecare detaliu conteaz\u0103, Audi a lansat un semnal clar: Q9 nu va fi doar un <a href=\"https:\/\/diagnozabam.ro\/sfaturi\/ro\/blog\/break-sau-berlina-alegerea-perfecta-pentru-stilul-tau-de-viata\/\">SUV<\/a>; va fi un fenomen, o legend\u0103, un simbol al inova\u021biei \u0219i luxului. Preg\u0103ti\u021bi-v\u0103, entuzia\u0219ti auto, pentru c\u0103 Q9 promite s\u0103 fie r\u0103spunsul Audi la \u00eentrebarea &#8222;Ce urmeaz\u0103?&#8221;. \u0218i r\u0103spunsul este unul senzational!<\/p>\n<\/div>\n<\/div>\n<\/div>\n","protected":false},"excerpt":{"rendered":"<p>Revolu\u021bie \u00een Lumea Auto: Audi Dezv\u0103luie Planurile pentru un Gigant al Luxului SUV &#8211; Q9! \u00centr-un anun\u021b care a zguduit industria auto de la temelii, Audi, titanul german al automobilelor&hellip;<\/p>\n","protected":false},"author":1,"featured_media":9426,"comment_status":"open","ping_status":"closed","sticky":false,"template":"","format":"standard","meta":{"_sitemap_exclude":false,"_sitemap_priority":"","_sitemap_frequency":"","footnotes":"","jetpack_publicize_message":"","jetpack_publicize_feature_enabled":true,"jetpack_social_post_already_shared":true,"jetpack_social_options":{"image_generator_settings":{"template":"highway","default_image_id":0,"font":"","enabled":false},"version":2},"jetpack_post_was_ever_published":false},"categories":[1933],"tags":[3845,308,5525,5517,5518,5526,5521,4537,5530,3463,5524,5531,3822,5520,2585,5529,3433,5522,1367,5519,5533,5523,5528,5532,5527,4124,3516,5350],"class_list":["post-9425","post","type-post","status-publish","format-standard","has-post-thumbnail","hentry","category-auto","tag-3845","tag-audi","tag-audi-australia","tag-audi-q9","tag-bmw-x7","tag-carsales","tag-dimensiuni-colosale","tag-entuziasti-auto","tag-fenomen","tag-inovatie","tag-jeff-mannering","tag-legenda","tag-lux","tag-mercedes-benz-clasa-gls","tag-motoare-electrice","tag-motorizare-traditionala","tag-performanta","tag-q7","tag-q8","tag-q9","tag-raspuns","tag-revolutie","tag-schimbare-de-paradigma","tag-simbol","tag-surprize","tag-sustenabilitate","tag-suv-de-lux","tag-viziune"],"yoast_head":"<!-- This site is optimized with the Yoast SEO Premium plugin v27.7 (Yoast SEO v28.4) - https:\/\/yoast.com\/product\/yoast-seo-premium-wordpress\/ -->\n<title>Rivalitatea Continu\u0103: Audi Se Lanseaz\u0103 \u00een Lupta cu BMW X7, Preg\u0103tindu-se s\u0103 Dezl\u0103n\u021buie Q9 pe Pia\u021b\u0103! - Diagnoza BAM<\/title>\n<meta name=\"description\" content=\"Revolu\u021bie \u00een Lumea Auto: Audi Dezv\u0103luie Planurile pentru un Gigant al Luxului SUV - Q9! \u00centr-un anun\u021b care a zguduit...\" \/>\n<meta name=\"robots\" content=\"index, follow, max-snippet:-1, max-image-preview:large, max-video-preview:-1\" \/>\n<link rel=\"canonical\" href=\"https:\/\/diagnozabam.ro\/sfaturi\/ro\/blog\/rivalitatea-continua-audi-se-lanseaza-in-lupta-cu-bmw-x7-pregatindu-se-sa-dezlantuie-q9-pe-piata\/\" \/>\n<meta property=\"og:locale\" content=\"ro_RO\" \/>\n<meta property=\"og:type\" content=\"article\" \/>\n<meta property=\"og:title\" content=\"Rivalitatea Continu\u0103: Audi Se Lanseaz\u0103 \u00een Lupta cu BMW X7, Preg\u0103tindu-se s\u0103 Dezl\u0103n\u021buie Q9 pe Pia\u021b\u0103!\" \/>\n<meta property=\"og:description\" content=\"Revolu\u021bie \u00een Lumea Auto: Audi Dezv\u0103luie Planurile pentru un Gigant al Luxului SUV - Q9! \u00centr-un anun\u021b care a zguduit industria auto de la temelii, Audi, titanul german al automobilelor&hellip;\" \/>\n<meta property=\"og:url\" content=\"https:\/\/diagnozabam.ro\/sfaturi\/ro\/blog\/rivalitatea-continua-audi-se-lanseaza-in-lupta-cu-bmw-x7-pregatindu-se-sa-dezlantuie-q9-pe-piata\/\" \/>\n<meta property=\"og:site_name\" content=\"Diagnoza BAM\" \/>\n<meta property=\"article:publisher\" content=\"https:\/\/www.facebook.com\/diagnozabam\" \/>\n<meta property=\"article:published_time\" content=\"2024-01-29T18:00:52+00:00\" \/>\n<meta property=\"article:modified_time\" content=\"2025-04-02T10:48:12+00:00\" \/>\n<meta property=\"og:image\" content=\"https:\/\/diagnozabam.ro\/sfaturi\/wp-content\/uploads\/2024\/01\/rivalitatea-continua-audi-se-lanseaza-in-lupta-cu-bmw-x7-pregatindu-se-sa-dezlantuie-q9-pe-piata.webp\" \/>\n\t<meta property=\"og:image:width\" content=\"1000\" \/>\n\t<meta property=\"og:image:height\" content=\"640\" \/>\n\t<meta property=\"og:image:type\" content=\"image\/webp\" \/>\n<meta name=\"author\" content=\"Bejenaru Alexandru Ionut\" \/>\n<meta name=\"twitter:card\" content=\"summary_large_image\" \/>\n<meta name=\"twitter:label1\" content=\"Scris de\" \/>\n\t<meta name=\"twitter:data1\" content=\"Bejenaru Alexandru Ionut\" \/>\n\t<meta name=\"twitter:label2\" content=\"Timp estimat pentru citire\" \/>\n\t<meta name=\"twitter:data2\" content=\"3 minute\" \/>\n<script type=\"application\/ld+json\" class=\"yoast-schema-graph\">{\"@context\":\"https:\\\/\\\/schema.org\",\"@graph\":[{\"@type\":\"NewsArticle\",\"@id\":\"https:\\\/\\\/diagnozabam.ro\\\/sfaturi\\\/ro\\\/blog\\\/rivalitatea-continua-audi-se-lanseaza-in-lupta-cu-bmw-x7-pregatindu-se-sa-dezlantuie-q9-pe-piata\\\/#article\",\"isPartOf\":{\"@id\":\"https:\\\/\\\/diagnozabam.ro\\\/sfaturi\\\/ro\\\/blog\\\/rivalitatea-continua-audi-se-lanseaza-in-lupta-cu-bmw-x7-pregatindu-se-sa-dezlantuie-q9-pe-piata\\\/\"},\"author\":{\"name\":\"Bejenaru Alexandru Ionut\",\"@id\":\"https:\\\/\\\/diagnozabam.ro\\\/sfaturi\\\/#\\\/schema\\\/person\\\/77202adf825f4528d9ba9ab5b4ffafec\"},\"headline\":\"Rivalitatea Continu\u0103: Audi Se Lanseaz\u0103 \u00een Lupta cu BMW X7, Preg\u0103tindu-se s\u0103 Dezl\u0103n\u021buie Q9 pe Pia\u021b\u0103!\",\"datePublished\":\"2024-01-29T18:00:52+00:00\",\"dateModified\":\"2025-04-02T10:48:12+00:00\",\"mainEntityOfPage\":{\"@id\":\"https:\\\/\\\/diagnozabam.ro\\\/sfaturi\\\/ro\\\/blog\\\/rivalitatea-continua-audi-se-lanseaza-in-lupta-cu-bmw-x7-pregatindu-se-sa-dezlantuie-q9-pe-piata\\\/\"},\"wordCount\":433,\"commentCount\":0,\"publisher\":{\"@id\":\"https:\\\/\\\/diagnozabam.ro\\\/sfaturi\\\/#organization\"},\"image\":{\"@id\":\"https:\\\/\\\/diagnozabam.ro\\\/sfaturi\\\/ro\\\/blog\\\/rivalitatea-continua-audi-se-lanseaza-in-lupta-cu-bmw-x7-pregatindu-se-sa-dezlantuie-q9-pe-piata\\\/#primaryimage\"},\"thumbnailUrl\":\"https:\\\/\\\/diagnozabam.ro\\\/sfaturi\\\/wp-content\\\/uploads\\\/2024\\\/01\\\/rivalitatea-continua-audi-se-lanseaza-in-lupta-cu-bmw-x7-pregatindu-se-sa-dezlantuie-q9-pe-piata-mfrh-original.webp\",\"keywords\":[\"2026\",\"Audi\",\"Audi Australia\",\"Audi Q9\",\"BMW X7\",\"CarSales\",\"dimensiuni colosale\",\"entuzia\u0219ti-auto\",\"fenomen\",\"inova\u021bie.\",\"Jeff Mannering\",\"legend\u0103\",\"lux\",\"Mercedes-Benz Clasa GLS\",\"motoare electrice\",\"motorizare tradi\u021bional\u0103\",\"performan\u021b\u0103\",\"Q7\",\"Q8\",\"Q9\",\"r\u0103spuns\",\"revolu\u021bie\",\"schimbare de paradigm\u0103\",\"simbol\",\"surprize\",\"sustenabilitate\",\"SUV de lux\",\"Viziune\"],\"articleSection\":[\"Auto-RO\"],\"inLanguage\":\"ro-RO\",\"potentialAction\":[{\"@type\":\"CommentAction\",\"name\":\"Comment\",\"target\":[\"https:\\\/\\\/diagnozabam.ro\\\/sfaturi\\\/ro\\\/blog\\\/rivalitatea-continua-audi-se-lanseaza-in-lupta-cu-bmw-x7-pregatindu-se-sa-dezlantuie-q9-pe-piata\\\/#respond\"]}]},{\"@type\":\"WebPage\",\"@id\":\"https:\\\/\\\/diagnozabam.ro\\\/sfaturi\\\/ro\\\/blog\\\/rivalitatea-continua-audi-se-lanseaza-in-lupta-cu-bmw-x7-pregatindu-se-sa-dezlantuie-q9-pe-piata\\\/\",\"url\":\"https:\\\/\\\/diagnozabam.ro\\\/sfaturi\\\/ro\\\/blog\\\/rivalitatea-continua-audi-se-lanseaza-in-lupta-cu-bmw-x7-pregatindu-se-sa-dezlantuie-q9-pe-piata\\\/\",\"name\":\"Rivalitatea Continu\u0103: Audi Se Lanseaz\u0103 \u00een Lupta cu BMW X7, Preg\u0103tindu-se s\u0103 Dezl\u0103n\u021buie Q9 pe Pia\u021b\u0103! - Diagnoza BAM\",\"isPartOf\":{\"@id\":\"https:\\\/\\\/diagnozabam.ro\\\/sfaturi\\\/#website\"},\"primaryImageOfPage\":{\"@id\":\"https:\\\/\\\/diagnozabam.ro\\\/sfaturi\\\/ro\\\/blog\\\/rivalitatea-continua-audi-se-lanseaza-in-lupta-cu-bmw-x7-pregatindu-se-sa-dezlantuie-q9-pe-piata\\\/#primaryimage\"},\"image\":{\"@id\":\"https:\\\/\\\/diagnozabam.ro\\\/sfaturi\\\/ro\\\/blog\\\/rivalitatea-continua-audi-se-lanseaza-in-lupta-cu-bmw-x7-pregatindu-se-sa-dezlantuie-q9-pe-piata\\\/#primaryimage\"},\"thumbnailUrl\":\"https:\\\/\\\/diagnozabam.ro\\\/sfaturi\\\/wp-content\\\/uploads\\\/2024\\\/01\\\/rivalitatea-continua-audi-se-lanseaza-in-lupta-cu-bmw-x7-pregatindu-se-sa-dezlantuie-q9-pe-piata-mfrh-original.webp\",\"datePublished\":\"2024-01-29T18:00:52+00:00\",\"dateModified\":\"2025-04-02T10:48:12+00:00\",\"description\":\"Revolu\u021bie \u00een Lumea Auto: Audi Dezv\u0103luie Planurile pentru un Gigant al Luxului SUV - Q9! \u00centr-un anun\u021b care a zguduit industria auto de la temelii, Audi, titanul german al automobilelor&hellip;\",\"breadcrumb\":{\"@id\":\"https:\\\/\\\/diagnozabam.ro\\\/sfaturi\\\/ro\\\/blog\\\/rivalitatea-continua-audi-se-lanseaza-in-lupta-cu-bmw-x7-pregatindu-se-sa-dezlantuie-q9-pe-piata\\\/#breadcrumb\"},\"inLanguage\":\"ro-RO\",\"potentialAction\":[{\"@type\":\"ReadAction\",\"target\":[\"https:\\\/\\\/diagnozabam.ro\\\/sfaturi\\\/ro\\\/blog\\\/rivalitatea-continua-audi-se-lanseaza-in-lupta-cu-bmw-x7-pregatindu-se-sa-dezlantuie-q9-pe-piata\\\/\"]}]},{\"@type\":\"ImageObject\",\"inLanguage\":\"ro-RO\",\"@id\":\"https:\\\/\\\/diagnozabam.ro\\\/sfaturi\\\/ro\\\/blog\\\/rivalitatea-continua-audi-se-lanseaza-in-lupta-cu-bmw-x7-pregatindu-se-sa-dezlantuie-q9-pe-piata\\\/#primaryimage\",\"url\":\"https:\\\/\\\/diagnozabam.ro\\\/sfaturi\\\/wp-content\\\/uploads\\\/2024\\\/01\\\/rivalitatea-continua-audi-se-lanseaza-in-lupta-cu-bmw-x7-pregatindu-se-sa-dezlantuie-q9-pe-piata-mfrh-original.webp\",\"contentUrl\":\"https:\\\/\\\/diagnozabam.ro\\\/sfaturi\\\/wp-content\\\/uploads\\\/2024\\\/01\\\/rivalitatea-continua-audi-se-lanseaza-in-lupta-cu-bmw-x7-pregatindu-se-sa-dezlantuie-q9-pe-piata-mfrh-original.webp\",\"width\":1000,\"height\":640,\"caption\":\"rivalitatea continua audi se lanseaza in lupta cu bmw x7 pregatindu se sa dezlantuie q9 pe piata mfrh original\"},{\"@type\":\"BreadcrumbList\",\"@id\":\"https:\\\/\\\/diagnozabam.ro\\\/sfaturi\\\/ro\\\/blog\\\/rivalitatea-continua-audi-se-lanseaza-in-lupta-cu-bmw-x7-pregatindu-se-sa-dezlantuie-q9-pe-piata\\\/#breadcrumb\",\"itemListElement\":[{\"@type\":\"ListItem\",\"position\":1,\"name\":\"Home\",\"item\":\"https:\\\/\\\/diagnozabam.ro\\\/sfaturi\\\/\"},{\"@type\":\"ListItem\",\"position\":2,\"name\":\"Rivalitatea Continu\u0103: Audi Se Lanseaz\u0103 \u00een Lupta cu BMW X7, Preg\u0103tindu-se s\u0103 Dezl\u0103n\u021buie Q9 pe Pia\u021b\u0103!\"}]},{\"@type\":\"WebSite\",\"@id\":\"https:\\\/\\\/diagnozabam.ro\\\/sfaturi\\\/#website\",\"url\":\"https:\\\/\\\/diagnozabam.ro\\\/sfaturi\\\/\",\"name\":\"Diagnoza BAM\",\"description\":\"Independent Auto Diagnostics, Tech Analysis and Smart Insights\",\"publisher\":{\"@id\":\"https:\\\/\\\/diagnozabam.ro\\\/sfaturi\\\/#organization\"},\"alternateName\":\"DBAM\",\"potentialAction\":[{\"@type\":\"SearchAction\",\"target\":{\"@type\":\"EntryPoint\",\"urlTemplate\":\"https:\\\/\\\/diagnozabam.ro\\\/sfaturi\\\/?s={search_term_string}\"},\"query-input\":{\"@type\":\"PropertyValueSpecification\",\"valueRequired\":true,\"valueName\":\"search_term_string\"}}],\"inLanguage\":\"ro-RO\"},{\"@type\":\"Organization\",\"@id\":\"https:\\\/\\\/diagnozabam.ro\\\/sfaturi\\\/#organization\",\"name\":\"Diagnoza BAM\",\"alternateName\":\"DBAM\",\"url\":\"https:\\\/\\\/diagnozabam.ro\\\/sfaturi\\\/\",\"logo\":{\"@type\":\"ImageObject\",\"inLanguage\":\"ro-RO\",\"@id\":\"https:\\\/\\\/diagnozabam.ro\\\/sfaturi\\\/#\\\/schema\\\/logo\\\/image\\\/\",\"url\":\"https:\\\/\\\/diagnozabam.ro\\\/sfaturi\\\/wp-content\\\/uploads\\\/2025\\\/11\\\/logo-diagnoza-bam-imagine.webp\",\"contentUrl\":\"https:\\\/\\\/diagnozabam.ro\\\/sfaturi\\\/wp-content\\\/uploads\\\/2025\\\/11\\\/logo-diagnoza-bam-imagine.webp\",\"width\":512,\"height\":512,\"caption\":\"Diagnoza BAM\"},\"image\":{\"@id\":\"https:\\\/\\\/diagnozabam.ro\\\/sfaturi\\\/#\\\/schema\\\/logo\\\/image\\\/\"},\"sameAs\":[\"https:\\\/\\\/www.facebook.com\\\/diagnozabam\",\"https:\\\/\\\/mastodon.social\\\/@diagnozabam\",\"https:\\\/\\\/bsky.app\\\/profile\\\/did:plc:f4cmgfa3nv33bch7p3wgwchr\",\"https:\\\/\\\/www.tumblr.com\\\/diagbam\"],\"description\":\"Independent publishing platform focused on automotive diagnostics, OBD2 analysis, repair cost breakdowns, technology insights and practical technical guides.\",\"email\":\"redactie@diagnozabam.ro\",\"foundingDate\":\"2023-02-16\"},{\"@type\":\"Person\",\"@id\":\"https:\\\/\\\/diagnozabam.ro\\\/sfaturi\\\/#\\\/schema\\\/person\\\/77202adf825f4528d9ba9ab5b4ffafec\",\"name\":\"Bejenaru Alexandru Ionut\",\"image\":{\"@type\":\"ImageObject\",\"inLanguage\":\"ro-RO\",\"@id\":\"https:\\\/\\\/secure.gravatar.com\\\/avatar\\\/96634b44a266a571c59a5e82fc6f12edfb6876914735dbc57aa2348d11395470?s=96&d=mm&r=g\",\"url\":\"https:\\\/\\\/secure.gravatar.com\\\/avatar\\\/96634b44a266a571c59a5e82fc6f12edfb6876914735dbc57aa2348d11395470?s=96&d=mm&r=g\",\"contentUrl\":\"https:\\\/\\\/secure.gravatar.com\\\/avatar\\\/96634b44a266a571c59a5e82fc6f12edfb6876914735dbc57aa2348d11395470?s=96&d=mm&r=g\",\"caption\":\"Bejenaru Alexandru Ionut\"},\"sameAs\":[\"https:\\\/\\\/diagnozabam.ro\"],\"honorificPrefix\":\"Mr.\",\"birthDate\":\"1997-12-23\",\"url\":\"https:\\\/\\\/diagnozabam.ro\\\/sfaturi\\\/blog\\\/author\\\/bejenaru-alexandru-ionut\\\/\"}]}<\/script>\n<!-- \/ Yoast SEO Premium plugin. -->","yoast_head_json":{"title":"Rivalitatea Continu\u0103: Audi Se Lanseaz\u0103 \u00een Lupta cu BMW X7, Preg\u0103tindu-se s\u0103 Dezl\u0103n\u021buie Q9 pe Pia\u021b\u0103! - Diagnoza BAM","description":"Revolu\u021bie \u00een Lumea Auto: Audi Dezv\u0103luie Planurile pentru un Gigant al Luxului SUV - Q9! \u00centr-un anun\u021b care a zguduit...","robots":{"index":"index","follow":"follow","max-snippet":"max-snippet:-1","max-image-preview":"max-image-preview:large","max-video-preview":"max-video-preview:-1"},"canonical":"https:\/\/diagnozabam.ro\/sfaturi\/ro\/blog\/rivalitatea-continua-audi-se-lanseaza-in-lupta-cu-bmw-x7-pregatindu-se-sa-dezlantuie-q9-pe-piata\/","og_locale":"ro_RO","og_type":"article","og_title":"Rivalitatea Continu\u0103: Audi Se Lanseaz\u0103 \u00een Lupta cu BMW X7, Preg\u0103tindu-se s\u0103 Dezl\u0103n\u021buie Q9 pe Pia\u021b\u0103!","og_description":"Revolu\u021bie \u00een Lumea Auto: Audi Dezv\u0103luie Planurile pentru un Gigant al Luxului SUV - Q9! \u00centr-un anun\u021b care a zguduit industria auto de la temelii, Audi, titanul german al automobilelor&hellip;","og_url":"https:\/\/diagnozabam.ro\/sfaturi\/ro\/blog\/rivalitatea-continua-audi-se-lanseaza-in-lupta-cu-bmw-x7-pregatindu-se-sa-dezlantuie-q9-pe-piata\/","og_site_name":"Diagnoza BAM","article_publisher":"https:\/\/www.facebook.com\/diagnozabam","article_published_time":"2024-01-29T18:00:52+00:00","article_modified_time":"2025-04-02T10:48:12+00:00","og_image":[{"width":1000,"height":640,"url":"https:\/\/diagnozabam.ro\/sfaturi\/wp-content\/uploads\/2024\/01\/rivalitatea-continua-audi-se-lanseaza-in-lupta-cu-bmw-x7-pregatindu-se-sa-dezlantuie-q9-pe-piata.webp","type":"image\/webp"}],"author":"Bejenaru Alexandru Ionut","twitter_card":"summary_large_image","twitter_misc":{"Scris de":"Bejenaru Alexandru Ionut","Timp estimat pentru citire":"3 minute"},"schema":{"@context":"https:\/\/schema.org","@graph":[{"@type":"NewsArticle","@id":"https:\/\/diagnozabam.ro\/sfaturi\/ro\/blog\/rivalitatea-continua-audi-se-lanseaza-in-lupta-cu-bmw-x7-pregatindu-se-sa-dezlantuie-q9-pe-piata\/#article","isPartOf":{"@id":"https:\/\/diagnozabam.ro\/sfaturi\/ro\/blog\/rivalitatea-continua-audi-se-lanseaza-in-lupta-cu-bmw-x7-pregatindu-se-sa-dezlantuie-q9-pe-piata\/"},"author":{"name":"Bejenaru Alexandru Ionut","@id":"https:\/\/diagnozabam.ro\/sfaturi\/#\/schema\/person\/77202adf825f4528d9ba9ab5b4ffafec"},"headline":"Rivalitatea Continu\u0103: Audi Se Lanseaz\u0103 \u00een Lupta cu BMW X7, Preg\u0103tindu-se s\u0103 Dezl\u0103n\u021buie Q9 pe Pia\u021b\u0103!","datePublished":"2024-01-29T18:00:52+00:00","dateModified":"2025-04-02T10:48:12+00:00","mainEntityOfPage":{"@id":"https:\/\/diagnozabam.ro\/sfaturi\/ro\/blog\/rivalitatea-continua-audi-se-lanseaza-in-lupta-cu-bmw-x7-pregatindu-se-sa-dezlantuie-q9-pe-piata\/"},"wordCount":433,"commentCount":0,"publisher":{"@id":"https:\/\/diagnozabam.ro\/sfaturi\/#organization"},"image":{"@id":"https:\/\/diagnozabam.ro\/sfaturi\/ro\/blog\/rivalitatea-continua-audi-se-lanseaza-in-lupta-cu-bmw-x7-pregatindu-se-sa-dezlantuie-q9-pe-piata\/#primaryimage"},"thumbnailUrl":"https:\/\/diagnozabam.ro\/sfaturi\/wp-content\/uploads\/2024\/01\/rivalitatea-continua-audi-se-lanseaza-in-lupta-cu-bmw-x7-pregatindu-se-sa-dezlantuie-q9-pe-piata-mfrh-original.webp","keywords":["2026","Audi","Audi Australia","Audi Q9","BMW X7","CarSales","dimensiuni colosale","entuzia\u0219ti-auto","fenomen","inova\u021bie.","Jeff Mannering","legend\u0103","lux","Mercedes-Benz Clasa GLS","motoare electrice","motorizare tradi\u021bional\u0103","performan\u021b\u0103","Q7","Q8","Q9","r\u0103spuns","revolu\u021bie","schimbare de paradigm\u0103","simbol","surprize","sustenabilitate","SUV de lux","Viziune"],"articleSection":["Auto-RO"],"inLanguage":"ro-RO","potentialAction":[{"@type":"CommentAction","name":"Comment","target":["https:\/\/diagnozabam.ro\/sfaturi\/ro\/blog\/rivalitatea-continua-audi-se-lanseaza-in-lupta-cu-bmw-x7-pregatindu-se-sa-dezlantuie-q9-pe-piata\/#respond"]}]},{"@type":"WebPage","@id":"https:\/\/diagnozabam.ro\/sfaturi\/ro\/blog\/rivalitatea-continua-audi-se-lanseaza-in-lupta-cu-bmw-x7-pregatindu-se-sa-dezlantuie-q9-pe-piata\/","url":"https:\/\/diagnozabam.ro\/sfaturi\/ro\/blog\/rivalitatea-continua-audi-se-lanseaza-in-lupta-cu-bmw-x7-pregatindu-se-sa-dezlantuie-q9-pe-piata\/","name":"Rivalitatea Continu\u0103: Audi Se Lanseaz\u0103 \u00een Lupta cu BMW X7, Preg\u0103tindu-se s\u0103 Dezl\u0103n\u021buie Q9 pe Pia\u021b\u0103! - Diagnoza BAM","isPartOf":{"@id":"https:\/\/diagnozabam.ro\/sfaturi\/#website"},"primaryImageOfPage":{"@id":"https:\/\/diagnozabam.ro\/sfaturi\/ro\/blog\/rivalitatea-continua-audi-se-lanseaza-in-lupta-cu-bmw-x7-pregatindu-se-sa-dezlantuie-q9-pe-piata\/#primaryimage"},"image":{"@id":"https:\/\/diagnozabam.ro\/sfaturi\/ro\/blog\/rivalitatea-continua-audi-se-lanseaza-in-lupta-cu-bmw-x7-pregatindu-se-sa-dezlantuie-q9-pe-piata\/#primaryimage"},"thumbnailUrl":"https:\/\/diagnozabam.ro\/sfaturi\/wp-content\/uploads\/2024\/01\/rivalitatea-continua-audi-se-lanseaza-in-lupta-cu-bmw-x7-pregatindu-se-sa-dezlantuie-q9-pe-piata-mfrh-original.webp","datePublished":"2024-01-29T18:00:52+00:00","dateModified":"2025-04-02T10:48:12+00:00","description":"Revolu\u021bie \u00een Lumea Auto: Audi Dezv\u0103luie Planurile pentru un Gigant al Luxului SUV - Q9! \u00centr-un anun\u021b care a zguduit industria auto de la temelii, Audi, titanul german al automobilelor&hellip;","breadcrumb":{"@id":"https:\/\/diagnozabam.ro\/sfaturi\/ro\/blog\/rivalitatea-continua-audi-se-lanseaza-in-lupta-cu-bmw-x7-pregatindu-se-sa-dezlantuie-q9-pe-piata\/#breadcrumb"},"inLanguage":"ro-RO","potentialAction":[{"@type":"ReadAction","target":["https:\/\/diagnozabam.ro\/sfaturi\/ro\/blog\/rivalitatea-continua-audi-se-lanseaza-in-lupta-cu-bmw-x7-pregatindu-se-sa-dezlantuie-q9-pe-piata\/"]}]},{"@type":"ImageObject","inLanguage":"ro-RO","@id":"https:\/\/diagnozabam.ro\/sfaturi\/ro\/blog\/rivalitatea-continua-audi-se-lanseaza-in-lupta-cu-bmw-x7-pregatindu-se-sa-dezlantuie-q9-pe-piata\/#primaryimage","url":"https:\/\/diagnozabam.ro\/sfaturi\/wp-content\/uploads\/2024\/01\/rivalitatea-continua-audi-se-lanseaza-in-lupta-cu-bmw-x7-pregatindu-se-sa-dezlantuie-q9-pe-piata-mfrh-original.webp","contentUrl":"https:\/\/diagnozabam.ro\/sfaturi\/wp-content\/uploads\/2024\/01\/rivalitatea-continua-audi-se-lanseaza-in-lupta-cu-bmw-x7-pregatindu-se-sa-dezlantuie-q9-pe-piata-mfrh-original.webp","width":1000,"height":640,"caption":"rivalitatea continua audi se lanseaza in lupta cu bmw x7 pregatindu se sa dezlantuie q9 pe piata mfrh original"},{"@type":"BreadcrumbList","@id":"https:\/\/diagnozabam.ro\/sfaturi\/ro\/blog\/rivalitatea-continua-audi-se-lanseaza-in-lupta-cu-bmw-x7-pregatindu-se-sa-dezlantuie-q9-pe-piata\/#breadcrumb","itemListElement":[{"@type":"ListItem","position":1,"name":"Home","item":"https:\/\/diagnozabam.ro\/sfaturi\/"},{"@type":"ListItem","position":2,"name":"Rivalitatea Continu\u0103: Audi Se Lanseaz\u0103 \u00een Lupta cu BMW X7, Preg\u0103tindu-se s\u0103 Dezl\u0103n\u021buie Q9 pe Pia\u021b\u0103!"}]},{"@type":"WebSite","@id":"https:\/\/diagnozabam.ro\/sfaturi\/#website","url":"https:\/\/diagnozabam.ro\/sfaturi\/","name":"Diagnoza BAM","description":"Independent Auto Diagnostics, Tech Analysis and Smart Insights","publisher":{"@id":"https:\/\/diagnozabam.ro\/sfaturi\/#organization"},"alternateName":"DBAM","potentialAction":[{"@type":"SearchAction","target":{"@type":"EntryPoint","urlTemplate":"https:\/\/diagnozabam.ro\/sfaturi\/?s={search_term_string}"},"query-input":{"@type":"PropertyValueSpecification","valueRequired":true,"valueName":"search_term_string"}}],"inLanguage":"ro-RO"},{"@type":"Organization","@id":"https:\/\/diagnozabam.ro\/sfaturi\/#organization","name":"Diagnoza BAM","alternateName":"DBAM","url":"https:\/\/diagnozabam.ro\/sfaturi\/","logo":{"@type":"ImageObject","inLanguage":"ro-RO","@id":"https:\/\/diagnozabam.ro\/sfaturi\/#\/schema\/logo\/image\/","url":"https:\/\/diagnozabam.ro\/sfaturi\/wp-content\/uploads\/2025\/11\/logo-diagnoza-bam-imagine.webp","contentUrl":"https:\/\/diagnozabam.ro\/sfaturi\/wp-content\/uploads\/2025\/11\/logo-diagnoza-bam-imagine.webp","width":512,"height":512,"caption":"Diagnoza BAM"},"image":{"@id":"https:\/\/diagnozabam.ro\/sfaturi\/#\/schema\/logo\/image\/"},"sameAs":["https:\/\/www.facebook.com\/diagnozabam","https:\/\/mastodon.social\/@diagnozabam","https:\/\/bsky.app\/profile\/did:plc:f4cmgfa3nv33bch7p3wgwchr","https:\/\/www.tumblr.com\/diagbam"],"description":"Independent publishing platform focused on automotive diagnostics, OBD2 analysis, repair cost breakdowns, technology insights and practical technical guides.","email":"redactie@diagnozabam.ro","foundingDate":"2023-02-16"},{"@type":"Person","@id":"https:\/\/diagnozabam.ro\/sfaturi\/#\/schema\/person\/77202adf825f4528d9ba9ab5b4ffafec","name":"Bejenaru Alexandru Ionut","image":{"@type":"ImageObject","inLanguage":"ro-RO","@id":"https:\/\/secure.gravatar.com\/avatar\/96634b44a266a571c59a5e82fc6f12edfb6876914735dbc57aa2348d11395470?s=96&d=mm&r=g","url":"https:\/\/secure.gravatar.com\/avatar\/96634b44a266a571c59a5e82fc6f12edfb6876914735dbc57aa2348d11395470?s=96&d=mm&r=g","contentUrl":"https:\/\/secure.gravatar.com\/avatar\/96634b44a266a571c59a5e82fc6f12edfb6876914735dbc57aa2348d11395470?s=96&d=mm&r=g","caption":"Bejenaru Alexandru Ionut"},"sameAs":["https:\/\/diagnozabam.ro"],"honorificPrefix":"Mr.","birthDate":"1997-12-23","url":"https:\/\/diagnozabam.ro\/sfaturi\/blog\/author\/bejenaru-alexandru-ionut\/"}]}},"lang":"ro","translations":{"ro":9425},"jetpack_publicize_connections":[],"jetpack-related-posts":[{"id":46740,"url":"https:\/\/diagnozabam.ro\/sfaturi\/ro\/blog\/audi-q9-sq9-review-v8-600-cp-7-locuri-specificatii\/","url_meta":{"origin":9425,"position":0},"title":"Audi Q9 &#038; SQ9 Review: V8 600 CP, 7 Locuri &#038; Specifica\u021bii","author":"Bejenaru Alexandru Ionut","date":"23 august 2026","format":false,"excerpt":"Audi Q9 \u0219i SQ9: Noi Repere \u00een Segmentul SUV-urilor de Lux Produc\u0103torul din Ingolstadt extinde oficial gama de vehicule premium. Audi lanseaz\u0103 simultan dou\u0103 nave amiral impresionante. Este vorba despre noul Audi Q9 \u0219i fratele s\u0103u de performan\u021b\u0103, Audi SQ9. Aceste modele r\u0103spund cerin\u021belor clien\u021bilor foarte exigen\u021bi. Ace\u0219tia caut\u0103 spa\u021biu\u2026","rel":"","context":"\u00cen \u201e\u0218tiri\u201d","block_context":{"text":"\u0218tiri","link":"https:\/\/diagnozabam.ro\/sfaturi\/ro\/category\/stiri\/"},"img":{"alt_text":"Audi SQ Luxus SUV V","src":"https:\/\/i0.wp.com\/diagnozabam.ro\/sfaturi\/wp-content\/uploads\/2026\/08\/2027-audi-sq9-luxus-suv-v8_33.webp?resize=350%2C200&ssl=1","width":350,"height":200,"srcset":"https:\/\/i0.wp.com\/diagnozabam.ro\/sfaturi\/wp-content\/uploads\/2026\/08\/2027-audi-sq9-luxus-suv-v8_33.webp?resize=350%2C200&ssl=1 1x, https:\/\/i0.wp.com\/diagnozabam.ro\/sfaturi\/wp-content\/uploads\/2026\/08\/2027-audi-sq9-luxus-suv-v8_33.webp?resize=525%2C300&ssl=1 1.5x, https:\/\/i0.wp.com\/diagnozabam.ro\/sfaturi\/wp-content\/uploads\/2026\/08\/2027-audi-sq9-luxus-suv-v8_33.webp?resize=700%2C400&ssl=1 2x, https:\/\/i0.wp.com\/diagnozabam.ro\/sfaturi\/wp-content\/uploads\/2026\/08\/2027-audi-sq9-luxus-suv-v8_33.webp?resize=1050%2C600&ssl=1 3x, https:\/\/i0.wp.com\/diagnozabam.ro\/sfaturi\/wp-content\/uploads\/2026\/08\/2027-audi-sq9-luxus-suv-v8_33.webp?resize=1400%2C800&ssl=1 4x"},"classes":[]},{"id":46686,"url":"https:\/\/diagnozabam.ro\/sfaturi\/ro\/blog\/audi-sq9-coupe-concept-render-virtual-flagship-suv\/","url_meta":{"origin":9425,"position":1},"title":"Audi SQ9 Coupe Concept: Render Virtual Flagship SUV","author":"Bejenaru Alexandru Ionut","date":"13 august 2026","format":false,"excerpt":"Audi SQ9 Coup\u00e9 Concept: Studiu Virtual de Design pentru un Hyper-SUV de Lux Pia\u021ba SUV-urilor de clas\u0103 mare superioar\u0103 (Full-size Luxury SUV) continu\u0103 s\u0103 fie dominat\u0103 de arhitecturi clasice, rectangulare, optimizate strict pentru volum interior \u0219i habitabilitate pe trei r\u00e2nduri de scaune. Totu\u0219i, posibilitatea extinderii segmentului SUV-Coup\u00e9 dincolo de grani\u021bele\u2026","rel":"","context":"\u00cen \u201e\u0218tiri\u201d","block_context":{"text":"\u0218tiri","link":"https:\/\/diagnozabam.ro\/sfaturi\/ro\/category\/stiri\/"},"img":{"alt_text":"Audi SQ SUV Coupe","src":"https:\/\/i0.wp.com\/diagnozabam.ro\/sfaturi\/wp-content\/uploads\/2026\/08\/2027-audi-sq9-suv-coupe_4.webp?resize=350%2C200&ssl=1","width":350,"height":200,"srcset":"https:\/\/i0.wp.com\/diagnozabam.ro\/sfaturi\/wp-content\/uploads\/2026\/08\/2027-audi-sq9-suv-coupe_4.webp?resize=350%2C200&ssl=1 1x, https:\/\/i0.wp.com\/diagnozabam.ro\/sfaturi\/wp-content\/uploads\/2026\/08\/2027-audi-sq9-suv-coupe_4.webp?resize=525%2C300&ssl=1 1.5x, https:\/\/i0.wp.com\/diagnozabam.ro\/sfaturi\/wp-content\/uploads\/2026\/08\/2027-audi-sq9-suv-coupe_4.webp?resize=700%2C400&ssl=1 2x, https:\/\/i0.wp.com\/diagnozabam.ro\/sfaturi\/wp-content\/uploads\/2026\/08\/2027-audi-sq9-suv-coupe_4.webp?resize=1050%2C600&ssl=1 3x, https:\/\/i0.wp.com\/diagnozabam.ro\/sfaturi\/wp-content\/uploads\/2026\/08\/2027-audi-sq9-suv-coupe_4.webp?resize=1400%2C800&ssl=1 4x"},"classes":[]},{"id":9547,"url":"https:\/\/diagnozabam.ro\/sfaturi\/ro\/blog\/fenomenul-bmw-m-explodeaza-peste-200-000-de-unitati-vandute-intr-un-singur-an\/","url_meta":{"origin":9425,"position":2},"title":"Fenomenul BMW M explodeaz\u0103: Peste 200.000 de unit\u0103\u021bi v\u00e2ndute \u00eentr-un singur an","author":"Bejenaru Alexandru Ionut","date":"24 ianuarie 2024","format":false,"excerpt":"BMW M S\u0103rb\u0103tore\u0219te Un An Excep\u021bional: Record de V\u00e2nz\u0103ri \u00een 2023 \u0219i Perspective Promi\u021b\u0103toare pentru 2024 BMW M, divizia de performan\u021b\u0103 a celebrului produc\u0103tor german, a \u00eenregistrat un succes remarcabil\u2026","rel":"","context":"\u00cen \u201eAuto-RO\u201d","block_context":{"text":"Auto-RO","link":"https:\/\/diagnozabam.ro\/sfaturi\/ro\/category\/auto\/"},"img":{"alt_text":"fenomenul bmw m explodeaza peste 200000 de unitati vandute intr un singur an mfrh original","src":"https:\/\/i0.wp.com\/diagnozabam.ro\/sfaturi\/wp-content\/uploads\/2024\/01\/fenomenul-bmw-m-explodeaza-peste-200000-de-unitati-vandute-intr-un-singur-an-mfrh-original.webp?resize=350%2C200&ssl=1","width":350,"height":200,"srcset":"https:\/\/i0.wp.com\/diagnozabam.ro\/sfaturi\/wp-content\/uploads\/2024\/01\/fenomenul-bmw-m-explodeaza-peste-200000-de-unitati-vandute-intr-un-singur-an-mfrh-original.webp?resize=350%2C200&ssl=1 1x, https:\/\/i0.wp.com\/diagnozabam.ro\/sfaturi\/wp-content\/uploads\/2024\/01\/fenomenul-bmw-m-explodeaza-peste-200000-de-unitati-vandute-intr-un-singur-an-mfrh-original.webp?resize=525%2C300&ssl=1 1.5x, https:\/\/i0.wp.com\/diagnozabam.ro\/sfaturi\/wp-content\/uploads\/2024\/01\/fenomenul-bmw-m-explodeaza-peste-200000-de-unitati-vandute-intr-un-singur-an-mfrh-original.webp?resize=700%2C400&ssl=1 2x"},"classes":[]},{"id":44673,"url":"https:\/\/diagnozabam.ro\/sfaturi\/ro\/blog\/noul-audi-nuvolari-suv-secretul-care-sperie-gama-q\/","url_meta":{"origin":9425,"position":3},"title":"Noul Audi Nuvolari SUV: Secretul care sperie gama Q!","author":"Bejenaru Alexandru Ionut","date":"22 iunie 2026","format":false,"excerpt":"Noul Audi Nuvolari SUV: Detalii despre conceptul secret! 1. Introducere: Reinventarea unui mit din istoria designului Audi \u00cen anul 2003, lumea auto asista la lansarea unuia dintre cele mai spectaculoase concepte din istoria modern\u0103 a m\u0103rcii din Ingolstadt: Audi Nuvolari quattro. Numit \u00een onoarea legendarului pilot de curse Tazio Nuvolari,\u2026","rel":"","context":"\u00cen \u201e\u0218tiri\u201d","block_context":{"text":"\u0218tiri","link":"https:\/\/diagnozabam.ro\/sfaturi\/ro\/category\/stiri\/"},"img":{"alt_text":"Audi Nuvolari SUV","src":"https:\/\/i0.wp.com\/diagnozabam.ro\/sfaturi\/wp-content\/uploads\/2026\/06\/2027-audi-nuvolari-suv.webp?resize=350%2C200&ssl=1","width":350,"height":200,"srcset":"https:\/\/i0.wp.com\/diagnozabam.ro\/sfaturi\/wp-content\/uploads\/2026\/06\/2027-audi-nuvolari-suv.webp?resize=350%2C200&ssl=1 1x, https:\/\/i0.wp.com\/diagnozabam.ro\/sfaturi\/wp-content\/uploads\/2026\/06\/2027-audi-nuvolari-suv.webp?resize=525%2C300&ssl=1 1.5x, https:\/\/i0.wp.com\/diagnozabam.ro\/sfaturi\/wp-content\/uploads\/2026\/06\/2027-audi-nuvolari-suv.webp?resize=700%2C400&ssl=1 2x, https:\/\/i0.wp.com\/diagnozabam.ro\/sfaturi\/wp-content\/uploads\/2026\/06\/2027-audi-nuvolari-suv.webp?resize=1050%2C600&ssl=1 3x, https:\/\/i0.wp.com\/diagnozabam.ro\/sfaturi\/wp-content\/uploads\/2026\/06\/2027-audi-nuvolari-suv.webp?resize=1400%2C800&ssl=1 4x"},"classes":[]},{"id":9471,"url":"https:\/\/diagnozabam.ro\/sfaturi\/ro\/blog\/scoate-cardul-kia-ev9-ajunge-in-romania-la-un-pret-de-start-de-72-500-de-euro\/","url_meta":{"origin":9425,"position":4},"title":"Scoate Cardul: Kia EV9 Ajunge \u00een Rom\u00e2nia la un Pre\u021b de Start de 72.500 de Euro!","author":"Bejenaru Alexandru Ionut","date":"24 ianuarie 2024","format":false,"excerpt":"Kia EV9: SUV-ul Electric cu Zero Emisii Disponibil \u00een Rom\u00e2nia Pre\u021buri \u0219i Op\u021biuni: Varietatea de Configur\u0103ri pentru Fiecare Nevoie Kia EV9, cel mai mare SUV electric din portofoliul m\u0103rcii coreene,\u2026","rel":"","context":"\u00cen \u201eAuto-RO\u201d","block_context":{"text":"Auto-RO","link":"https:\/\/diagnozabam.ro\/sfaturi\/ro\/category\/auto\/"},"img":{"alt_text":"scoate cardul kia ev9 ajunge in romania la un pret de start de 72500 de euro mfrh original","src":"https:\/\/i0.wp.com\/diagnozabam.ro\/sfaturi\/wp-content\/uploads\/2024\/01\/scoate-cardul-kia-ev9-ajunge-in-romania-la-un-pret-de-start-de-72500-de-euro-mfrh-original.webp?resize=350%2C200&ssl=1","width":350,"height":200,"srcset":"https:\/\/i0.wp.com\/diagnozabam.ro\/sfaturi\/wp-content\/uploads\/2024\/01\/scoate-cardul-kia-ev9-ajunge-in-romania-la-un-pret-de-start-de-72500-de-euro-mfrh-original.webp?resize=350%2C200&ssl=1 1x, https:\/\/i0.wp.com\/diagnozabam.ro\/sfaturi\/wp-content\/uploads\/2024\/01\/scoate-cardul-kia-ev9-ajunge-in-romania-la-un-pret-de-start-de-72500-de-euro-mfrh-original.webp?resize=525%2C300&ssl=1 1.5x, https:\/\/i0.wp.com\/diagnozabam.ro\/sfaturi\/wp-content\/uploads\/2024\/01\/scoate-cardul-kia-ev9-ajunge-in-romania-la-un-pret-de-start-de-72500-de-euro-mfrh-original.webp?resize=700%2C400&ssl=1 2x"},"classes":[]},{"id":19346,"url":"https:\/\/diagnozabam.ro\/sfaturi\/ro\/blog\/larte-design-intra-in-top-5-mondial-tuning\/","url_meta":{"origin":9425,"position":5},"title":"LARTE Design intr\u0103 \u00een TOP 5 mondial tuning!","author":"Bejenaru Alexandru Ionut","date":"8 mai 2025","format":false,"excerpt":"LARTE Design intr\u0103 \u00een TOP 5 mondial tuning! LARTE Design, lider global \u00een tuning premium, recunoscut oficial \u00een topul mondial LARTE Design, unul dintre cele mai respectate studiouri interna\u021bionale de tuning pentru automobile premium, a fost desemnat \u00een top 5 companii de tuning auto din lume de c\u0103tre agen\u021bia de\u2026","rel":"","context":"\u00cen \u201e\u0218tiri\u201d","block_context":{"text":"\u0218tiri","link":"https:\/\/diagnozabam.ro\/sfaturi\/ro\/category\/stiri\/"},"img":{"alt_text":"LARTE Design intr\u0103 \u00een TOP 5 mondial tuning!","src":"https:\/\/i0.wp.com\/diagnozabam.ro\/sfaturi\/wp-content\/uploads\/2025\/05\/LARTE-Design-intra-in-TOP-5-mondial-tuning.webp?resize=350%2C200&ssl=1","width":350,"height":200,"srcset":"https:\/\/i0.wp.com\/diagnozabam.ro\/sfaturi\/wp-content\/uploads\/2025\/05\/LARTE-Design-intra-in-TOP-5-mondial-tuning.webp?resize=350%2C200&ssl=1 1x, https:\/\/i0.wp.com\/diagnozabam.ro\/sfaturi\/wp-content\/uploads\/2025\/05\/LARTE-Design-intra-in-TOP-5-mondial-tuning.webp?resize=525%2C300&ssl=1 1.5x, https:\/\/i0.wp.com\/diagnozabam.ro\/sfaturi\/wp-content\/uploads\/2025\/05\/LARTE-Design-intra-in-TOP-5-mondial-tuning.webp?resize=700%2C400&ssl=1 2x"},"classes":[]}],"jetpack_shortlink":"https:\/\/wp.me\/pf97go-2s1","jetpack_featured_media_url":"https:\/\/diagnozabam.ro\/sfaturi\/wp-content\/uploads\/2024\/01\/rivalitatea-continua-audi-se-lanseaza-in-lupta-cu-bmw-x7-pregatindu-se-sa-dezlantuie-q9-pe-piata-mfrh-original.webp","pll_sync_post":[],"_links":{"self":[{"href":"https:\/\/diagnozabam.ro\/sfaturi\/wp-json\/wp\/v2\/posts\/9425","targetHints":{"allow":["GET"]}}],"collection":[{"href":"https:\/\/diagnozabam.ro\/sfaturi\/wp-json\/wp\/v2\/posts"}],"about":[{"href":"https:\/\/diagnozabam.ro\/sfaturi\/wp-json\/wp\/v2\/types\/post"}],"author":[{"embeddable":true,"href":"https:\/\/diagnozabam.ro\/sfaturi\/wp-json\/wp\/v2\/users\/1"}],"replies":[{"embeddable":true,"href":"https:\/\/diagnozabam.ro\/sfaturi\/wp-json\/wp\/v2\/comments?post=9425"}],"version-history":[{"count":2,"href":"https:\/\/diagnozabam.ro\/sfaturi\/wp-json\/wp\/v2\/posts\/9425\/revisions"}],"predecessor-version":[{"id":17109,"href":"https:\/\/diagnozabam.ro\/sfaturi\/wp-json\/wp\/v2\/posts\/9425\/revisions\/17109"}],"wp:featuredmedia":[{"embeddable":true,"href":"https:\/\/diagnozabam.ro\/sfaturi\/wp-json\/wp\/v2\/media\/9426"}],"wp:attachment":[{"href":"https:\/\/diagnozabam.ro\/sfaturi\/wp-json\/wp\/v2\/media?parent=9425"}],"wp:term":[{"taxonomy":"category","embeddable":true,"href":"https:\/\/diagnozabam.ro\/sfaturi\/wp-json\/wp\/v2\/categories?post=9425"},{"taxonomy":"post_tag","embeddable":true,"href":"https:\/\/diagnozabam.ro\/sfaturi\/wp-json\/wp\/v2\/tags?post=9425"}],"curies":[{"name":"wp","href":"https:\/\/api.w.org\/{rel}","templated":true}]}}