{"id":9671,"date":"2024-01-23T15:01:02","date_gmt":"2024-01-23T12:01:02","guid":{"rendered":"https:\/\/diagnozabam.ro\/sfaturi\/?p=9671"},"modified":"2025-04-02T13:50:54","modified_gmt":"2025-04-02T10:50:54","slug":"breaking-nasa-amana-intoarcerea-oamenilor-pe-luna-care-este-noua-data-programata-pentru-aselenizare","status":"publish","type":"post","link":"https:\/\/diagnozabam.ro\/sfaturi\/ro\/blog\/breaking-nasa-amana-intoarcerea-oamenilor-pe-luna-care-este-noua-data-programata-pentru-aselenizare\/","title":{"rendered":"BREAKING: NASA Am\u00e2n\u0103 \u00centoarcerea Oamenilor pe Lun\u0103! Care Este Noua Dat\u0103 Programat\u0103 pentru Aselenizare?"},"content":{"rendered":"<h1>BREAKING: NASA Am\u00e2n\u0103 \u00centoarcerea Oamenilor pe Lun\u0103! Care Este Noua Dat\u0103 Programat\u0103 pentru Aselenizare?<\/h1>\n<div class=\"flex flex-grow flex-col max-w-full\">\n<div class=\"min-h-[20px] text-message flex flex-col items-start gap-3 whitespace-pre-wrap break-words [.text-message+&amp;]:mt-5 overflow-x-auto\" data-message-author-role=\"assistant\" data-message-id=\"da303034-f4e5-4967-86eb-accfb02beafd\">\n<div class=\"markdown prose w-full break-words dark:prose-invert dark\">\n<p><img decoding=\"async\" class=\"alignnone size-full wp-image-9672\" src=\"https:\/\/diagnozabam.ro\/sfaturi\/wp-content\/uploads\/2024\/01\/Artemis-I-se-pregateste-pentru-ultimul-test-inainte-de-lansare-Ce-planuri-are-NASA-pentru-misiune-790x460-1.webp\" alt=\"BREAKING: NASA Am\u00e2n\u0103 \u00centoarcerea Oamenilor pe Lun\u0103! Care Este Noua Dat\u0103 Programat\u0103 pentru Aselenizare? - Artemis I se pregateste pentru ultimul test inainte de lansare Ce planuri are NASA pentru misiune 790x460 1\" width=\"790\" height=\"460\" title=\"BREAKING: NASA Am\u00e2n\u0103 \u00centoarcerea Oamenilor pe Lun\u0103! Care Este Noua Dat\u0103 Programat\u0103 pentru Aselenizare? - Artemis I se pregateste pentru ultimul test inainte de lansare Ce planuri are NASA pentru misiune 790x460 1\"><\/p>\n<p><a href=\"https:\/\/diagnozabam.ro\/sfaturi\/ro\/blog\/curiozitatile-roverului-curiosity-continuarea-observatiilor-stiintifice-si-planurile-noi\/\">NASA<\/a> a anun\u021bat am\u00e2narea misiunilor Artemis, care vizeaz\u0103 readucerea oamenilor pe Lun\u0103, prima dat\u0103 \u00een jum\u0103tate de secol. Misiunea Artemis III, care ar urma s\u0103 duc\u0103 4 astronau\u021bi la polul sud al Lunii, a fost am\u00e2nat\u0103 cu un an, iar <a href=\"https:\/\/diagnozabam.ro\/sfaturi\/ro\/blog\/artemis-ii-a-plecat-spre-luna-adevarul-din-spatele-stirilor-virale\/\">Artemis II<\/a>, o misiune de 10 zile \u00een care un echipaj va zbura \u00een jurul Lunii, a fost reprogramat\u0103 pentru septembrie 2025. \u00cen plus, Artemis III va avea loc \u00een 2026.<\/p>\n<p>Acesta este un pas important \u00een eforturile <a href=\"https:\/\/diagnozabam.ro\/sfaturi\/ro\/blog\/curiozitatile-roverului-curiosity-continuarea-observatiilor-stiintifice-si-planurile-noi\/\">NASA<\/a> de a stabili o prezen\u021b\u0103 uman\u0103 durabil\u0103 pe Lun\u0103, ca preg\u0103tire pentru misiunile viitoare spre <a href=\"https:\/\/diagnozabam.ro\/sfaturi\/ro\/blog\/curiozitatile-roverului-curiosity-continuarea-observatiilor-stiintifice-si-planurile-noi\/\">Marte<\/a>. Directorul <a href=\"https:\/\/diagnozabam.ro\/sfaturi\/ro\/blog\/curiozitatile-roverului-curiosity-continuarea-observatiilor-stiintifice-si-planurile-noi\/\">NASA<\/a>, Bill Nelson, a declarat c\u0103 siguran\u021ba este prioritatea lor num\u0103rul unu \u0219i c\u0103 au nevoie de mai mult timp pentru a aborda problemele \u0219i a asigura c\u0103 toate aspectele sunt \u00een ordine \u00eenainte de lansare.<\/p>\n<p>Misiunea <a href=\"https:\/\/diagnozabam.ro\/sfaturi\/ro\/blog\/artemis-ii-a-plecat-spre-luna-adevarul-din-spatele-stirilor-virale\/\">Artemis II<\/a> ar trebui s\u0103 dureze aproximativ 10 zile, cu un echipaj care va efectua o c\u0103l\u0103torie \u00een jurul Lunii f\u0103r\u0103 a aseleniza. Artemis III, am\u00e2nat\u0103 pentru 2026, ar urma s\u0103 duc\u0103 astronau\u021bi pe suprafa\u021ba lunar\u0103 pentru prima dat\u0103 dup\u0103 1972.<\/p>\n<p>Am\u00e2n\u0103rile sunt \u00een principal legate de problemele tehnice, cum ar fi scutul termic care protejeaz\u0103 capsula Orion la reintrarea \u00een atmosfera terestr\u0103 \u0219i sistemul de ejectare a capsulei. Acestea sunt aspecte cruciale pentru asigurarea siguran\u021bei misiunilor spa\u021biale.<\/p>\n<p>Chiar dac\u0103 anun\u021b\u0103 am\u00e2narea misiunilor, <a href=\"https:\/\/diagnozabam.ro\/sfaturi\/ro\/blog\/curiozitatile-roverului-curiosity-continuarea-observatiilor-stiintifice-si-planurile-noi\/\">NASA<\/a> subliniaz\u0103 c\u0103 proiectul Artemis va continua \u0219i c\u0103 am\u00e2n\u0103rile sunt necesare pentru a face ca misiunile s\u0103 fie c\u00e2t mai sigure posibil. Dou\u0103 elemente cheie care \u00eenc\u0103 nu sunt preg\u0103tite includ un <a href=\"https:\/\/diagnozabam.ro\/sfaturi\/ro\/blog\/cum-functioneaza-o-racheta-uite-ce-o-compune\/\">modul lunar<\/a> de asolizare comandat de SpaceX \u0219i costume spa\u021biale adaptate la mediul lunar dezvoltate de Axiom Space.<\/p>\n<\/div>\n<\/div>\n<\/div>\n","protected":false},"excerpt":{"rendered":"<p>NASA a anun\u021bat am\u00e2narea misiunilor Artemis, care vizeaz\u0103 readucerea oamenilor pe Lun\u0103, prima dat\u0103 \u00een jum\u0103tate de secol. Misiunea Artemis III, care ar urma s\u0103 duc\u0103 4 astronau\u021bi la polul&hellip;<\/p>\n","protected":false},"author":1,"featured_media":9672,"comment_status":"open","ping_status":"closed","sticky":false,"template":"","format":"standard","meta":{"_sitemap_exclude":false,"_sitemap_priority":"","_sitemap_frequency":"","footnotes":"","jetpack_publicize_message":"","jetpack_publicize_feature_enabled":true,"jetpack_social_post_already_shared":true,"jetpack_social_options":{"image_generator_settings":{"template":"highway","default_image_id":0,"font":"","enabled":false},"version":2},"jetpack_post_was_ever_published":false},"categories":[3283],"tags":[6063,6067,6065,6062,1862,6068,6060,3288,6064,6061,6066],"class_list":["post-9671","post","type-post","status-publish","format-standard","has-post-thumbnail","hentry","category-stiinta","tag-astronauti","tag-axiom-space","tag-capsula-orion","tag-explorare-lunara","tag-luna","tag-marte","tag-misiune-artemis","tag-nasa","tag-scut-termic","tag-siguranta-spatiala","tag-spacex"],"yoast_head":"<!-- This site is optimized with the Yoast SEO Premium plugin v27.7 (Yoast SEO v28.4) - https:\/\/yoast.com\/product\/yoast-seo-premium-wordpress\/ -->\n<title>BREAKING: NASA Am\u00e2n\u0103 \u00centoarcerea Oamenilor pe Lun\u0103! Care Este Noua Dat\u0103 Programat\u0103 pentru Aselenizare? - Diagnoza BAM<\/title>\n<meta name=\"description\" content=\"NASA a anun\u021bat am\u00e2narea misiunilor Artemis, care vizeaz\u0103 readucerea oamenilor pe Lun\u0103, prima dat\u0103 \u00een jum\u0103tate de secol....\" \/>\n<meta name=\"robots\" content=\"index, follow, max-snippet:-1, max-image-preview:large, max-video-preview:-1\" \/>\n<link rel=\"canonical\" href=\"https:\/\/diagnozabam.ro\/sfaturi\/ro\/blog\/breaking-nasa-amana-intoarcerea-oamenilor-pe-luna-care-este-noua-data-programata-pentru-aselenizare\/\" \/>\n<meta property=\"og:locale\" content=\"ro_RO\" \/>\n<meta property=\"og:type\" content=\"article\" \/>\n<meta property=\"og:title\" content=\"BREAKING: NASA Am\u00e2n\u0103 \u00centoarcerea Oamenilor pe Lun\u0103! Care Este Noua Dat\u0103 Programat\u0103 pentru Aselenizare?\" \/>\n<meta property=\"og:description\" content=\"NASA a anun\u021bat am\u00e2narea misiunilor Artemis, care vizeaz\u0103 readucerea oamenilor pe Lun\u0103, prima dat\u0103 \u00een jum\u0103tate de secol. Misiunea Artemis III, care ar urma s\u0103 duc\u0103 4 astronau\u021bi la polul&hellip;\" \/>\n<meta property=\"og:url\" content=\"https:\/\/diagnozabam.ro\/sfaturi\/ro\/blog\/breaking-nasa-amana-intoarcerea-oamenilor-pe-luna-care-este-noua-data-programata-pentru-aselenizare\/\" \/>\n<meta property=\"og:site_name\" content=\"Diagnoza BAM\" \/>\n<meta property=\"article:publisher\" content=\"https:\/\/www.facebook.com\/diagnozabam\" \/>\n<meta property=\"article:published_time\" content=\"2024-01-23T12:01:02+00:00\" \/>\n<meta property=\"article:modified_time\" content=\"2025-04-02T10:50:54+00:00\" \/>\n<meta property=\"og:image\" content=\"https:\/\/diagnozabam.ro\/sfaturi\/wp-content\/uploads\/2024\/01\/breaking-nasa-amana-intoarcerea-oamenilor-pe-luna-care-este-noua-data-programata-pentru-aselenizare.webp\" \/>\n\t<meta property=\"og:image:width\" content=\"790\" \/>\n\t<meta property=\"og:image:height\" content=\"460\" \/>\n\t<meta property=\"og:image:type\" content=\"image\/webp\" \/>\n<meta name=\"author\" content=\"Bejenaru Alexandru Ionut\" \/>\n<meta name=\"twitter:card\" content=\"summary_large_image\" \/>\n<meta name=\"twitter:label1\" content=\"Scris de\" \/>\n\t<meta name=\"twitter:data1\" content=\"Bejenaru Alexandru Ionut\" \/>\n\t<meta name=\"twitter:label2\" content=\"Timp estimat pentru citire\" \/>\n\t<meta name=\"twitter:data2\" content=\"2 minute\" \/>\n<script type=\"application\/ld+json\" class=\"yoast-schema-graph\">{\"@context\":\"https:\\\/\\\/schema.org\",\"@graph\":[{\"@type\":\"NewsArticle\",\"@id\":\"https:\\\/\\\/diagnozabam.ro\\\/sfaturi\\\/ro\\\/blog\\\/breaking-nasa-amana-intoarcerea-oamenilor-pe-luna-care-este-noua-data-programata-pentru-aselenizare\\\/#article\",\"isPartOf\":{\"@id\":\"https:\\\/\\\/diagnozabam.ro\\\/sfaturi\\\/ro\\\/blog\\\/breaking-nasa-amana-intoarcerea-oamenilor-pe-luna-care-este-noua-data-programata-pentru-aselenizare\\\/\"},\"author\":{\"name\":\"Bejenaru Alexandru Ionut\",\"@id\":\"https:\\\/\\\/diagnozabam.ro\\\/sfaturi\\\/#\\\/schema\\\/person\\\/77202adf825f4528d9ba9ab5b4ffafec\"},\"headline\":\"BREAKING: NASA Am\u00e2n\u0103 \u00centoarcerea Oamenilor pe Lun\u0103! Care Este Noua Dat\u0103 Programat\u0103 pentru Aselenizare?\",\"datePublished\":\"2024-01-23T12:01:02+00:00\",\"dateModified\":\"2025-04-02T10:50:54+00:00\",\"mainEntityOfPage\":{\"@id\":\"https:\\\/\\\/diagnozabam.ro\\\/sfaturi\\\/ro\\\/blog\\\/breaking-nasa-amana-intoarcerea-oamenilor-pe-luna-care-este-noua-data-programata-pentru-aselenizare\\\/\"},\"wordCount\":314,\"commentCount\":0,\"publisher\":{\"@id\":\"https:\\\/\\\/diagnozabam.ro\\\/sfaturi\\\/#organization\"},\"image\":{\"@id\":\"https:\\\/\\\/diagnozabam.ro\\\/sfaturi\\\/ro\\\/blog\\\/breaking-nasa-amana-intoarcerea-oamenilor-pe-luna-care-este-noua-data-programata-pentru-aselenizare\\\/#primaryimage\"},\"thumbnailUrl\":\"https:\\\/\\\/diagnozabam.ro\\\/sfaturi\\\/wp-content\\\/uploads\\\/2024\\\/01\\\/breaking-nasa-amana-intoarcerea-oamenilor-pe-luna-care-este-noua-data-programata-pentru-aselenizare-mfrh-original.webp\",\"keywords\":[\"Astronau\u021bi\",\"Axiom Space\",\"Capsul\u0103 Orion\",\"Explorare Lunar\u0103\",\"luna\",\"Marte\",\"Misiune Artemis\",\"nasa\",\"Scut Termic\",\"Siguran\u021b\u0103 Spa\u021bial\u0103\",\"SpaceX\"],\"articleSection\":[\"\u0218tiin\u021b\u0103\"],\"inLanguage\":\"ro-RO\",\"potentialAction\":[{\"@type\":\"CommentAction\",\"name\":\"Comment\",\"target\":[\"https:\\\/\\\/diagnozabam.ro\\\/sfaturi\\\/ro\\\/blog\\\/breaking-nasa-amana-intoarcerea-oamenilor-pe-luna-care-este-noua-data-programata-pentru-aselenizare\\\/#respond\"]}]},{\"@type\":\"WebPage\",\"@id\":\"https:\\\/\\\/diagnozabam.ro\\\/sfaturi\\\/ro\\\/blog\\\/breaking-nasa-amana-intoarcerea-oamenilor-pe-luna-care-este-noua-data-programata-pentru-aselenizare\\\/\",\"url\":\"https:\\\/\\\/diagnozabam.ro\\\/sfaturi\\\/ro\\\/blog\\\/breaking-nasa-amana-intoarcerea-oamenilor-pe-luna-care-este-noua-data-programata-pentru-aselenizare\\\/\",\"name\":\"BREAKING: NASA Am\u00e2n\u0103 \u00centoarcerea Oamenilor pe Lun\u0103! Care Este Noua Dat\u0103 Programat\u0103 pentru Aselenizare? - Diagnoza BAM\",\"isPartOf\":{\"@id\":\"https:\\\/\\\/diagnozabam.ro\\\/sfaturi\\\/#website\"},\"primaryImageOfPage\":{\"@id\":\"https:\\\/\\\/diagnozabam.ro\\\/sfaturi\\\/ro\\\/blog\\\/breaking-nasa-amana-intoarcerea-oamenilor-pe-luna-care-este-noua-data-programata-pentru-aselenizare\\\/#primaryimage\"},\"image\":{\"@id\":\"https:\\\/\\\/diagnozabam.ro\\\/sfaturi\\\/ro\\\/blog\\\/breaking-nasa-amana-intoarcerea-oamenilor-pe-luna-care-este-noua-data-programata-pentru-aselenizare\\\/#primaryimage\"},\"thumbnailUrl\":\"https:\\\/\\\/diagnozabam.ro\\\/sfaturi\\\/wp-content\\\/uploads\\\/2024\\\/01\\\/breaking-nasa-amana-intoarcerea-oamenilor-pe-luna-care-este-noua-data-programata-pentru-aselenizare-mfrh-original.webp\",\"datePublished\":\"2024-01-23T12:01:02+00:00\",\"dateModified\":\"2025-04-02T10:50:54+00:00\",\"description\":\"NASA a anun\u021bat am\u00e2narea misiunilor Artemis, care vizeaz\u0103 readucerea oamenilor pe Lun\u0103, prima dat\u0103 \u00een jum\u0103tate de secol. Misiunea Artemis III, care ar urma s\u0103 duc\u0103 4 astronau\u021bi la polul&hellip;\",\"breadcrumb\":{\"@id\":\"https:\\\/\\\/diagnozabam.ro\\\/sfaturi\\\/ro\\\/blog\\\/breaking-nasa-amana-intoarcerea-oamenilor-pe-luna-care-este-noua-data-programata-pentru-aselenizare\\\/#breadcrumb\"},\"inLanguage\":\"ro-RO\",\"potentialAction\":[{\"@type\":\"ReadAction\",\"target\":[\"https:\\\/\\\/diagnozabam.ro\\\/sfaturi\\\/ro\\\/blog\\\/breaking-nasa-amana-intoarcerea-oamenilor-pe-luna-care-este-noua-data-programata-pentru-aselenizare\\\/\"]}]},{\"@type\":\"ImageObject\",\"inLanguage\":\"ro-RO\",\"@id\":\"https:\\\/\\\/diagnozabam.ro\\\/sfaturi\\\/ro\\\/blog\\\/breaking-nasa-amana-intoarcerea-oamenilor-pe-luna-care-este-noua-data-programata-pentru-aselenizare\\\/#primaryimage\",\"url\":\"https:\\\/\\\/diagnozabam.ro\\\/sfaturi\\\/wp-content\\\/uploads\\\/2024\\\/01\\\/breaking-nasa-amana-intoarcerea-oamenilor-pe-luna-care-este-noua-data-programata-pentru-aselenizare-mfrh-original.webp\",\"contentUrl\":\"https:\\\/\\\/diagnozabam.ro\\\/sfaturi\\\/wp-content\\\/uploads\\\/2024\\\/01\\\/breaking-nasa-amana-intoarcerea-oamenilor-pe-luna-care-este-noua-data-programata-pentru-aselenizare-mfrh-original.webp\",\"width\":790,\"height\":460,\"caption\":\"breaking nasa amana intoarcerea oamenilor pe luna care este noua data programata pentru aselenizare mfrh original\"},{\"@type\":\"BreadcrumbList\",\"@id\":\"https:\\\/\\\/diagnozabam.ro\\\/sfaturi\\\/ro\\\/blog\\\/breaking-nasa-amana-intoarcerea-oamenilor-pe-luna-care-este-noua-data-programata-pentru-aselenizare\\\/#breadcrumb\",\"itemListElement\":[{\"@type\":\"ListItem\",\"position\":1,\"name\":\"Home\",\"item\":\"https:\\\/\\\/diagnozabam.ro\\\/sfaturi\\\/\"},{\"@type\":\"ListItem\",\"position\":2,\"name\":\"BREAKING: NASA Am\u00e2n\u0103 \u00centoarcerea Oamenilor pe Lun\u0103! Care Este Noua Dat\u0103 Programat\u0103 pentru Aselenizare?\"}]},{\"@type\":\"WebSite\",\"@id\":\"https:\\\/\\\/diagnozabam.ro\\\/sfaturi\\\/#website\",\"url\":\"https:\\\/\\\/diagnozabam.ro\\\/sfaturi\\\/\",\"name\":\"Diagnoza BAM\",\"description\":\"Independent Auto Diagnostics, Tech Analysis and Smart Insights\",\"publisher\":{\"@id\":\"https:\\\/\\\/diagnozabam.ro\\\/sfaturi\\\/#organization\"},\"alternateName\":\"DBAM\",\"potentialAction\":[{\"@type\":\"SearchAction\",\"target\":{\"@type\":\"EntryPoint\",\"urlTemplate\":\"https:\\\/\\\/diagnozabam.ro\\\/sfaturi\\\/?s={search_term_string}\"},\"query-input\":{\"@type\":\"PropertyValueSpecification\",\"valueRequired\":true,\"valueName\":\"search_term_string\"}}],\"inLanguage\":\"ro-RO\"},{\"@type\":\"Organization\",\"@id\":\"https:\\\/\\\/diagnozabam.ro\\\/sfaturi\\\/#organization\",\"name\":\"Diagnoza BAM\",\"alternateName\":\"DBAM\",\"url\":\"https:\\\/\\\/diagnozabam.ro\\\/sfaturi\\\/\",\"logo\":{\"@type\":\"ImageObject\",\"inLanguage\":\"ro-RO\",\"@id\":\"https:\\\/\\\/diagnozabam.ro\\\/sfaturi\\\/#\\\/schema\\\/logo\\\/image\\\/\",\"url\":\"https:\\\/\\\/diagnozabam.ro\\\/sfaturi\\\/wp-content\\\/uploads\\\/2025\\\/11\\\/logo-diagnoza-bam-imagine.webp\",\"contentUrl\":\"https:\\\/\\\/diagnozabam.ro\\\/sfaturi\\\/wp-content\\\/uploads\\\/2025\\\/11\\\/logo-diagnoza-bam-imagine.webp\",\"width\":512,\"height\":512,\"caption\":\"Diagnoza BAM\"},\"image\":{\"@id\":\"https:\\\/\\\/diagnozabam.ro\\\/sfaturi\\\/#\\\/schema\\\/logo\\\/image\\\/\"},\"sameAs\":[\"https:\\\/\\\/www.facebook.com\\\/diagnozabam\",\"https:\\\/\\\/mastodon.social\\\/@diagnozabam\",\"https:\\\/\\\/bsky.app\\\/profile\\\/did:plc:f4cmgfa3nv33bch7p3wgwchr\",\"https:\\\/\\\/www.tumblr.com\\\/diagbam\"],\"description\":\"Independent publishing platform focused on automotive diagnostics, OBD2 analysis, repair cost breakdowns, technology insights and practical technical guides.\",\"email\":\"redactie@diagnozabam.ro\",\"foundingDate\":\"2023-02-16\"},{\"@type\":\"Person\",\"@id\":\"https:\\\/\\\/diagnozabam.ro\\\/sfaturi\\\/#\\\/schema\\\/person\\\/77202adf825f4528d9ba9ab5b4ffafec\",\"name\":\"Bejenaru Alexandru Ionut\",\"image\":{\"@type\":\"ImageObject\",\"inLanguage\":\"ro-RO\",\"@id\":\"https:\\\/\\\/secure.gravatar.com\\\/avatar\\\/96634b44a266a571c59a5e82fc6f12edfb6876914735dbc57aa2348d11395470?s=96&d=mm&r=g\",\"url\":\"https:\\\/\\\/secure.gravatar.com\\\/avatar\\\/96634b44a266a571c59a5e82fc6f12edfb6876914735dbc57aa2348d11395470?s=96&d=mm&r=g\",\"contentUrl\":\"https:\\\/\\\/secure.gravatar.com\\\/avatar\\\/96634b44a266a571c59a5e82fc6f12edfb6876914735dbc57aa2348d11395470?s=96&d=mm&r=g\",\"caption\":\"Bejenaru Alexandru Ionut\"},\"sameAs\":[\"https:\\\/\\\/diagnozabam.ro\"],\"honorificPrefix\":\"Mr.\",\"birthDate\":\"1997-12-23\",\"url\":\"https:\\\/\\\/diagnozabam.ro\\\/sfaturi\\\/blog\\\/author\\\/bejenaru-alexandru-ionut\\\/\"}]}<\/script>\n<!-- \/ Yoast SEO Premium plugin. -->","yoast_head_json":{"title":"BREAKING: NASA Am\u00e2n\u0103 \u00centoarcerea Oamenilor pe Lun\u0103! Care Este Noua Dat\u0103 Programat\u0103 pentru Aselenizare? - Diagnoza BAM","description":"NASA a anun\u021bat am\u00e2narea misiunilor Artemis, care vizeaz\u0103 readucerea oamenilor pe Lun\u0103, prima dat\u0103 \u00een jum\u0103tate de secol....","robots":{"index":"index","follow":"follow","max-snippet":"max-snippet:-1","max-image-preview":"max-image-preview:large","max-video-preview":"max-video-preview:-1"},"canonical":"https:\/\/diagnozabam.ro\/sfaturi\/ro\/blog\/breaking-nasa-amana-intoarcerea-oamenilor-pe-luna-care-este-noua-data-programata-pentru-aselenizare\/","og_locale":"ro_RO","og_type":"article","og_title":"BREAKING: NASA Am\u00e2n\u0103 \u00centoarcerea Oamenilor pe Lun\u0103! Care Este Noua Dat\u0103 Programat\u0103 pentru Aselenizare?","og_description":"NASA a anun\u021bat am\u00e2narea misiunilor Artemis, care vizeaz\u0103 readucerea oamenilor pe Lun\u0103, prima dat\u0103 \u00een jum\u0103tate de secol. Misiunea Artemis III, care ar urma s\u0103 duc\u0103 4 astronau\u021bi la polul&hellip;","og_url":"https:\/\/diagnozabam.ro\/sfaturi\/ro\/blog\/breaking-nasa-amana-intoarcerea-oamenilor-pe-luna-care-este-noua-data-programata-pentru-aselenizare\/","og_site_name":"Diagnoza BAM","article_publisher":"https:\/\/www.facebook.com\/diagnozabam","article_published_time":"2024-01-23T12:01:02+00:00","article_modified_time":"2025-04-02T10:50:54+00:00","og_image":[{"width":790,"height":460,"url":"https:\/\/diagnozabam.ro\/sfaturi\/wp-content\/uploads\/2024\/01\/breaking-nasa-amana-intoarcerea-oamenilor-pe-luna-care-este-noua-data-programata-pentru-aselenizare.webp","type":"image\/webp"}],"author":"Bejenaru Alexandru Ionut","twitter_card":"summary_large_image","twitter_misc":{"Scris de":"Bejenaru Alexandru Ionut","Timp estimat pentru citire":"2 minute"},"schema":{"@context":"https:\/\/schema.org","@graph":[{"@type":"NewsArticle","@id":"https:\/\/diagnozabam.ro\/sfaturi\/ro\/blog\/breaking-nasa-amana-intoarcerea-oamenilor-pe-luna-care-este-noua-data-programata-pentru-aselenizare\/#article","isPartOf":{"@id":"https:\/\/diagnozabam.ro\/sfaturi\/ro\/blog\/breaking-nasa-amana-intoarcerea-oamenilor-pe-luna-care-este-noua-data-programata-pentru-aselenizare\/"},"author":{"name":"Bejenaru Alexandru Ionut","@id":"https:\/\/diagnozabam.ro\/sfaturi\/#\/schema\/person\/77202adf825f4528d9ba9ab5b4ffafec"},"headline":"BREAKING: NASA Am\u00e2n\u0103 \u00centoarcerea Oamenilor pe Lun\u0103! Care Este Noua Dat\u0103 Programat\u0103 pentru Aselenizare?","datePublished":"2024-01-23T12:01:02+00:00","dateModified":"2025-04-02T10:50:54+00:00","mainEntityOfPage":{"@id":"https:\/\/diagnozabam.ro\/sfaturi\/ro\/blog\/breaking-nasa-amana-intoarcerea-oamenilor-pe-luna-care-este-noua-data-programata-pentru-aselenizare\/"},"wordCount":314,"commentCount":0,"publisher":{"@id":"https:\/\/diagnozabam.ro\/sfaturi\/#organization"},"image":{"@id":"https:\/\/diagnozabam.ro\/sfaturi\/ro\/blog\/breaking-nasa-amana-intoarcerea-oamenilor-pe-luna-care-este-noua-data-programata-pentru-aselenizare\/#primaryimage"},"thumbnailUrl":"https:\/\/diagnozabam.ro\/sfaturi\/wp-content\/uploads\/2024\/01\/breaking-nasa-amana-intoarcerea-oamenilor-pe-luna-care-este-noua-data-programata-pentru-aselenizare-mfrh-original.webp","keywords":["Astronau\u021bi","Axiom Space","Capsul\u0103 Orion","Explorare Lunar\u0103","luna","Marte","Misiune Artemis","nasa","Scut Termic","Siguran\u021b\u0103 Spa\u021bial\u0103","SpaceX"],"articleSection":["\u0218tiin\u021b\u0103"],"inLanguage":"ro-RO","potentialAction":[{"@type":"CommentAction","name":"Comment","target":["https:\/\/diagnozabam.ro\/sfaturi\/ro\/blog\/breaking-nasa-amana-intoarcerea-oamenilor-pe-luna-care-este-noua-data-programata-pentru-aselenizare\/#respond"]}]},{"@type":"WebPage","@id":"https:\/\/diagnozabam.ro\/sfaturi\/ro\/blog\/breaking-nasa-amana-intoarcerea-oamenilor-pe-luna-care-este-noua-data-programata-pentru-aselenizare\/","url":"https:\/\/diagnozabam.ro\/sfaturi\/ro\/blog\/breaking-nasa-amana-intoarcerea-oamenilor-pe-luna-care-este-noua-data-programata-pentru-aselenizare\/","name":"BREAKING: NASA Am\u00e2n\u0103 \u00centoarcerea Oamenilor pe Lun\u0103! Care Este Noua Dat\u0103 Programat\u0103 pentru Aselenizare? - Diagnoza BAM","isPartOf":{"@id":"https:\/\/diagnozabam.ro\/sfaturi\/#website"},"primaryImageOfPage":{"@id":"https:\/\/diagnozabam.ro\/sfaturi\/ro\/blog\/breaking-nasa-amana-intoarcerea-oamenilor-pe-luna-care-este-noua-data-programata-pentru-aselenizare\/#primaryimage"},"image":{"@id":"https:\/\/diagnozabam.ro\/sfaturi\/ro\/blog\/breaking-nasa-amana-intoarcerea-oamenilor-pe-luna-care-este-noua-data-programata-pentru-aselenizare\/#primaryimage"},"thumbnailUrl":"https:\/\/diagnozabam.ro\/sfaturi\/wp-content\/uploads\/2024\/01\/breaking-nasa-amana-intoarcerea-oamenilor-pe-luna-care-este-noua-data-programata-pentru-aselenizare-mfrh-original.webp","datePublished":"2024-01-23T12:01:02+00:00","dateModified":"2025-04-02T10:50:54+00:00","description":"NASA a anun\u021bat am\u00e2narea misiunilor Artemis, care vizeaz\u0103 readucerea oamenilor pe Lun\u0103, prima dat\u0103 \u00een jum\u0103tate de secol. Misiunea Artemis III, care ar urma s\u0103 duc\u0103 4 astronau\u021bi la polul&hellip;","breadcrumb":{"@id":"https:\/\/diagnozabam.ro\/sfaturi\/ro\/blog\/breaking-nasa-amana-intoarcerea-oamenilor-pe-luna-care-este-noua-data-programata-pentru-aselenizare\/#breadcrumb"},"inLanguage":"ro-RO","potentialAction":[{"@type":"ReadAction","target":["https:\/\/diagnozabam.ro\/sfaturi\/ro\/blog\/breaking-nasa-amana-intoarcerea-oamenilor-pe-luna-care-este-noua-data-programata-pentru-aselenizare\/"]}]},{"@type":"ImageObject","inLanguage":"ro-RO","@id":"https:\/\/diagnozabam.ro\/sfaturi\/ro\/blog\/breaking-nasa-amana-intoarcerea-oamenilor-pe-luna-care-este-noua-data-programata-pentru-aselenizare\/#primaryimage","url":"https:\/\/diagnozabam.ro\/sfaturi\/wp-content\/uploads\/2024\/01\/breaking-nasa-amana-intoarcerea-oamenilor-pe-luna-care-este-noua-data-programata-pentru-aselenizare-mfrh-original.webp","contentUrl":"https:\/\/diagnozabam.ro\/sfaturi\/wp-content\/uploads\/2024\/01\/breaking-nasa-amana-intoarcerea-oamenilor-pe-luna-care-este-noua-data-programata-pentru-aselenizare-mfrh-original.webp","width":790,"height":460,"caption":"breaking nasa amana intoarcerea oamenilor pe luna care este noua data programata pentru aselenizare mfrh original"},{"@type":"BreadcrumbList","@id":"https:\/\/diagnozabam.ro\/sfaturi\/ro\/blog\/breaking-nasa-amana-intoarcerea-oamenilor-pe-luna-care-este-noua-data-programata-pentru-aselenizare\/#breadcrumb","itemListElement":[{"@type":"ListItem","position":1,"name":"Home","item":"https:\/\/diagnozabam.ro\/sfaturi\/"},{"@type":"ListItem","position":2,"name":"BREAKING: NASA Am\u00e2n\u0103 \u00centoarcerea Oamenilor pe Lun\u0103! Care Este Noua Dat\u0103 Programat\u0103 pentru Aselenizare?"}]},{"@type":"WebSite","@id":"https:\/\/diagnozabam.ro\/sfaturi\/#website","url":"https:\/\/diagnozabam.ro\/sfaturi\/","name":"Diagnoza BAM","description":"Independent Auto Diagnostics, Tech Analysis and Smart Insights","publisher":{"@id":"https:\/\/diagnozabam.ro\/sfaturi\/#organization"},"alternateName":"DBAM","potentialAction":[{"@type":"SearchAction","target":{"@type":"EntryPoint","urlTemplate":"https:\/\/diagnozabam.ro\/sfaturi\/?s={search_term_string}"},"query-input":{"@type":"PropertyValueSpecification","valueRequired":true,"valueName":"search_term_string"}}],"inLanguage":"ro-RO"},{"@type":"Organization","@id":"https:\/\/diagnozabam.ro\/sfaturi\/#organization","name":"Diagnoza BAM","alternateName":"DBAM","url":"https:\/\/diagnozabam.ro\/sfaturi\/","logo":{"@type":"ImageObject","inLanguage":"ro-RO","@id":"https:\/\/diagnozabam.ro\/sfaturi\/#\/schema\/logo\/image\/","url":"https:\/\/diagnozabam.ro\/sfaturi\/wp-content\/uploads\/2025\/11\/logo-diagnoza-bam-imagine.webp","contentUrl":"https:\/\/diagnozabam.ro\/sfaturi\/wp-content\/uploads\/2025\/11\/logo-diagnoza-bam-imagine.webp","width":512,"height":512,"caption":"Diagnoza BAM"},"image":{"@id":"https:\/\/diagnozabam.ro\/sfaturi\/#\/schema\/logo\/image\/"},"sameAs":["https:\/\/www.facebook.com\/diagnozabam","https:\/\/mastodon.social\/@diagnozabam","https:\/\/bsky.app\/profile\/did:plc:f4cmgfa3nv33bch7p3wgwchr","https:\/\/www.tumblr.com\/diagbam"],"description":"Independent publishing platform focused on automotive diagnostics, OBD2 analysis, repair cost breakdowns, technology insights and practical technical guides.","email":"redactie@diagnozabam.ro","foundingDate":"2023-02-16"},{"@type":"Person","@id":"https:\/\/diagnozabam.ro\/sfaturi\/#\/schema\/person\/77202adf825f4528d9ba9ab5b4ffafec","name":"Bejenaru Alexandru Ionut","image":{"@type":"ImageObject","inLanguage":"ro-RO","@id":"https:\/\/secure.gravatar.com\/avatar\/96634b44a266a571c59a5e82fc6f12edfb6876914735dbc57aa2348d11395470?s=96&d=mm&r=g","url":"https:\/\/secure.gravatar.com\/avatar\/96634b44a266a571c59a5e82fc6f12edfb6876914735dbc57aa2348d11395470?s=96&d=mm&r=g","contentUrl":"https:\/\/secure.gravatar.com\/avatar\/96634b44a266a571c59a5e82fc6f12edfb6876914735dbc57aa2348d11395470?s=96&d=mm&r=g","caption":"Bejenaru Alexandru Ionut"},"sameAs":["https:\/\/diagnozabam.ro"],"honorificPrefix":"Mr.","birthDate":"1997-12-23","url":"https:\/\/diagnozabam.ro\/sfaturi\/blog\/author\/bejenaru-alexandru-ionut\/"}]}},"lang":"ro","translations":{"ro":9671},"jetpack_publicize_connections":[],"jetpack-related-posts":[{"id":10377,"url":"https:\/\/diagnozabam.ro\/sfaturi\/ro\/blog\/nasa-a-selectat-trei-companii-pentru-a-dezvolta-un-vehicul-lunar\/","url_meta":{"origin":9671,"position":0},"title":"NASA a selectat trei companii pentru a dezvolta un vehicul lunar","author":"Bejenaru Alexandru Ionut","date":"9 aprilie 2024","format":false,"excerpt":"Anun\u021bul NASA privind alegerea a trei companii pentru dezvoltarea vehiculului lunar (LTV) reprezint\u0103 un pas important \u00een direc\u021bia continu\u0103 a explor\u0103rii spa\u021biului cosmic \u0219i a preg\u0103tirii pentru misiuni umane pe\u2026","rel":"","context":"\u00cen \u201eIT-RO\u201d","block_context":{"text":"IT-RO","link":"https:\/\/diagnozabam.ro\/sfaturi\/ro\/category\/it\/"},"img":{"alt_text":"nasa a selectat trei companii pentru a dezvolta un vehicul lunar mfrh original","src":"https:\/\/i0.wp.com\/diagnozabam.ro\/sfaturi\/wp-content\/uploads\/2024\/04\/nasa-a-selectat-trei-companii-pentru-a-dezvolta-un-vehicul-lunar-mfrh-original.webp?resize=350%2C200&ssl=1","width":350,"height":200,"srcset":"https:\/\/i0.wp.com\/diagnozabam.ro\/sfaturi\/wp-content\/uploads\/2024\/04\/nasa-a-selectat-trei-companii-pentru-a-dezvolta-un-vehicul-lunar-mfrh-original.webp?resize=350%2C200&ssl=1 1x, https:\/\/i0.wp.com\/diagnozabam.ro\/sfaturi\/wp-content\/uploads\/2024\/04\/nasa-a-selectat-trei-companii-pentru-a-dezvolta-un-vehicul-lunar-mfrh-original.webp?resize=525%2C300&ssl=1 1.5x, https:\/\/i0.wp.com\/diagnozabam.ro\/sfaturi\/wp-content\/uploads\/2024\/04\/nasa-a-selectat-trei-companii-pentru-a-dezvolta-un-vehicul-lunar-mfrh-original.webp?resize=700%2C400&ssl=1 2x"},"classes":[]},{"id":41488,"url":"https:\/\/diagnozabam.ro\/sfaturi\/ro\/blog\/artemis-ii-a-plecat-spre-luna-adevarul-din-spatele-stirilor-virale\/","url_meta":{"origin":9671,"position":1},"title":"Artemis II a plecat spre Luna? Adevarul din spatele stirilor virale","author":"Bejenaru Alexandru Ionut","date":"6 aprilie 2026","format":false,"excerpt":"In aprilie 2026, mai multe site-uri din Romania si international au publicat articole care sustineau ca Artemis II ar fi deja in drum spre Luna. Titluri de tip: \u201eLIVE din spatiu\u201d \u201eCapsula Orion a ajuns langa Luna\u201d \u201eArtemis II scrie istorie\u201d \ud83d\udc49 au creat o imagine falsa: ca misiunea este\u2026","rel":"","context":"\u00cen \u201e\u0218tiri\u201d","block_context":{"text":"\u0218tiri","link":"https:\/\/diagnozabam.ro\/sfaturi\/ro\/category\/stiri\/"},"img":{"alt_text":"Artemis II fake launch","src":"https:\/\/i0.wp.com\/diagnozabam.ro\/sfaturi\/wp-content\/uploads\/2026\/04\/screenshot_2.webp?resize=350%2C200&ssl=1","width":350,"height":200,"srcset":"https:\/\/i0.wp.com\/diagnozabam.ro\/sfaturi\/wp-content\/uploads\/2026\/04\/screenshot_2.webp?resize=350%2C200&ssl=1 1x, https:\/\/i0.wp.com\/diagnozabam.ro\/sfaturi\/wp-content\/uploads\/2026\/04\/screenshot_2.webp?resize=525%2C300&ssl=1 1.5x, https:\/\/i0.wp.com\/diagnozabam.ro\/sfaturi\/wp-content\/uploads\/2026\/04\/screenshot_2.webp?resize=700%2C400&ssl=1 2x, https:\/\/i0.wp.com\/diagnozabam.ro\/sfaturi\/wp-content\/uploads\/2026\/04\/screenshot_2.webp?resize=1050%2C600&ssl=1 3x, https:\/\/i0.wp.com\/diagnozabam.ro\/sfaturi\/wp-content\/uploads\/2026\/04\/screenshot_2.webp?resize=1400%2C800&ssl=1 4x"},"classes":[]},{"id":9283,"url":"https:\/\/diagnozabam.ro\/sfaturi\/ro\/blog\/peregrine-modulul-lunar-porneste-in-calatoria-sa-spre-luna-prima-nava-americana-de-acest-fel-de-la-proiectul-apollo-in-urma-a-peste-50-de-ani\/","url_meta":{"origin":9671,"position":2},"title":"Misiunea Peregrine One: Detalii Tehnice, Lansare Vulcan","author":"Bejenaru Alexandru Ionut","date":"15 ianuarie 2024","format":false,"excerpt":"\u00centr-un moment care reaminte\u0219te de epoca de aur a explor\u0103rii spa\u021biale, Cape Canaveral din Florida se preg\u0103te\u0219te pentru un eveniment uluitor: o nou\u0103 tentativ\u0103 american\u0103 de a pune un modul\u2026","rel":"","context":"\u00cen \u201e\u0218tiin\u021b\u0103\u201d","block_context":{"text":"\u0218tiin\u021b\u0103","link":"https:\/\/diagnozabam.ro\/sfaturi\/ro\/category\/stiinta\/"},"img":{"alt_text":"peregrine modulul lunar porneste in calatoria sa spre luna prima nava americana de acest fel de la proiectul apollo in urma a peste 50 de ani mfrh original","src":"https:\/\/i0.wp.com\/diagnozabam.ro\/sfaturi\/wp-content\/uploads\/2024\/01\/peregrine-modulul-lunar-porneste-in-calatoria-sa-spre-luna-prima-nava-americana-de-acest-fel-de-la-proiectul-apollo-in-urma-a-peste-50-de-ani-mfrh-original.webp?resize=350%2C200&ssl=1","width":350,"height":200,"srcset":"https:\/\/i0.wp.com\/diagnozabam.ro\/sfaturi\/wp-content\/uploads\/2024\/01\/peregrine-modulul-lunar-porneste-in-calatoria-sa-spre-luna-prima-nava-americana-de-acest-fel-de-la-proiectul-apollo-in-urma-a-peste-50-de-ani-mfrh-original.webp?resize=350%2C200&ssl=1 1x, https:\/\/i0.wp.com\/diagnozabam.ro\/sfaturi\/wp-content\/uploads\/2024\/01\/peregrine-modulul-lunar-porneste-in-calatoria-sa-spre-luna-prima-nava-americana-de-acest-fel-de-la-proiectul-apollo-in-urma-a-peste-50-de-ani-mfrh-original.webp?resize=525%2C300&ssl=1 1.5x"},"classes":[]},{"id":7169,"url":"https:\/\/diagnozabam.ro\/sfaturi\/ro\/blog\/entuziasmul-pentru-masinile-electrice-anunta-apocalipsa-petrolului-dar-europa-se-confrunta-cu-probleme-legate-de-infrastructura-de-incarcare-2\/","url_meta":{"origin":9671,"position":3},"title":"Entuziasmul pentru Ma\u0219inile Electrice Anun\u021b\u0103 Apocalipsa Petrolului, dar Europa Se Confrunt\u0103 cu Probleme Legate de Infrastructura de \u00cenc\u0103rcare","author":"Bejenaru Alexandru Ionut","date":"21 decembrie 2023","format":false,"excerpt":"Compania american\u0103 Astrobotic \u00ee\u0219i propune s\u0103 realizeze o asolizare pe Lun\u0103 pe 25 ianuarie 2024, marc\u00e2nd o revenire a Statelor Unite pe suprafa\u021ba lunar\u0103 dup\u0103 peste 50 de ani. Modulul\u2026","rel":"","context":"\u00cen \u201e\u0218tiin\u021b\u0103\u201d","block_context":{"text":"\u0218tiin\u021b\u0103","link":"https:\/\/diagnozabam.ro\/sfaturi\/ro\/category\/stiinta\/"},"img":{"alt_text":"entuziasmul pentru masinile electrice anunta apocalipsa petrolului dar europa se confrunta cu probleme legate de infrastructura de incarcare mfrh original","src":"https:\/\/i0.wp.com\/diagnozabam.ro\/sfaturi\/wp-content\/uploads\/2023\/12\/entuziasmul-pentru-masinile-electrice-anunta-apocalipsa-petrolului-dar-europa-se-confrunta-cu-probleme-legate-de-infrastructura-de-incarcare-mfrh-original.webp?resize=350%2C200&ssl=1","width":350,"height":200,"srcset":"https:\/\/i0.wp.com\/diagnozabam.ro\/sfaturi\/wp-content\/uploads\/2023\/12\/entuziasmul-pentru-masinile-electrice-anunta-apocalipsa-petrolului-dar-europa-se-confrunta-cu-probleme-legate-de-infrastructura-de-incarcare-mfrh-original.webp?resize=350%2C200&ssl=1 1x, https:\/\/i0.wp.com\/diagnozabam.ro\/sfaturi\/wp-content\/uploads\/2023\/12\/entuziasmul-pentru-masinile-electrice-anunta-apocalipsa-petrolului-dar-europa-se-confrunta-cu-probleme-legate-de-infrastructura-de-incarcare-mfrh-original.webp?resize=525%2C300&ssl=1 1.5x"},"classes":[]},{"id":10335,"url":"https:\/\/diagnozabam.ro\/sfaturi\/ro\/blog\/spacex-a-efectuat-al-treilea-test-orbital-al-rachetei-starship-si-a-obtinut-un-succes-partial\/","url_meta":{"origin":9671,"position":4},"title":"SpaceX a efectuat al treilea test orbital al rachetei Starship \u0219i a ob\u021binut un succes par\u021bial","author":"Bejenaru Alexandru Ionut","date":"22 martie 2024","format":false,"excerpt":"Testul orbital al rachetei Starship realizat de SpaceX a marcat un moment important \u00een evolu\u021bia acestei nave spa\u021biale revolu\u021bionare. Cu toate c\u0103 testul a atins multe dintre obiectivele sale, inclusiv\u2026","rel":"","context":"\u00cen \u201e\u0218tiin\u021b\u0103\u201d","block_context":{"text":"\u0218tiin\u021b\u0103","link":"https:\/\/diagnozabam.ro\/sfaturi\/ro\/category\/stiinta\/"},"img":{"alt_text":"spacex a efectuat al treilea test orbital al rachetei starship si a obtinut un succes partial mfrh original","src":"https:\/\/i0.wp.com\/diagnozabam.ro\/sfaturi\/wp-content\/uploads\/2024\/03\/spacex-a-efectuat-al-treilea-test-orbital-al-rachetei-starship-si-a-obtinut-un-succes-partial-mfrh-original.webp?resize=350%2C200&ssl=1","width":350,"height":200,"srcset":"https:\/\/i0.wp.com\/diagnozabam.ro\/sfaturi\/wp-content\/uploads\/2024\/03\/spacex-a-efectuat-al-treilea-test-orbital-al-rachetei-starship-si-a-obtinut-un-succes-partial-mfrh-original.webp?resize=350%2C200&ssl=1 1x, https:\/\/i0.wp.com\/diagnozabam.ro\/sfaturi\/wp-content\/uploads\/2024\/03\/spacex-a-efectuat-al-treilea-test-orbital-al-rachetei-starship-si-a-obtinut-un-succes-partial-mfrh-original.webp?resize=525%2C300&ssl=1 1.5x, https:\/\/i0.wp.com\/diagnozabam.ro\/sfaturi\/wp-content\/uploads\/2024\/03\/spacex-a-efectuat-al-treilea-test-orbital-al-rachetei-starship-si-a-obtinut-un-succes-partial-mfrh-original.webp?resize=700%2C400&ssl=1 2x"},"classes":[]},{"id":33611,"url":"https:\/\/diagnozabam.ro\/sfaturi\/ro\/blog\/spacex-starship-2025-ce-urmeaza-dupa-testul-din-decembrie\/","url_meta":{"origin":9671,"position":5},"title":"SpaceX Starship 2025 \u2013 Ce urmeaza dupa testul din decembrie","author":"Bejenaru Alexandru Ionut","date":"11 decembrie 2025","format":false,"excerpt":"Programul SpaceX Starship 2025 a intrat intr-o etapa cruciala dupa testul de succes din decembrie 2025, cand vehiculul complet a indeplinit majoritatea obiectivelor de zbor. Starship reprezinta cea mai mare racheta construita vreodata, destinata misiunilor pe Luna, Marte si transportului orbital de mare capacitate. In acest articol explic ce urmeaza\u2026","rel":"","context":"\u00cen \u201e\u0218tiri\u201d","block_context":{"text":"\u0218tiri","link":"https:\/\/diagnozabam.ro\/sfaturi\/ro\/category\/stiri\/"},"img":{"alt_text":"Starship reentry Earth SpaceX 1 crop 5 edit 1","src":"https:\/\/i0.wp.com\/diagnozabam.ro\/sfaturi\/wp-content\/uploads\/2025\/12\/spacex-starship-2025-ce-urmeaza-dupa-testul-din-decembrie-mfrh-original.webp?resize=350%2C200&ssl=1","width":350,"height":200,"srcset":"https:\/\/i0.wp.com\/diagnozabam.ro\/sfaturi\/wp-content\/uploads\/2025\/12\/spacex-starship-2025-ce-urmeaza-dupa-testul-din-decembrie-mfrh-original.webp?resize=350%2C200&ssl=1 1x, https:\/\/i0.wp.com\/diagnozabam.ro\/sfaturi\/wp-content\/uploads\/2025\/12\/spacex-starship-2025-ce-urmeaza-dupa-testul-din-decembrie-mfrh-original.webp?resize=525%2C300&ssl=1 1.5x, https:\/\/i0.wp.com\/diagnozabam.ro\/sfaturi\/wp-content\/uploads\/2025\/12\/spacex-starship-2025-ce-urmeaza-dupa-testul-din-decembrie-mfrh-original.webp?resize=700%2C400&ssl=1 2x, https:\/\/i0.wp.com\/diagnozabam.ro\/sfaturi\/wp-content\/uploads\/2025\/12\/spacex-starship-2025-ce-urmeaza-dupa-testul-din-decembrie-mfrh-original.webp?resize=1050%2C600&ssl=1 3x, https:\/\/i0.wp.com\/diagnozabam.ro\/sfaturi\/wp-content\/uploads\/2025\/12\/spacex-starship-2025-ce-urmeaza-dupa-testul-din-decembrie-mfrh-original.webp?resize=1400%2C800&ssl=1 4x"},"classes":[]}],"jetpack_shortlink":"https:\/\/wp.me\/pf97go-2vZ","jetpack_featured_media_url":"https:\/\/diagnozabam.ro\/sfaturi\/wp-content\/uploads\/2024\/01\/breaking-nasa-amana-intoarcerea-oamenilor-pe-luna-care-este-noua-data-programata-pentru-aselenizare-mfrh-original.webp","pll_sync_post":[],"_links":{"self":[{"href":"https:\/\/diagnozabam.ro\/sfaturi\/wp-json\/wp\/v2\/posts\/9671","targetHints":{"allow":["GET"]}}],"collection":[{"href":"https:\/\/diagnozabam.ro\/sfaturi\/wp-json\/wp\/v2\/posts"}],"about":[{"href":"https:\/\/diagnozabam.ro\/sfaturi\/wp-json\/wp\/v2\/types\/post"}],"author":[{"embeddable":true,"href":"https:\/\/diagnozabam.ro\/sfaturi\/wp-json\/wp\/v2\/users\/1"}],"replies":[{"embeddable":true,"href":"https:\/\/diagnozabam.ro\/sfaturi\/wp-json\/wp\/v2\/comments?post=9671"}],"version-history":[{"count":2,"href":"https:\/\/diagnozabam.ro\/sfaturi\/wp-json\/wp\/v2\/posts\/9671\/revisions"}],"predecessor-version":[{"id":17139,"href":"https:\/\/diagnozabam.ro\/sfaturi\/wp-json\/wp\/v2\/posts\/9671\/revisions\/17139"}],"wp:featuredmedia":[{"embeddable":true,"href":"https:\/\/diagnozabam.ro\/sfaturi\/wp-json\/wp\/v2\/media\/9672"}],"wp:attachment":[{"href":"https:\/\/diagnozabam.ro\/sfaturi\/wp-json\/wp\/v2\/media?parent=9671"}],"wp:term":[{"taxonomy":"category","embeddable":true,"href":"https:\/\/diagnozabam.ro\/sfaturi\/wp-json\/wp\/v2\/categories?post=9671"},{"taxonomy":"post_tag","embeddable":true,"href":"https:\/\/diagnozabam.ro\/sfaturi\/wp-json\/wp\/v2\/tags?post=9671"}],"curies":[{"name":"wp","href":"https:\/\/api.w.org\/{rel}","templated":true}]}}